{"id":87454,"date":"2025-11-12T12:02:54","date_gmt":"2025-11-12T15:02:54","guid":{"rendered":"https:\/\/cleitonpinheiro.com.br\/site\/?p=87454"},"modified":"2025-11-12T12:02:58","modified_gmt":"2025-11-12T15:02:58","slug":"liderar-e-fazer-pertencer","status":"publish","type":"post","link":"https:\/\/cleitonpinheiro.com.br\/site\/liderar-e-fazer-pertencer\/","title":{"rendered":"Liderar \u00e9 fazer pertencer"},"content":{"rendered":"\n<figure class=\"wp-block-image size-full\"><img fetchpriority=\"high\" decoding=\"async\" width=\"300\" height=\"300\" src=\"https:\/\/cleitonpinheiro.com.br\/site\/wp-content\/uploads\/2025\/11\/unnamed.jpg\" alt=\"\" class=\"wp-image-87455\" srcset=\"https:\/\/cleitonpinheiro.com.br\/site\/wp-content\/uploads\/2025\/11\/unnamed.jpg 300w, https:\/\/cleitonpinheiro.com.br\/site\/wp-content\/uploads\/2025\/11\/unnamed-150x150.jpg 150w\" sizes=\"(max-width: 300px) 100vw, 300px\" \/><\/figure>\n\n\n\n<p>Por <strong>Jos\u00e9 Braga Ribeiro Neto<\/strong>, diretor do Col\u00e9gio Marista Palmas<\/p>\n\n\n\n<p>No dia 12 de novembro, celebramos o Dia do Diretor Escolar, e confesso que sempre recebo essa data com mais reflex\u00e3o do que celebra\u00e7\u00e3o. Ser diretor \u00e9 uma tarefa que ultrapassa cargos e t\u00edtulos: \u00e9, antes de tudo, um exerc\u00edcio di\u00e1rio de cuidado com o outro e de fidelidade ao prop\u00f3sito educativo que sustenta uma comunidade inteira.<\/p>\n\n\n\n<p>Em minha caminhada como diretor, aprendi que nenhuma estrat\u00e9gia \u00e9 mais poderosa que o sentido de perten\u00e7a. \u00c9 ele que d\u00e1 alma \u00e0 escola, que conecta o estudante ao seu col\u00e9gio, o colaborador \u00e0 sua miss\u00e3o e as fam\u00edlias \u00e0 confian\u00e7a de fazer parte de algo maior. Perten\u00e7a \u00e9 o sentimento silencioso que transforma uma institui\u00e7\u00e3o em comunidade e uma rotina em voca\u00e7\u00e3o.<\/p>\n\n\n\n<p>A lideran\u00e7a escolar, para mim, nasce da escuta. Escutar o que se diz e o que se cala. Escutar os gestos, as aus\u00eancias, as expectativas e as dores. \u00c9 na escuta que se constr\u00f3i confian\u00e7a, e \u00e9 da confian\u00e7a que nasce a corresponsabilidade, quando cada pessoa entende que tamb\u00e9m \u00e9 protagonista da hist\u00f3ria que estamos escrevendo juntos.<\/p>\n\n\n\n<p>Dirigir uma escola \u00e9 cuidar de um ecossistema de vidas. \u00c9 estar com o estudante que brilha nas olimp\u00edadas do conhecimento e com aquele que ainda busca seu lugar no mundo. \u00c9 apoiar o professor que inova e tamb\u00e9m o que precisa reencontrar sentido. \u00c9 olhar para cada colaborador e perceber nele um elo indispens\u00e1vel para que a miss\u00e3o educativa aconte\u00e7a com coer\u00eancia e amor.<\/p>\n\n\n\n<p>Liderar \u00e9 sustentar a vis\u00e3o, mas tamb\u00e9m as rela\u00e7\u00f5es. \u00c9 alinhar metas, mas sem perder o v\u00ednculo. \u00c9 projetar resultados, mas sem esquecer que, antes de qualquer n\u00famero, est\u00e3o pessoas. E pessoas s\u00f3 se entregam plenamente quando se sentem parte, quando percebem que o espa\u00e7o onde trabalham e estudam tamb\u00e9m lhes pertence.<\/p>\n\n\n\n<p>O diretor escolar, mais do que gestor, \u00e9 tecel\u00e3o de v\u00ednculos. \u00c9 quem costura as diferen\u00e7as, reconcilia os tempos e inspira confian\u00e7a mesmo quando o cen\u00e1rio \u00e9 desafiador. No fundo, liderar uma escola \u00e9 um ato de f\u00e9: f\u00e9 nas pessoas, na educa\u00e7\u00e3o e no futuro que ainda podemos construir juntos.<\/p>\n\n\n\n<p>No Col\u00e9gio Marista Palmas, minha maior miss\u00e3o \u00e9 essa: fazer cada pessoa se sentir pertencente. Porque quando algu\u00e9m se reconhece como parte da escola, tudo o que fazemos ganha sentido. E \u00e9 nesse pertencimento que mora a for\u00e7a de uma comunidade verdadeiramente educativa.<\/p>\n","protected":false},"excerpt":{"rendered":"<p>Por Jos\u00e9 Braga Ribeiro Neto, diretor do Col\u00e9gio Marista Palmas No dia 12 de novembro, celebramos o Dia do Diretor Escolar, e confesso que sempre recebo essa data com mais reflex\u00e3o do que celebra\u00e7\u00e3o. Ser diretor \u00e9 uma tarefa que ultrapassa cargos e t\u00edtulos: \u00e9, antes de tudo, um exerc\u00edcio di\u00e1rio de cuidado com o [&hellip;]<\/p>\n","protected":false},"author":13,"featured_media":87455,"comment_status":"open","ping_status":"open","sticky":false,"template":"","format":"standard","meta":{"_acf_changed":false,"footnotes":""},"categories":[24],"tags":[],"class_list":["post-87454","post","type-post","status-publish","format-standard","has-post-thumbnail","hentry","category-colunas"],"acf":[],"yoast_head":"<!-- This site is optimized with the Yoast SEO plugin v24.4 - https:\/\/yoast.com\/wordpress\/plugins\/seo\/ -->\n<title>Liderar \u00e9 fazer pertencer - PORTAL DE NOT\u00cdCIAS CLEITON PINHEIRO<\/title>\n<meta name=\"robots\" content=\"index, follow, max-snippet:-1, max-image-preview:large, max-video-preview:-1\" \/>\n<link rel=\"canonical\" href=\"https:\/\/cleitonpinheiro.com.br\/site\/liderar-e-fazer-pertencer\/\" \/>\n<meta property=\"og:locale\" content=\"pt_BR\" \/>\n<meta property=\"og:type\" content=\"article\" \/>\n<meta property=\"og:title\" content=\"Liderar \u00e9 fazer pertencer - PORTAL DE NOT\u00cdCIAS CLEITON PINHEIRO\" \/>\n<meta property=\"og:description\" content=\"Por Jos\u00e9 Braga Ribeiro Neto, diretor do Col\u00e9gio Marista Palmas No dia 12 de novembro, celebramos o Dia do Diretor Escolar, e confesso que sempre recebo essa data com mais reflex\u00e3o do que celebra\u00e7\u00e3o. Ser diretor \u00e9 uma tarefa que ultrapassa cargos e t\u00edtulos: \u00e9, antes de tudo, um exerc\u00edcio di\u00e1rio de cuidado com o [&hellip;]\" \/>\n<meta property=\"og:url\" content=\"https:\/\/cleitonpinheiro.com.br\/site\/liderar-e-fazer-pertencer\/\" \/>\n<meta property=\"og:site_name\" content=\"PORTAL DE NOT\u00cdCIAS CLEITON PINHEIRO\" \/>\n<meta property=\"article:publisher\" content=\"https:\/\/www.facebook.com\/portalcpnoticias\/\" \/>\n<meta property=\"article:published_time\" content=\"2025-11-12T15:02:54+00:00\" \/>\n<meta property=\"article:modified_time\" content=\"2025-11-12T15:02:58+00:00\" \/>\n<meta property=\"og:image\" content=\"https:\/\/cleitonpinheiro.com.br\/site\/wp-content\/uploads\/2025\/11\/unnamed.jpg\" \/>\n\t<meta property=\"og:image:width\" content=\"300\" \/>\n\t<meta property=\"og:image:height\" content=\"300\" \/>\n\t<meta property=\"og:image:type\" content=\"image\/jpeg\" \/>\n<meta name=\"author\" content=\"Reda\u00e7\u00e3o CP\" \/>\n<meta name=\"twitter:card\" content=\"summary_large_image\" \/>\n<meta name=\"twitter:label1\" content=\"Escrito por\" \/>\n\t<meta name=\"twitter:data1\" content=\"Reda\u00e7\u00e3o CP\" \/>\n\t<meta name=\"twitter:label2\" content=\"Est. tempo de leitura\" \/>\n\t<meta name=\"twitter:data2\" content=\"3 minutos\" \/>\n<script type=\"application\/ld+json\" class=\"yoast-schema-graph\">{\"@context\":\"https:\/\/schema.org\",\"@graph\":[{\"@type\":\"Article\",\"@id\":\"https:\/\/cleitonpinheiro.com.br\/site\/liderar-e-fazer-pertencer\/#article\",\"isPartOf\":{\"@id\":\"https:\/\/cleitonpinheiro.com.br\/site\/liderar-e-fazer-pertencer\/\"},\"author\":{\"name\":\"Reda\u00e7\u00e3o CP\",\"@id\":\"https:\/\/cleitonpinheiro.com.br\/site\/#\/schema\/person\/8f04544e0bc40a1b68775b08360f87db\"},\"headline\":\"Liderar \u00e9 fazer pertencer\",\"datePublished\":\"2025-11-12T15:02:54+00:00\",\"dateModified\":\"2025-11-12T15:02:58+00:00\",\"mainEntityOfPage\":{\"@id\":\"https:\/\/cleitonpinheiro.com.br\/site\/liderar-e-fazer-pertencer\/\"},\"wordCount\":423,\"commentCount\":0,\"publisher\":{\"@id\":\"https:\/\/cleitonpinheiro.com.br\/site\/#organization\"},\"image\":{\"@id\":\"https:\/\/cleitonpinheiro.com.br\/site\/liderar-e-fazer-pertencer\/#primaryimage\"},\"thumbnailUrl\":\"https:\/\/cleitonpinheiro.com.br\/site\/wp-content\/uploads\/2025\/11\/unnamed.jpg\",\"articleSection\":[\"COLUNAS\"],\"inLanguage\":\"pt-BR\",\"potentialAction\":[{\"@type\":\"CommentAction\",\"name\":\"Comment\",\"target\":[\"https:\/\/cleitonpinheiro.com.br\/site\/liderar-e-fazer-pertencer\/#respond\"]}]},{\"@type\":\"WebPage\",\"@id\":\"https:\/\/cleitonpinheiro.com.br\/site\/liderar-e-fazer-pertencer\/\",\"url\":\"https:\/\/cleitonpinheiro.com.br\/site\/liderar-e-fazer-pertencer\/\",\"name\":\"Liderar \u00e9 fazer pertencer - PORTAL DE NOT\u00cdCIAS CLEITON PINHEIRO\",\"isPartOf\":{\"@id\":\"https:\/\/cleitonpinheiro.com.br\/site\/#website\"},\"primaryImageOfPage\":{\"@id\":\"https:\/\/cleitonpinheiro.com.br\/site\/liderar-e-fazer-pertencer\/#primaryimage\"},\"image\":{\"@id\":\"https:\/\/cleitonpinheiro.com.br\/site\/liderar-e-fazer-pertencer\/#primaryimage\"},\"thumbnailUrl\":\"https:\/\/cleitonpinheiro.com.br\/site\/wp-content\/uploads\/2025\/11\/unnamed.jpg\",\"datePublished\":\"2025-11-12T15:02:54+00:00\",\"dateModified\":\"2025-11-12T15:02:58+00:00\",\"breadcrumb\":{\"@id\":\"https:\/\/cleitonpinheiro.com.br\/site\/liderar-e-fazer-pertencer\/#breadcrumb\"},\"inLanguage\":\"pt-BR\",\"potentialAction\":[{\"@type\":\"ReadAction\",\"target\":[\"https:\/\/cleitonpinheiro.com.br\/site\/liderar-e-fazer-pertencer\/\"]}]},{\"@type\":\"ImageObject\",\"inLanguage\":\"pt-BR\",\"@id\":\"https:\/\/cleitonpinheiro.com.br\/site\/liderar-e-fazer-pertencer\/#primaryimage\",\"url\":\"https:\/\/cleitonpinheiro.com.br\/site\/wp-content\/uploads\/2025\/11\/unnamed.jpg\",\"contentUrl\":\"https:\/\/cleitonpinheiro.com.br\/site\/wp-content\/uploads\/2025\/11\/unnamed.jpg\",\"width\":300,\"height\":300},{\"@type\":\"BreadcrumbList\",\"@id\":\"https:\/\/cleitonpinheiro.com.br\/site\/liderar-e-fazer-pertencer\/#breadcrumb\",\"itemListElement\":[{\"@type\":\"ListItem\",\"position\":1,\"name\":\"In\u00edcio\",\"item\":\"https:\/\/cleitonpinheiro.com.br\/site\/\"},{\"@type\":\"ListItem\",\"position\":2,\"name\":\"Liderar \u00e9 fazer pertencer\"}]},{\"@type\":\"WebSite\",\"@id\":\"https:\/\/cleitonpinheiro.com.br\/site\/#website\",\"url\":\"https:\/\/cleitonpinheiro.com.br\/site\/\",\"name\":\"PORTAL DE NOT\u00cdCIAS CLEITON PINHEIRO\",\"description\":\"FALANDO A VERDADE\",\"publisher\":{\"@id\":\"https:\/\/cleitonpinheiro.com.br\/site\/#organization\"},\"potentialAction\":[{\"@type\":\"SearchAction\",\"target\":{\"@type\":\"EntryPoint\",\"urlTemplate\":\"https:\/\/cleitonpinheiro.com.br\/site\/?s={search_term_string}\"},\"query-input\":{\"@type\":\"PropertyValueSpecification\",\"valueRequired\":true,\"valueName\":\"search_term_string\"}}],\"inLanguage\":\"pt-BR\"},{\"@type\":\"Organization\",\"@id\":\"https:\/\/cleitonpinheiro.com.br\/site\/#organization\",\"name\":\"CPNOT\u00cdCIAS\",\"url\":\"https:\/\/cleitonpinheiro.com.br\/site\/\",\"logo\":{\"@type\":\"ImageObject\",\"inLanguage\":\"pt-BR\",\"@id\":\"https:\/\/cleitonpinheiro.com.br\/site\/#\/schema\/logo\/image\/\",\"url\":\"https:\/\/cleitonpinheiro.com.br\/site\/wp-content\/uploads\/2022\/08\/Logo-pequena-2.png\",\"contentUrl\":\"https:\/\/cleitonpinheiro.com.br\/site\/wp-content\/uploads\/2022\/08\/Logo-pequena-2.png\",\"width\":500,\"height\":500,\"caption\":\"CPNOT\u00cdCIAS\"},\"image\":{\"@id\":\"https:\/\/cleitonpinheiro.com.br\/site\/#\/schema\/logo\/image\/\"},\"sameAs\":[\"https:\/\/www.facebook.com\/portalcpnoticias\/\"]},{\"@type\":\"Person\",\"@id\":\"https:\/\/cleitonpinheiro.com.br\/site\/#\/schema\/person\/8f04544e0bc40a1b68775b08360f87db\",\"name\":\"Reda\u00e7\u00e3o CP\",\"image\":{\"@type\":\"ImageObject\",\"inLanguage\":\"pt-BR\",\"@id\":\"https:\/\/cleitonpinheiro.com.br\/site\/#\/schema\/person\/image\/\",\"url\":\"https:\/\/secure.gravatar.com\/avatar\/0bcf19cb29fdc8fc588c490c7ae1b3e174dac268586a63fbe1d1893a0f9020cd?s=96&r=g\",\"contentUrl\":\"https:\/\/secure.gravatar.com\/avatar\/0bcf19cb29fdc8fc588c490c7ae1b3e174dac268586a63fbe1d1893a0f9020cd?s=96&r=g\",\"caption\":\"Reda\u00e7\u00e3o CP\"},\"url\":\"https:\/\/cleitonpinheiro.com.br\/site\/author\/redacao\/\"}]}<\/script>\n<!-- \/ Yoast SEO plugin. -->","yoast_head_json":{"title":"Liderar \u00e9 fazer pertencer - PORTAL DE NOT\u00cdCIAS CLEITON PINHEIRO","robots":{"index":"index","follow":"follow","max-snippet":"max-snippet:-1","max-image-preview":"max-image-preview:large","max-video-preview":"max-video-preview:-1"},"canonical":"https:\/\/cleitonpinheiro.com.br\/site\/liderar-e-fazer-pertencer\/","og_locale":"pt_BR","og_type":"article","og_title":"Liderar \u00e9 fazer pertencer - PORTAL DE NOT\u00cdCIAS CLEITON PINHEIRO","og_description":"Por Jos\u00e9 Braga Ribeiro Neto, diretor do Col\u00e9gio Marista Palmas No dia 12 de novembro, celebramos o Dia do Diretor Escolar, e confesso que sempre recebo essa data com mais reflex\u00e3o do que celebra\u00e7\u00e3o. Ser diretor \u00e9 uma tarefa que ultrapassa cargos e t\u00edtulos: \u00e9, antes de tudo, um exerc\u00edcio di\u00e1rio de cuidado com o [&hellip;]","og_url":"https:\/\/cleitonpinheiro.com.br\/site\/liderar-e-fazer-pertencer\/","og_site_name":"PORTAL DE NOT\u00cdCIAS CLEITON PINHEIRO","article_publisher":"https:\/\/www.facebook.com\/portalcpnoticias\/","article_published_time":"2025-11-12T15:02:54+00:00","article_modified_time":"2025-11-12T15:02:58+00:00","og_image":[{"width":300,"height":300,"url":"https:\/\/cleitonpinheiro.com.br\/site\/wp-content\/uploads\/2025\/11\/unnamed.jpg","type":"image\/jpeg"}],"author":"Reda\u00e7\u00e3o CP","twitter_card":"summary_large_image","twitter_misc":{"Escrito por":"Reda\u00e7\u00e3o CP","Est. tempo de leitura":"3 minutos"},"schema":{"@context":"https:\/\/schema.org","@graph":[{"@type":"Article","@id":"https:\/\/cleitonpinheiro.com.br\/site\/liderar-e-fazer-pertencer\/#article","isPartOf":{"@id":"https:\/\/cleitonpinheiro.com.br\/site\/liderar-e-fazer-pertencer\/"},"author":{"name":"Reda\u00e7\u00e3o CP","@id":"https:\/\/cleitonpinheiro.com.br\/site\/#\/schema\/person\/8f04544e0bc40a1b68775b08360f87db"},"headline":"Liderar \u00e9 fazer pertencer","datePublished":"2025-11-12T15:02:54+00:00","dateModified":"2025-11-12T15:02:58+00:00","mainEntityOfPage":{"@id":"https:\/\/cleitonpinheiro.com.br\/site\/liderar-e-fazer-pertencer\/"},"wordCount":423,"commentCount":0,"publisher":{"@id":"https:\/\/cleitonpinheiro.com.br\/site\/#organization"},"image":{"@id":"https:\/\/cleitonpinheiro.com.br\/site\/liderar-e-fazer-pertencer\/#primaryimage"},"thumbnailUrl":"https:\/\/cleitonpinheiro.com.br\/site\/wp-content\/uploads\/2025\/11\/unnamed.jpg","articleSection":["COLUNAS"],"inLanguage":"pt-BR","potentialAction":[{"@type":"CommentAction","name":"Comment","target":["https:\/\/cleitonpinheiro.com.br\/site\/liderar-e-fazer-pertencer\/#respond"]}]},{"@type":"WebPage","@id":"https:\/\/cleitonpinheiro.com.br\/site\/liderar-e-fazer-pertencer\/","url":"https:\/\/cleitonpinheiro.com.br\/site\/liderar-e-fazer-pertencer\/","name":"Liderar \u00e9 fazer pertencer - PORTAL DE NOT\u00cdCIAS CLEITON PINHEIRO","isPartOf":{"@id":"https:\/\/cleitonpinheiro.com.br\/site\/#website"},"primaryImageOfPage":{"@id":"https:\/\/cleitonpinheiro.com.br\/site\/liderar-e-fazer-pertencer\/#primaryimage"},"image":{"@id":"https:\/\/cleitonpinheiro.com.br\/site\/liderar-e-fazer-pertencer\/#primaryimage"},"thumbnailUrl":"https:\/\/cleitonpinheiro.com.br\/site\/wp-content\/uploads\/2025\/11\/unnamed.jpg","datePublished":"2025-11-12T15:02:54+00:00","dateModified":"2025-11-12T15:02:58+00:00","breadcrumb":{"@id":"https:\/\/cleitonpinheiro.com.br\/site\/liderar-e-fazer-pertencer\/#breadcrumb"},"inLanguage":"pt-BR","potentialAction":[{"@type":"ReadAction","target":["https:\/\/cleitonpinheiro.com.br\/site\/liderar-e-fazer-pertencer\/"]}]},{"@type":"ImageObject","inLanguage":"pt-BR","@id":"https:\/\/cleitonpinheiro.com.br\/site\/liderar-e-fazer-pertencer\/#primaryimage","url":"https:\/\/cleitonpinheiro.com.br\/site\/wp-content\/uploads\/2025\/11\/unnamed.jpg","contentUrl":"https:\/\/cleitonpinheiro.com.br\/site\/wp-content\/uploads\/2025\/11\/unnamed.jpg","width":300,"height":300},{"@type":"BreadcrumbList","@id":"https:\/\/cleitonpinheiro.com.br\/site\/liderar-e-fazer-pertencer\/#breadcrumb","itemListElement":[{"@type":"ListItem","position":1,"name":"In\u00edcio","item":"https:\/\/cleitonpinheiro.com.br\/site\/"},{"@type":"ListItem","position":2,"name":"Liderar \u00e9 fazer pertencer"}]},{"@type":"WebSite","@id":"https:\/\/cleitonpinheiro.com.br\/site\/#website","url":"https:\/\/cleitonpinheiro.com.br\/site\/","name":"PORTAL DE NOT\u00cdCIAS CLEITON PINHEIRO","description":"FALANDO A VERDADE","publisher":{"@id":"https:\/\/cleitonpinheiro.com.br\/site\/#organization"},"potentialAction":[{"@type":"SearchAction","target":{"@type":"EntryPoint","urlTemplate":"https:\/\/cleitonpinheiro.com.br\/site\/?s={search_term_string}"},"query-input":{"@type":"PropertyValueSpecification","valueRequired":true,"valueName":"search_term_string"}}],"inLanguage":"pt-BR"},{"@type":"Organization","@id":"https:\/\/cleitonpinheiro.com.br\/site\/#organization","name":"CPNOT\u00cdCIAS","url":"https:\/\/cleitonpinheiro.com.br\/site\/","logo":{"@type":"ImageObject","inLanguage":"pt-BR","@id":"https:\/\/cleitonpinheiro.com.br\/site\/#\/schema\/logo\/image\/","url":"https:\/\/cleitonpinheiro.com.br\/site\/wp-content\/uploads\/2022\/08\/Logo-pequena-2.png","contentUrl":"https:\/\/cleitonpinheiro.com.br\/site\/wp-content\/uploads\/2022\/08\/Logo-pequena-2.png","width":500,"height":500,"caption":"CPNOT\u00cdCIAS"},"image":{"@id":"https:\/\/cleitonpinheiro.com.br\/site\/#\/schema\/logo\/image\/"},"sameAs":["https:\/\/www.facebook.com\/portalcpnoticias\/"]},{"@type":"Person","@id":"https:\/\/cleitonpinheiro.com.br\/site\/#\/schema\/person\/8f04544e0bc40a1b68775b08360f87db","name":"Reda\u00e7\u00e3o CP","image":{"@type":"ImageObject","inLanguage":"pt-BR","@id":"https:\/\/cleitonpinheiro.com.br\/site\/#\/schema\/person\/image\/","url":"https:\/\/secure.gravatar.com\/avatar\/0bcf19cb29fdc8fc588c490c7ae1b3e174dac268586a63fbe1d1893a0f9020cd?s=96&r=g","contentUrl":"https:\/\/secure.gravatar.com\/avatar\/0bcf19cb29fdc8fc588c490c7ae1b3e174dac268586a63fbe1d1893a0f9020cd?s=96&r=g","caption":"Reda\u00e7\u00e3o CP"},"url":"https:\/\/cleitonpinheiro.com.br\/site\/author\/redacao\/"}]}},"views":1357,"_links":{"self":[{"href":"https:\/\/cleitonpinheiro.com.br\/site\/wp-json\/wp\/v2\/posts\/87454","targetHints":{"allow":["GET"]}}],"collection":[{"href":"https:\/\/cleitonpinheiro.com.br\/site\/wp-json\/wp\/v2\/posts"}],"about":[{"href":"https:\/\/cleitonpinheiro.com.br\/site\/wp-json\/wp\/v2\/types\/post"}],"author":[{"embeddable":true,"href":"https:\/\/cleitonpinheiro.com.br\/site\/wp-json\/wp\/v2\/users\/13"}],"replies":[{"embeddable":true,"href":"https:\/\/cleitonpinheiro.com.br\/site\/wp-json\/wp\/v2\/comments?post=87454"}],"version-history":[{"count":1,"href":"https:\/\/cleitonpinheiro.com.br\/site\/wp-json\/wp\/v2\/posts\/87454\/revisions"}],"predecessor-version":[{"id":87456,"href":"https:\/\/cleitonpinheiro.com.br\/site\/wp-json\/wp\/v2\/posts\/87454\/revisions\/87456"}],"wp:featuredmedia":[{"embeddable":true,"href":"https:\/\/cleitonpinheiro.com.br\/site\/wp-json\/wp\/v2\/media\/87455"}],"wp:attachment":[{"href":"https:\/\/cleitonpinheiro.com.br\/site\/wp-json\/wp\/v2\/media?parent=87454"}],"wp:term":[{"taxonomy":"category","embeddable":true,"href":"https:\/\/cleitonpinheiro.com.br\/site\/wp-json\/wp\/v2\/categories?post=87454"},{"taxonomy":"post_tag","embeddable":true,"href":"https:\/\/cleitonpinheiro.com.br\/site\/wp-json\/wp\/v2\/tags?post=87454"}],"curies":[{"name":"wp","href":"https:\/\/api.w.org\/{rel}","templated":true}]}}