{"id":87561,"date":"2025-11-28T15:03:03","date_gmt":"2025-11-28T18:03:03","guid":{"rendered":"https:\/\/cleitonpinheiro.com.br\/site\/?p=87561"},"modified":"2025-11-28T15:03:08","modified_gmt":"2025-11-28T18:03:08","slug":"brasil-perde-para-italia-nos-penaltis-e-fica-em-4o-no-mundial-sub-17","status":"publish","type":"post","link":"https:\/\/cleitonpinheiro.com.br\/site\/brasil-perde-para-italia-nos-penaltis-e-fica-em-4o-no-mundial-sub-17\/","title":{"rendered":"Brasil perde para It\u00e1lia nos p\u00eanaltis e fica em 4\u00ba no Mundial Sub-17"},"content":{"rendered":"\n<figure class=\"wp-block-image size-large\"><img fetchpriority=\"high\" decoding=\"async\" width=\"1024\" height=\"613\" src=\"https:\/\/cleitonpinheiro.com.br\/site\/wp-content\/uploads\/2025\/11\/selecao_sub_17_quarto_lugar_mundial_2024-1024x613.webp\" alt=\"\" class=\"wp-image-87562\" srcset=\"https:\/\/cleitonpinheiro.com.br\/site\/wp-content\/uploads\/2025\/11\/selecao_sub_17_quarto_lugar_mundial_2024-1024x613.webp 1024w, https:\/\/cleitonpinheiro.com.br\/site\/wp-content\/uploads\/2025\/11\/selecao_sub_17_quarto_lugar_mundial_2024-300x179.webp 300w, https:\/\/cleitonpinheiro.com.br\/site\/wp-content\/uploads\/2025\/11\/selecao_sub_17_quarto_lugar_mundial_2024-768x459.webp 768w, https:\/\/cleitonpinheiro.com.br\/site\/wp-content\/uploads\/2025\/11\/selecao_sub_17_quarto_lugar_mundial_2024.webp 1170w\" sizes=\"(max-width: 1024px) 100vw, 1024px\" \/><figcaption class=\"wp-element-caption\">\u00a9 Nelson Termer\/CBF\/Direitos Reservados\n<\/figcaption><\/figure>\n\n\n\n<p>A sele\u00e7\u00e3o brasileira masculina Sub-17 terminou o Campeonato Mundial Sub-17 em Doha (Catar) na quarta posi\u00e7\u00e3o, ap\u00f3s ser superada pela It\u00e1lia por 4 a 2 na cobran\u00e7a de p\u00eanaltis no complexo esportivo Aspire Zone. Mesmo com um jogador a menos expulso aos 12 minutos de jogo, o Brasil segurou o empate sem gols at\u00e9 o final do tempo regulamentar (90 minutos) da disputa por medalha de bronze. Na defini\u00e7\u00e3o do placar nas penalidades, Jo\u00e3o Pedro chegou a pegar a cobran\u00e7a do italiano Andr\u00e9 Luongo, mas o goleiro Longoni realizou duas defesas &#8211; chutes dos brasileiros Luiz Pacheco e Luiz Eduardo \u2013 e a Azzurra assegurou a terceira posi\u00e7\u00e3o no p\u00f3dio.<img decoding=\"async\" src=\"https:\/\/agenciabrasil.ebc.com.br\/ebc.png?id=1669905&amp;o=node\"><img decoding=\"async\" src=\"https:\/\/agenciabrasil.ebc.com.br\/ebc.gif?id=1669905&amp;o=node\"><\/p>\n\n\n\n<p>Embora tenha deixado escapar o bronze, o Brasil encerrou o Mundial se perder sequer uma partida nos 90 minutos. A Amarelinha somou duas vit\u00f3rias e seis empates em oito jogos. Nas partidas eliminat\u00f3rias, o Brasil eliminou nos p\u00eanaltis o&nbsp; Paraguai nas oitavas de final e tamb\u00e9m a Fran\u00e7a nas quartas. Depois, nas semifinais,&nbsp;&nbsp;a sele\u00e7\u00e3o comandada pelo t\u00e9cnico Carlos Eduardo Patetuci&nbsp;foi superada nos p\u00eanaltis, para Portugal.<\/p>\n\n\n\n<p>Ap\u00f3s a decis\u00e3o do terceiro lugar, a sele\u00e7\u00e3o lusitana faturou o t\u00edtulo in\u00e9dito do Mundial Sub-17 ap\u00f3s derrotar a \u00c1ustria por 1 a 0, no Est\u00e1dio Internacional Khalifa, em Doha. O jogador An\u00edsio Cabral fez o \u00fanico gol da final, aos 31 minutos iniciais, e selou a vit\u00f3ria e a conquista do t\u00edtulo. A \u00c1ustria foi vice-campe\u00e3 do Mundial, que pela primeira vez reuniu 48 sele\u00e7\u00f5es.<\/p>\n\n\n\n<p>O Brasil soma quatro t\u00edtulos mundiais na categoria Sub-17: levantou a ta\u00e7a em 1997, 1999, 2003 e 2019.<\/p>\n\n\n\n<p>Texto: Ag\u00eancia Brasil<\/p>\n","protected":false},"excerpt":{"rendered":"<p>A sele\u00e7\u00e3o brasileira masculina Sub-17 terminou o Campeonato Mundial Sub-17 em Doha (Catar) na quarta posi\u00e7\u00e3o, ap\u00f3s ser superada pela It\u00e1lia por 4 a 2 na cobran\u00e7a de p\u00eanaltis no complexo esportivo Aspire Zone. Mesmo com um jogador a menos expulso aos 12 minutos de jogo, o Brasil segurou o empate sem gols at\u00e9 o [&hellip;]<\/p>\n","protected":false},"author":13,"featured_media":87562,"comment_status":"open","ping_status":"open","sticky":false,"template":"","format":"standard","meta":{"_acf_changed":false,"footnotes":""},"categories":[1,20,21],"tags":[],"class_list":["post-87561","post","type-post","status-publish","format-standard","has-post-thumbnail","hentry","category-esporte","category-noticias-em-destaque","category-todas-noticias"],"acf":[],"yoast_head":"<!-- This site is optimized with the Yoast SEO plugin v24.4 - https:\/\/yoast.com\/wordpress\/plugins\/seo\/ -->\n<title>Brasil perde para It\u00e1lia nos p\u00eanaltis e fica em 4\u00ba no Mundial Sub-17 - PORTAL DE NOT\u00cdCIAS CLEITON PINHEIRO<\/title>\n<meta name=\"robots\" content=\"index, follow, max-snippet:-1, max-image-preview:large, max-video-preview:-1\" \/>\n<link rel=\"canonical\" href=\"https:\/\/cleitonpinheiro.com.br\/site\/brasil-perde-para-italia-nos-penaltis-e-fica-em-4o-no-mundial-sub-17\/\" \/>\n<meta property=\"og:locale\" content=\"pt_BR\" \/>\n<meta property=\"og:type\" content=\"article\" \/>\n<meta property=\"og:title\" content=\"Brasil perde para It\u00e1lia nos p\u00eanaltis e fica em 4\u00ba no Mundial Sub-17 - PORTAL DE NOT\u00cdCIAS CLEITON PINHEIRO\" \/>\n<meta property=\"og:description\" content=\"A sele\u00e7\u00e3o brasileira masculina Sub-17 terminou o Campeonato Mundial Sub-17 em Doha (Catar) na quarta posi\u00e7\u00e3o, ap\u00f3s ser superada pela It\u00e1lia por 4 a 2 na cobran\u00e7a de p\u00eanaltis no complexo esportivo Aspire Zone. Mesmo com um jogador a menos expulso aos 12 minutos de jogo, o Brasil segurou o empate sem gols at\u00e9 o [&hellip;]\" \/>\n<meta property=\"og:url\" content=\"https:\/\/cleitonpinheiro.com.br\/site\/brasil-perde-para-italia-nos-penaltis-e-fica-em-4o-no-mundial-sub-17\/\" \/>\n<meta property=\"og:site_name\" content=\"PORTAL DE NOT\u00cdCIAS CLEITON PINHEIRO\" \/>\n<meta property=\"article:publisher\" content=\"https:\/\/www.facebook.com\/portalcpnoticias\/\" \/>\n<meta property=\"article:published_time\" content=\"2025-11-28T18:03:03+00:00\" \/>\n<meta property=\"article:modified_time\" content=\"2025-11-28T18:03:08+00:00\" \/>\n<meta property=\"og:image\" content=\"https:\/\/cleitonpinheiro.com.br\/site\/wp-content\/uploads\/2025\/11\/selecao_sub_17_quarto_lugar_mundial_2024.webp\" \/>\n\t<meta property=\"og:image:width\" content=\"1170\" \/>\n\t<meta property=\"og:image:height\" content=\"700\" \/>\n\t<meta property=\"og:image:type\" content=\"image\/webp\" \/>\n<meta name=\"author\" content=\"Reda\u00e7\u00e3o CP\" \/>\n<meta name=\"twitter:card\" content=\"summary_large_image\" \/>\n<meta name=\"twitter:label1\" content=\"Escrito por\" \/>\n\t<meta name=\"twitter:data1\" content=\"Reda\u00e7\u00e3o CP\" \/>\n\t<meta name=\"twitter:label2\" content=\"Est. tempo de leitura\" \/>\n\t<meta name=\"twitter:data2\" content=\"3 minutos\" \/>\n<script type=\"application\/ld+json\" class=\"yoast-schema-graph\">{\"@context\":\"https:\/\/schema.org\",\"@graph\":[{\"@type\":\"Article\",\"@id\":\"https:\/\/cleitonpinheiro.com.br\/site\/brasil-perde-para-italia-nos-penaltis-e-fica-em-4o-no-mundial-sub-17\/#article\",\"isPartOf\":{\"@id\":\"https:\/\/cleitonpinheiro.com.br\/site\/brasil-perde-para-italia-nos-penaltis-e-fica-em-4o-no-mundial-sub-17\/\"},\"author\":{\"name\":\"Reda\u00e7\u00e3o CP\",\"@id\":\"https:\/\/cleitonpinheiro.com.br\/site\/#\/schema\/person\/8f04544e0bc40a1b68775b08360f87db\"},\"headline\":\"Brasil perde para It\u00e1lia nos p\u00eanaltis e fica em 4\u00ba no Mundial Sub-17\",\"datePublished\":\"2025-11-28T18:03:03+00:00\",\"dateModified\":\"2025-11-28T18:03:08+00:00\",\"mainEntityOfPage\":{\"@id\":\"https:\/\/cleitonpinheiro.com.br\/site\/brasil-perde-para-italia-nos-penaltis-e-fica-em-4o-no-mundial-sub-17\/\"},\"wordCount\":306,\"commentCount\":0,\"publisher\":{\"@id\":\"https:\/\/cleitonpinheiro.com.br\/site\/#organization\"},\"image\":{\"@id\":\"https:\/\/cleitonpinheiro.com.br\/site\/brasil-perde-para-italia-nos-penaltis-e-fica-em-4o-no-mundial-sub-17\/#primaryimage\"},\"thumbnailUrl\":\"https:\/\/cleitonpinheiro.com.br\/site\/wp-content\/uploads\/2025\/11\/selecao_sub_17_quarto_lugar_mundial_2024.webp\",\"articleSection\":[\"ESPORTE\",\"NOT\u00cdCIAS EM DESTAQUE\",\"TODAS NOTICIAS\"],\"inLanguage\":\"pt-BR\",\"potentialAction\":[{\"@type\":\"CommentAction\",\"name\":\"Comment\",\"target\":[\"https:\/\/cleitonpinheiro.com.br\/site\/brasil-perde-para-italia-nos-penaltis-e-fica-em-4o-no-mundial-sub-17\/#respond\"]}]},{\"@type\":\"WebPage\",\"@id\":\"https:\/\/cleitonpinheiro.com.br\/site\/brasil-perde-para-italia-nos-penaltis-e-fica-em-4o-no-mundial-sub-17\/\",\"url\":\"https:\/\/cleitonpinheiro.com.br\/site\/brasil-perde-para-italia-nos-penaltis-e-fica-em-4o-no-mundial-sub-17\/\",\"name\":\"Brasil perde para It\u00e1lia nos p\u00eanaltis e fica em 4\u00ba no Mundial Sub-17 - PORTAL DE NOT\u00cdCIAS CLEITON PINHEIRO\",\"isPartOf\":{\"@id\":\"https:\/\/cleitonpinheiro.com.br\/site\/#website\"},\"primaryImageOfPage\":{\"@id\":\"https:\/\/cleitonpinheiro.com.br\/site\/brasil-perde-para-italia-nos-penaltis-e-fica-em-4o-no-mundial-sub-17\/#primaryimage\"},\"image\":{\"@id\":\"https:\/\/cleitonpinheiro.com.br\/site\/brasil-perde-para-italia-nos-penaltis-e-fica-em-4o-no-mundial-sub-17\/#primaryimage\"},\"thumbnailUrl\":\"https:\/\/cleitonpinheiro.com.br\/site\/wp-content\/uploads\/2025\/11\/selecao_sub_17_quarto_lugar_mundial_2024.webp\",\"datePublished\":\"2025-11-28T18:03:03+00:00\",\"dateModified\":\"2025-11-28T18:03:08+00:00\",\"breadcrumb\":{\"@id\":\"https:\/\/cleitonpinheiro.com.br\/site\/brasil-perde-para-italia-nos-penaltis-e-fica-em-4o-no-mundial-sub-17\/#breadcrumb\"},\"inLanguage\":\"pt-BR\",\"potentialAction\":[{\"@type\":\"ReadAction\",\"target\":[\"https:\/\/cleitonpinheiro.com.br\/site\/brasil-perde-para-italia-nos-penaltis-e-fica-em-4o-no-mundial-sub-17\/\"]}]},{\"@type\":\"ImageObject\",\"inLanguage\":\"pt-BR\",\"@id\":\"https:\/\/cleitonpinheiro.com.br\/site\/brasil-perde-para-italia-nos-penaltis-e-fica-em-4o-no-mundial-sub-17\/#primaryimage\",\"url\":\"https:\/\/cleitonpinheiro.com.br\/site\/wp-content\/uploads\/2025\/11\/selecao_sub_17_quarto_lugar_mundial_2024.webp\",\"contentUrl\":\"https:\/\/cleitonpinheiro.com.br\/site\/wp-content\/uploads\/2025\/11\/selecao_sub_17_quarto_lugar_mundial_2024.webp\",\"width\":1170,\"height\":700,\"caption\":\"\u00a9 Nelson Termer\/CBF\/Direitos Reservados\"},{\"@type\":\"BreadcrumbList\",\"@id\":\"https:\/\/cleitonpinheiro.com.br\/site\/brasil-perde-para-italia-nos-penaltis-e-fica-em-4o-no-mundial-sub-17\/#breadcrumb\",\"itemListElement\":[{\"@type\":\"ListItem\",\"position\":1,\"name\":\"In\u00edcio\",\"item\":\"https:\/\/cleitonpinheiro.com.br\/site\/\"},{\"@type\":\"ListItem\",\"position\":2,\"name\":\"Brasil perde para It\u00e1lia nos p\u00eanaltis e fica em 4\u00ba no Mundial Sub-17\"}]},{\"@type\":\"WebSite\",\"@id\":\"https:\/\/cleitonpinheiro.com.br\/site\/#website\",\"url\":\"https:\/\/cleitonpinheiro.com.br\/site\/\",\"name\":\"PORTAL DE NOT\u00cdCIAS CLEITON PINHEIRO\",\"description\":\"FALANDO A VERDADE\",\"publisher\":{\"@id\":\"https:\/\/cleitonpinheiro.com.br\/site\/#organization\"},\"potentialAction\":[{\"@type\":\"SearchAction\",\"target\":{\"@type\":\"EntryPoint\",\"urlTemplate\":\"https:\/\/cleitonpinheiro.com.br\/site\/?s={search_term_string}\"},\"query-input\":{\"@type\":\"PropertyValueSpecification\",\"valueRequired\":true,\"valueName\":\"search_term_string\"}}],\"inLanguage\":\"pt-BR\"},{\"@type\":\"Organization\",\"@id\":\"https:\/\/cleitonpinheiro.com.br\/site\/#organization\",\"name\":\"CPNOT\u00cdCIAS\",\"url\":\"https:\/\/cleitonpinheiro.com.br\/site\/\",\"logo\":{\"@type\":\"ImageObject\",\"inLanguage\":\"pt-BR\",\"@id\":\"https:\/\/cleitonpinheiro.com.br\/site\/#\/schema\/logo\/image\/\",\"url\":\"https:\/\/cleitonpinheiro.com.br\/site\/wp-content\/uploads\/2022\/08\/Logo-pequena-2.png\",\"contentUrl\":\"https:\/\/cleitonpinheiro.com.br\/site\/wp-content\/uploads\/2022\/08\/Logo-pequena-2.png\",\"width\":500,\"height\":500,\"caption\":\"CPNOT\u00cdCIAS\"},\"image\":{\"@id\":\"https:\/\/cleitonpinheiro.com.br\/site\/#\/schema\/logo\/image\/\"},\"sameAs\":[\"https:\/\/www.facebook.com\/portalcpnoticias\/\"]},{\"@type\":\"Person\",\"@id\":\"https:\/\/cleitonpinheiro.com.br\/site\/#\/schema\/person\/8f04544e0bc40a1b68775b08360f87db\",\"name\":\"Reda\u00e7\u00e3o CP\",\"image\":{\"@type\":\"ImageObject\",\"inLanguage\":\"pt-BR\",\"@id\":\"https:\/\/cleitonpinheiro.com.br\/site\/#\/schema\/person\/image\/\",\"url\":\"https:\/\/secure.gravatar.com\/avatar\/0bcf19cb29fdc8fc588c490c7ae1b3e174dac268586a63fbe1d1893a0f9020cd?s=96&r=g\",\"contentUrl\":\"https:\/\/secure.gravatar.com\/avatar\/0bcf19cb29fdc8fc588c490c7ae1b3e174dac268586a63fbe1d1893a0f9020cd?s=96&r=g\",\"caption\":\"Reda\u00e7\u00e3o CP\"},\"url\":\"https:\/\/cleitonpinheiro.com.br\/site\/author\/redacao\/\"}]}<\/script>\n<!-- \/ Yoast SEO plugin. -->","yoast_head_json":{"title":"Brasil perde para It\u00e1lia nos p\u00eanaltis e fica em 4\u00ba no Mundial Sub-17 - PORTAL DE NOT\u00cdCIAS CLEITON PINHEIRO","robots":{"index":"index","follow":"follow","max-snippet":"max-snippet:-1","max-image-preview":"max-image-preview:large","max-video-preview":"max-video-preview:-1"},"canonical":"https:\/\/cleitonpinheiro.com.br\/site\/brasil-perde-para-italia-nos-penaltis-e-fica-em-4o-no-mundial-sub-17\/","og_locale":"pt_BR","og_type":"article","og_title":"Brasil perde para It\u00e1lia nos p\u00eanaltis e fica em 4\u00ba no Mundial Sub-17 - PORTAL DE NOT\u00cdCIAS CLEITON PINHEIRO","og_description":"A sele\u00e7\u00e3o brasileira masculina Sub-17 terminou o Campeonato Mundial Sub-17 em Doha (Catar) na quarta posi\u00e7\u00e3o, ap\u00f3s ser superada pela It\u00e1lia por 4 a 2 na cobran\u00e7a de p\u00eanaltis no complexo esportivo Aspire Zone. Mesmo com um jogador a menos expulso aos 12 minutos de jogo, o Brasil segurou o empate sem gols at\u00e9 o [&hellip;]","og_url":"https:\/\/cleitonpinheiro.com.br\/site\/brasil-perde-para-italia-nos-penaltis-e-fica-em-4o-no-mundial-sub-17\/","og_site_name":"PORTAL DE NOT\u00cdCIAS CLEITON PINHEIRO","article_publisher":"https:\/\/www.facebook.com\/portalcpnoticias\/","article_published_time":"2025-11-28T18:03:03+00:00","article_modified_time":"2025-11-28T18:03:08+00:00","og_image":[{"width":1170,"height":700,"url":"https:\/\/cleitonpinheiro.com.br\/site\/wp-content\/uploads\/2025\/11\/selecao_sub_17_quarto_lugar_mundial_2024.webp","type":"image\/webp"}],"author":"Reda\u00e7\u00e3o CP","twitter_card":"summary_large_image","twitter_misc":{"Escrito por":"Reda\u00e7\u00e3o CP","Est. tempo de leitura":"3 minutos"},"schema":{"@context":"https:\/\/schema.org","@graph":[{"@type":"Article","@id":"https:\/\/cleitonpinheiro.com.br\/site\/brasil-perde-para-italia-nos-penaltis-e-fica-em-4o-no-mundial-sub-17\/#article","isPartOf":{"@id":"https:\/\/cleitonpinheiro.com.br\/site\/brasil-perde-para-italia-nos-penaltis-e-fica-em-4o-no-mundial-sub-17\/"},"author":{"name":"Reda\u00e7\u00e3o CP","@id":"https:\/\/cleitonpinheiro.com.br\/site\/#\/schema\/person\/8f04544e0bc40a1b68775b08360f87db"},"headline":"Brasil perde para It\u00e1lia nos p\u00eanaltis e fica em 4\u00ba no Mundial Sub-17","datePublished":"2025-11-28T18:03:03+00:00","dateModified":"2025-11-28T18:03:08+00:00","mainEntityOfPage":{"@id":"https:\/\/cleitonpinheiro.com.br\/site\/brasil-perde-para-italia-nos-penaltis-e-fica-em-4o-no-mundial-sub-17\/"},"wordCount":306,"commentCount":0,"publisher":{"@id":"https:\/\/cleitonpinheiro.com.br\/site\/#organization"},"image":{"@id":"https:\/\/cleitonpinheiro.com.br\/site\/brasil-perde-para-italia-nos-penaltis-e-fica-em-4o-no-mundial-sub-17\/#primaryimage"},"thumbnailUrl":"https:\/\/cleitonpinheiro.com.br\/site\/wp-content\/uploads\/2025\/11\/selecao_sub_17_quarto_lugar_mundial_2024.webp","articleSection":["ESPORTE","NOT\u00cdCIAS EM DESTAQUE","TODAS NOTICIAS"],"inLanguage":"pt-BR","potentialAction":[{"@type":"CommentAction","name":"Comment","target":["https:\/\/cleitonpinheiro.com.br\/site\/brasil-perde-para-italia-nos-penaltis-e-fica-em-4o-no-mundial-sub-17\/#respond"]}]},{"@type":"WebPage","@id":"https:\/\/cleitonpinheiro.com.br\/site\/brasil-perde-para-italia-nos-penaltis-e-fica-em-4o-no-mundial-sub-17\/","url":"https:\/\/cleitonpinheiro.com.br\/site\/brasil-perde-para-italia-nos-penaltis-e-fica-em-4o-no-mundial-sub-17\/","name":"Brasil perde para It\u00e1lia nos p\u00eanaltis e fica em 4\u00ba no Mundial Sub-17 - PORTAL DE NOT\u00cdCIAS CLEITON PINHEIRO","isPartOf":{"@id":"https:\/\/cleitonpinheiro.com.br\/site\/#website"},"primaryImageOfPage":{"@id":"https:\/\/cleitonpinheiro.com.br\/site\/brasil-perde-para-italia-nos-penaltis-e-fica-em-4o-no-mundial-sub-17\/#primaryimage"},"image":{"@id":"https:\/\/cleitonpinheiro.com.br\/site\/brasil-perde-para-italia-nos-penaltis-e-fica-em-4o-no-mundial-sub-17\/#primaryimage"},"thumbnailUrl":"https:\/\/cleitonpinheiro.com.br\/site\/wp-content\/uploads\/2025\/11\/selecao_sub_17_quarto_lugar_mundial_2024.webp","datePublished":"2025-11-28T18:03:03+00:00","dateModified":"2025-11-28T18:03:08+00:00","breadcrumb":{"@id":"https:\/\/cleitonpinheiro.com.br\/site\/brasil-perde-para-italia-nos-penaltis-e-fica-em-4o-no-mundial-sub-17\/#breadcrumb"},"inLanguage":"pt-BR","potentialAction":[{"@type":"ReadAction","target":["https:\/\/cleitonpinheiro.com.br\/site\/brasil-perde-para-italia-nos-penaltis-e-fica-em-4o-no-mundial-sub-17\/"]}]},{"@type":"ImageObject","inLanguage":"pt-BR","@id":"https:\/\/cleitonpinheiro.com.br\/site\/brasil-perde-para-italia-nos-penaltis-e-fica-em-4o-no-mundial-sub-17\/#primaryimage","url":"https:\/\/cleitonpinheiro.com.br\/site\/wp-content\/uploads\/2025\/11\/selecao_sub_17_quarto_lugar_mundial_2024.webp","contentUrl":"https:\/\/cleitonpinheiro.com.br\/site\/wp-content\/uploads\/2025\/11\/selecao_sub_17_quarto_lugar_mundial_2024.webp","width":1170,"height":700,"caption":"\u00a9 Nelson Termer\/CBF\/Direitos Reservados"},{"@type":"BreadcrumbList","@id":"https:\/\/cleitonpinheiro.com.br\/site\/brasil-perde-para-italia-nos-penaltis-e-fica-em-4o-no-mundial-sub-17\/#breadcrumb","itemListElement":[{"@type":"ListItem","position":1,"name":"In\u00edcio","item":"https:\/\/cleitonpinheiro.com.br\/site\/"},{"@type":"ListItem","position":2,"name":"Brasil perde para It\u00e1lia nos p\u00eanaltis e fica em 4\u00ba no Mundial Sub-17"}]},{"@type":"WebSite","@id":"https:\/\/cleitonpinheiro.com.br\/site\/#website","url":"https:\/\/cleitonpinheiro.com.br\/site\/","name":"PORTAL DE NOT\u00cdCIAS CLEITON PINHEIRO","description":"FALANDO A VERDADE","publisher":{"@id":"https:\/\/cleitonpinheiro.com.br\/site\/#organization"},"potentialAction":[{"@type":"SearchAction","target":{"@type":"EntryPoint","urlTemplate":"https:\/\/cleitonpinheiro.com.br\/site\/?s={search_term_string}"},"query-input":{"@type":"PropertyValueSpecification","valueRequired":true,"valueName":"search_term_string"}}],"inLanguage":"pt-BR"},{"@type":"Organization","@id":"https:\/\/cleitonpinheiro.com.br\/site\/#organization","name":"CPNOT\u00cdCIAS","url":"https:\/\/cleitonpinheiro.com.br\/site\/","logo":{"@type":"ImageObject","inLanguage":"pt-BR","@id":"https:\/\/cleitonpinheiro.com.br\/site\/#\/schema\/logo\/image\/","url":"https:\/\/cleitonpinheiro.com.br\/site\/wp-content\/uploads\/2022\/08\/Logo-pequena-2.png","contentUrl":"https:\/\/cleitonpinheiro.com.br\/site\/wp-content\/uploads\/2022\/08\/Logo-pequena-2.png","width":500,"height":500,"caption":"CPNOT\u00cdCIAS"},"image":{"@id":"https:\/\/cleitonpinheiro.com.br\/site\/#\/schema\/logo\/image\/"},"sameAs":["https:\/\/www.facebook.com\/portalcpnoticias\/"]},{"@type":"Person","@id":"https:\/\/cleitonpinheiro.com.br\/site\/#\/schema\/person\/8f04544e0bc40a1b68775b08360f87db","name":"Reda\u00e7\u00e3o CP","image":{"@type":"ImageObject","inLanguage":"pt-BR","@id":"https:\/\/cleitonpinheiro.com.br\/site\/#\/schema\/person\/image\/","url":"https:\/\/secure.gravatar.com\/avatar\/0bcf19cb29fdc8fc588c490c7ae1b3e174dac268586a63fbe1d1893a0f9020cd?s=96&r=g","contentUrl":"https:\/\/secure.gravatar.com\/avatar\/0bcf19cb29fdc8fc588c490c7ae1b3e174dac268586a63fbe1d1893a0f9020cd?s=96&r=g","caption":"Reda\u00e7\u00e3o CP"},"url":"https:\/\/cleitonpinheiro.com.br\/site\/author\/redacao\/"}]}},"views":90,"_links":{"self":[{"href":"https:\/\/cleitonpinheiro.com.br\/site\/wp-json\/wp\/v2\/posts\/87561","targetHints":{"allow":["GET"]}}],"collection":[{"href":"https:\/\/cleitonpinheiro.com.br\/site\/wp-json\/wp\/v2\/posts"}],"about":[{"href":"https:\/\/cleitonpinheiro.com.br\/site\/wp-json\/wp\/v2\/types\/post"}],"author":[{"embeddable":true,"href":"https:\/\/cleitonpinheiro.com.br\/site\/wp-json\/wp\/v2\/users\/13"}],"replies":[{"embeddable":true,"href":"https:\/\/cleitonpinheiro.com.br\/site\/wp-json\/wp\/v2\/comments?post=87561"}],"version-history":[{"count":1,"href":"https:\/\/cleitonpinheiro.com.br\/site\/wp-json\/wp\/v2\/posts\/87561\/revisions"}],"predecessor-version":[{"id":87563,"href":"https:\/\/cleitonpinheiro.com.br\/site\/wp-json\/wp\/v2\/posts\/87561\/revisions\/87563"}],"wp:featuredmedia":[{"embeddable":true,"href":"https:\/\/cleitonpinheiro.com.br\/site\/wp-json\/wp\/v2\/media\/87562"}],"wp:attachment":[{"href":"https:\/\/cleitonpinheiro.com.br\/site\/wp-json\/wp\/v2\/media?parent=87561"}],"wp:term":[{"taxonomy":"category","embeddable":true,"href":"https:\/\/cleitonpinheiro.com.br\/site\/wp-json\/wp\/v2\/categories?post=87561"},{"taxonomy":"post_tag","embeddable":true,"href":"https:\/\/cleitonpinheiro.com.br\/site\/wp-json\/wp\/v2\/tags?post=87561"}],"curies":[{"name":"wp","href":"https:\/\/api.w.org\/{rel}","templated":true}]}}