{"id":87567,"date":"2025-11-28T16:43:13","date_gmt":"2025-11-28T19:43:13","guid":{"rendered":"https:\/\/cleitonpinheiro.com.br\/site\/?p=87567"},"modified":"2025-11-28T16:43:21","modified_gmt":"2025-11-28T19:43:21","slug":"stf-tem-maioria-para-reconhecer-racismo-estrutural-no-pais","status":"publish","type":"post","link":"https:\/\/cleitonpinheiro.com.br\/site\/stf-tem-maioria-para-reconhecer-racismo-estrutural-no-pais\/","title":{"rendered":"STF tem maioria para reconhecer racismo estrutural no pa\u00eds"},"content":{"rendered":"\n<figure class=\"wp-block-image size-large\"><img fetchpriority=\"high\" decoding=\"async\" width=\"1024\" height=\"613\" src=\"https:\/\/cleitonpinheiro.com.br\/site\/wp-content\/uploads\/2025\/11\/908652-a-alma-na\u0303o-tem-cor-na\u0303o-ao-racismo-8974-1024x613.webp\" alt=\"\" class=\"wp-image-87568\" srcset=\"https:\/\/cleitonpinheiro.com.br\/site\/wp-content\/uploads\/2025\/11\/908652-a-alma-na\u0303o-tem-cor-na\u0303o-ao-racismo-8974-1024x613.webp 1024w, https:\/\/cleitonpinheiro.com.br\/site\/wp-content\/uploads\/2025\/11\/908652-a-alma-na\u0303o-tem-cor-na\u0303o-ao-racismo-8974-300x179.webp 300w, https:\/\/cleitonpinheiro.com.br\/site\/wp-content\/uploads\/2025\/11\/908652-a-alma-na\u0303o-tem-cor-na\u0303o-ao-racismo-8974-768x459.webp 768w, https:\/\/cleitonpinheiro.com.br\/site\/wp-content\/uploads\/2025\/11\/908652-a-alma-na\u0303o-tem-cor-na\u0303o-ao-racismo-8974.webp 1170w\" sizes=\"(max-width: 1024px) 100vw, 1024px\" \/><figcaption class=\"wp-element-caption\">\u00a9 Tania Rego\/Ag\u00eancia Brasil\n<\/figcaption><\/figure>\n\n\n\n<p>O Supremo Tribunal Federal (STF) formou maioria de votos nesta quinta-feira (27) para reconhecer a exist\u00eancia do racismo estrutural no pa\u00eds e determinar a cria\u00e7\u00e3o de um plano nacional de enfrentamento \u00e0 quest\u00e3o no prazo de 12 meses.\u00a0<img decoding=\"async\" src=\"https:\/\/agenciabrasil.ebc.com.br\/ebc.png?id=1669925&amp;o=node\"><img decoding=\"async\" src=\"https:\/\/agenciabrasil.ebc.com.br\/ebc.gif?id=1669925&amp;o=node\"><\/p>\n\n\n\n<p>Apesar do entendimento, o julgamento foi suspenso e ser\u00e1 retomado em uma data que ainda ser\u00e1 agendada.\u00a0Na ocasi\u00e3o, os ministros v\u00e3o definir as diretrizes que v\u00e3o nortear a elabora\u00e7\u00e3o do plano.\u00a0<\/p>\n\n\n\n<p>O debate est\u00e1 travado na quest\u00e3o sobre o reconhecimento do chamado estado de coisas inconstitucional.\u00a0Parte dos ministros entende que algumas medidas j\u00e1 foram tomadas nos \u00faltimos anos para combater o racismo e n\u00e3o h\u00e1 omiss\u00e3o do atual governo.\u00a0N\u00e3o h\u00e1 consenso sobre esse ponto, e o placar est\u00e1 5 votos a 3 contra o reconhecimento.\u00a0<\/p>\n\n\n\n<p>O Supremo julga a a\u00e7\u00e3o na qual a Coaliz\u00e3o Negra por Direitos, entidade que re\u00fane representantes do movimento negro, e sete partidos pol\u00edticos (PT, PSOL, PSB, PCdoB, Rede , PDT e PV) pedem reconhecimento do &#8220;estado de coisas inconstitucional&#8221; em rela\u00e7\u00e3o ao racismo estrutural no pa\u00eds.<\/p>\n\n\n\n<p>Os processos foram protocolados no Supremo em maio de 2022, durante o governo do ex-presidente Jair Bolsonaro.<\/p>\n\n\n\n<h2 class=\"wp-block-heading\">Votos<\/h2>\n\n\n\n<p>A&nbsp;<a href=\"https:\/\/agenciabrasil.ebc.com.br\/justica\/noticia\/2025-11\/stf-tem-dois-votos-para-determinar-plano-nacional-contra-racismo\">vota\u00e7\u00e3o come\u00e7ou na sess\u00e3o de ontem<\/a>, quando o relator, ministro Luiz Fux, votou a favor do reconhecimento do estado de coisas inconstitucional e para determinar a ado\u00e7\u00e3o do plano nacional. Em seguida, Fl\u00e1vio Dino acompanhou o relator.<\/p>\n\n\n\n<p>Na sess\u00e3o de hoje, novos votos foram proferidos. O&nbsp;ministro Cristiano Zanin disse que h\u00e1 um cen\u00e1rio de desigualdade racial no Brasil e de graves viola\u00e7\u00f5es contra os direitos fundamentais.<\/p>\n\n\n\n<blockquote class=\"wp-block-quote is-layout-flow wp-block-quote-is-layout-flow\">\n<p>&#8220;A compreens\u00e3o do racismo estrutural, como fruto da constru\u00e7\u00e3o do estado brasileiro, explica o pr\u00f3prio cen\u00e1rio de extrema desigualdade racial existente no Brasil&#8221;, afirmou.<\/p>\n<\/blockquote>\n\n\n\n<p>Fl\u00e1vio Dino disse que h\u00e1 uma transgress\u00e3o prolongada do racismo estrutural ao longo da hist\u00f3ria do pa\u00eds.<\/p>\n\n\n\n<blockquote class=\"wp-block-quote is-layout-flow wp-block-quote-is-layout-flow\">\n<p>&#8220;Em rela\u00e7\u00e3o ao racismo, a gente pode pegar de 1500, qualquer marco temporal, e n\u00f3s vamos encontrar a transgress\u00e3o mais prolongada da hist\u00f3ria brasileira&#8221;, comentou.<\/p>\n<\/blockquote>\n\n\n\n<p>A ministra C\u00e1rmen L\u00facia disse que h\u00e1 insuficiente prote\u00e7\u00e3o do Estado \u00e0 popula\u00e7\u00e3o negra.<\/p>\n\n\n\n<blockquote class=\"wp-block-quote is-layout-flow wp-block-quote-is-layout-flow\">\n<p>&#8220;Eu n\u00e3o espero viver em um pa\u00eds em que a Constitui\u00e7\u00e3o para o branco seja plena e para o negro seja quase. Quero uma Constitui\u00e7\u00e3o que seja plena, igualmente para todas as pessoas&#8221;, disse.&nbsp;<\/p>\n<\/blockquote>\n\n\n\n<p>Alexandre de Moraes destacou que o combate ao racismo estrutural n\u00e3o \u00e9 somente uma quest\u00e3o jur\u00eddica.<\/p>\n\n\n\n<blockquote class=\"wp-block-quote is-layout-flow wp-block-quote-is-layout-flow\">\n<p>&#8220;O racismo estrutural existe, permanece, \u00e9 uma chaga na sociedade, em que pese estarmos finalizando um quarto do s\u00e9culo 21&#8221;, completou.<\/p>\n<\/blockquote>\n\n\n\n<p>O ministro Andr\u00e9 Mendon\u00e7a tamb\u00e9m reconheceu que o racismo est\u00e1 presente na sociedade, contudo n\u00e3o concordou com a utiliza\u00e7\u00e3o do termo racismo institucional.<\/p>\n\n\n\n<blockquote class=\"wp-block-quote is-layout-flow wp-block-quote-is-layout-flow\">\n<p>&#8220;Eu tenho dificuldade com o conceito de racismo institucional. Eu n\u00e3o posso partir do pressuposto de que as institui\u00e7\u00f5es p\u00fablicas em si sejam racistas.&nbsp; Acho que pessoas dentro das institui\u00e7\u00f5es s\u00e3o racistas, mas n\u00e3o as institui\u00e7\u00f5es&#8221;, argumentou.<\/p>\n<\/blockquote>\n\n\n\n<h2 class=\"wp-block-heading\">Governo<\/h2>\n\n\n\n<p>Em nota divulgada \u00e0 imprensa, a Advocacia-Geral da Uni\u00e3o (AGU) informou nesta quarta-feira (26) que est\u00e1 comprometida com a ado\u00e7\u00e3o do plano.<\/p>\n\n\n\n<blockquote class=\"wp-block-quote is-layout-flow wp-block-quote-is-layout-flow\">\n<p>&#8220;O governo federal, por meio do Minist\u00e9rio da Igualdade Racial, manter\u00e1 seu protagonismo na coordena\u00e7\u00e3o do processo, articulando a participa\u00e7\u00e3o da sociedade civil \u2014 especialmente do Movimento Negro \u2014 e dos demais entes federativos, de modo a construir diretrizes que tornem o plano nacional efetivo, colaborativo e vi\u00e1vel em todo o territ\u00f3rio nacional\u201d, disse a AGU.&nbsp;<\/p>\n<\/blockquote>\n\n\n\n<p><\/p>\n","protected":false},"excerpt":{"rendered":"<p>O Supremo Tribunal Federal (STF) formou maioria de votos nesta quinta-feira (27) para reconhecer a exist\u00eancia do racismo estrutural no pa\u00eds e determinar a cria\u00e7\u00e3o de um plano nacional de enfrentamento \u00e0 quest\u00e3o no prazo de 12 meses.\u00a0 Apesar do entendimento, o julgamento foi suspenso e ser\u00e1 retomado em uma data que ainda ser\u00e1 agendada.\u00a0Na [&hellip;]<\/p>\n","protected":false},"author":13,"featured_media":87568,"comment_status":"open","ping_status":"open","sticky":false,"template":"","format":"standard","meta":{"_acf_changed":false,"footnotes":""},"categories":[19,898,21],"tags":[],"class_list":["post-87567","post","type-post","status-publish","format-standard","has-post-thumbnail","hentry","category-brasil-mundo","category-manchete-segundaria","category-todas-noticias"],"acf":[],"yoast_head":"<!-- This site is optimized with the Yoast SEO plugin v24.4 - https:\/\/yoast.com\/wordpress\/plugins\/seo\/ -->\n<title>STF tem maioria para reconhecer racismo estrutural no pa\u00eds - PORTAL DE NOT\u00cdCIAS CLEITON PINHEIRO<\/title>\n<meta name=\"robots\" content=\"index, follow, max-snippet:-1, max-image-preview:large, max-video-preview:-1\" \/>\n<link rel=\"canonical\" href=\"https:\/\/cleitonpinheiro.com.br\/site\/stf-tem-maioria-para-reconhecer-racismo-estrutural-no-pais\/\" \/>\n<meta property=\"og:locale\" content=\"pt_BR\" \/>\n<meta property=\"og:type\" content=\"article\" \/>\n<meta property=\"og:title\" content=\"STF tem maioria para reconhecer racismo estrutural no pa\u00eds - PORTAL DE NOT\u00cdCIAS CLEITON PINHEIRO\" \/>\n<meta property=\"og:description\" content=\"O Supremo Tribunal Federal (STF) formou maioria de votos nesta quinta-feira (27) para reconhecer a exist\u00eancia do racismo estrutural no pa\u00eds e determinar a cria\u00e7\u00e3o de um plano nacional de enfrentamento \u00e0 quest\u00e3o no prazo de 12 meses.\u00a0 Apesar do entendimento, o julgamento foi suspenso e ser\u00e1 retomado em uma data que ainda ser\u00e1 agendada.\u00a0Na [&hellip;]\" \/>\n<meta property=\"og:url\" content=\"https:\/\/cleitonpinheiro.com.br\/site\/stf-tem-maioria-para-reconhecer-racismo-estrutural-no-pais\/\" \/>\n<meta property=\"og:site_name\" content=\"PORTAL DE NOT\u00cdCIAS CLEITON PINHEIRO\" \/>\n<meta property=\"article:publisher\" content=\"https:\/\/www.facebook.com\/portalcpnoticias\/\" \/>\n<meta property=\"article:published_time\" content=\"2025-11-28T19:43:13+00:00\" \/>\n<meta property=\"article:modified_time\" content=\"2025-11-28T19:43:21+00:00\" \/>\n<meta property=\"og:image\" content=\"https:\/\/cleitonpinheiro.com.br\/site\/wp-content\/uploads\/2025\/11\/908652-a-alma-na\u0303o-tem-cor-na\u0303o-ao-racismo-8974.webp\" \/>\n\t<meta property=\"og:image:width\" content=\"1170\" \/>\n\t<meta property=\"og:image:height\" content=\"700\" \/>\n\t<meta property=\"og:image:type\" content=\"image\/webp\" \/>\n<meta name=\"author\" content=\"Reda\u00e7\u00e3o CP\" \/>\n<meta name=\"twitter:card\" content=\"summary_large_image\" \/>\n<meta name=\"twitter:label1\" content=\"Escrito por\" \/>\n\t<meta name=\"twitter:data1\" content=\"Reda\u00e7\u00e3o CP\" \/>\n\t<meta name=\"twitter:label2\" content=\"Est. tempo de leitura\" \/>\n\t<meta name=\"twitter:data2\" content=\"3 minutos\" \/>\n<script type=\"application\/ld+json\" class=\"yoast-schema-graph\">{\"@context\":\"https:\/\/schema.org\",\"@graph\":[{\"@type\":\"Article\",\"@id\":\"https:\/\/cleitonpinheiro.com.br\/site\/stf-tem-maioria-para-reconhecer-racismo-estrutural-no-pais\/#article\",\"isPartOf\":{\"@id\":\"https:\/\/cleitonpinheiro.com.br\/site\/stf-tem-maioria-para-reconhecer-racismo-estrutural-no-pais\/\"},\"author\":{\"name\":\"Reda\u00e7\u00e3o CP\",\"@id\":\"https:\/\/cleitonpinheiro.com.br\/site\/#\/schema\/person\/8f04544e0bc40a1b68775b08360f87db\"},\"headline\":\"STF tem maioria para reconhecer racismo estrutural no pa\u00eds\",\"datePublished\":\"2025-11-28T19:43:13+00:00\",\"dateModified\":\"2025-11-28T19:43:21+00:00\",\"mainEntityOfPage\":{\"@id\":\"https:\/\/cleitonpinheiro.com.br\/site\/stf-tem-maioria-para-reconhecer-racismo-estrutural-no-pais\/\"},\"wordCount\":620,\"commentCount\":0,\"publisher\":{\"@id\":\"https:\/\/cleitonpinheiro.com.br\/site\/#organization\"},\"image\":{\"@id\":\"https:\/\/cleitonpinheiro.com.br\/site\/stf-tem-maioria-para-reconhecer-racismo-estrutural-no-pais\/#primaryimage\"},\"thumbnailUrl\":\"https:\/\/cleitonpinheiro.com.br\/site\/wp-content\/uploads\/2025\/11\/908652-a-alma-na\u0303o-tem-cor-na\u0303o-ao-racismo-8974.webp\",\"articleSection\":[\"BRASIL \/ MUNDO\",\"MANCHETE SEGUND\u00c1RIA\",\"TODAS NOTICIAS\"],\"inLanguage\":\"pt-BR\",\"potentialAction\":[{\"@type\":\"CommentAction\",\"name\":\"Comment\",\"target\":[\"https:\/\/cleitonpinheiro.com.br\/site\/stf-tem-maioria-para-reconhecer-racismo-estrutural-no-pais\/#respond\"]}]},{\"@type\":\"WebPage\",\"@id\":\"https:\/\/cleitonpinheiro.com.br\/site\/stf-tem-maioria-para-reconhecer-racismo-estrutural-no-pais\/\",\"url\":\"https:\/\/cleitonpinheiro.com.br\/site\/stf-tem-maioria-para-reconhecer-racismo-estrutural-no-pais\/\",\"name\":\"STF tem maioria para reconhecer racismo estrutural no pa\u00eds - PORTAL DE NOT\u00cdCIAS CLEITON PINHEIRO\",\"isPartOf\":{\"@id\":\"https:\/\/cleitonpinheiro.com.br\/site\/#website\"},\"primaryImageOfPage\":{\"@id\":\"https:\/\/cleitonpinheiro.com.br\/site\/stf-tem-maioria-para-reconhecer-racismo-estrutural-no-pais\/#primaryimage\"},\"image\":{\"@id\":\"https:\/\/cleitonpinheiro.com.br\/site\/stf-tem-maioria-para-reconhecer-racismo-estrutural-no-pais\/#primaryimage\"},\"thumbnailUrl\":\"https:\/\/cleitonpinheiro.com.br\/site\/wp-content\/uploads\/2025\/11\/908652-a-alma-na\u0303o-tem-cor-na\u0303o-ao-racismo-8974.webp\",\"datePublished\":\"2025-11-28T19:43:13+00:00\",\"dateModified\":\"2025-11-28T19:43:21+00:00\",\"breadcrumb\":{\"@id\":\"https:\/\/cleitonpinheiro.com.br\/site\/stf-tem-maioria-para-reconhecer-racismo-estrutural-no-pais\/#breadcrumb\"},\"inLanguage\":\"pt-BR\",\"potentialAction\":[{\"@type\":\"ReadAction\",\"target\":[\"https:\/\/cleitonpinheiro.com.br\/site\/stf-tem-maioria-para-reconhecer-racismo-estrutural-no-pais\/\"]}]},{\"@type\":\"ImageObject\",\"inLanguage\":\"pt-BR\",\"@id\":\"https:\/\/cleitonpinheiro.com.br\/site\/stf-tem-maioria-para-reconhecer-racismo-estrutural-no-pais\/#primaryimage\",\"url\":\"https:\/\/cleitonpinheiro.com.br\/site\/wp-content\/uploads\/2025\/11\/908652-a-alma-na\u0303o-tem-cor-na\u0303o-ao-racismo-8974.webp\",\"contentUrl\":\"https:\/\/cleitonpinheiro.com.br\/site\/wp-content\/uploads\/2025\/11\/908652-a-alma-na\u0303o-tem-cor-na\u0303o-ao-racismo-8974.webp\",\"width\":1170,\"height\":700,\"caption\":\"\u00a9 Tania Rego\/Ag\u00eancia Brasil\"},{\"@type\":\"BreadcrumbList\",\"@id\":\"https:\/\/cleitonpinheiro.com.br\/site\/stf-tem-maioria-para-reconhecer-racismo-estrutural-no-pais\/#breadcrumb\",\"itemListElement\":[{\"@type\":\"ListItem\",\"position\":1,\"name\":\"In\u00edcio\",\"item\":\"https:\/\/cleitonpinheiro.com.br\/site\/\"},{\"@type\":\"ListItem\",\"position\":2,\"name\":\"STF tem maioria para reconhecer racismo estrutural no pa\u00eds\"}]},{\"@type\":\"WebSite\",\"@id\":\"https:\/\/cleitonpinheiro.com.br\/site\/#website\",\"url\":\"https:\/\/cleitonpinheiro.com.br\/site\/\",\"name\":\"PORTAL DE NOT\u00cdCIAS CLEITON PINHEIRO\",\"description\":\"FALANDO A VERDADE\",\"publisher\":{\"@id\":\"https:\/\/cleitonpinheiro.com.br\/site\/#organization\"},\"potentialAction\":[{\"@type\":\"SearchAction\",\"target\":{\"@type\":\"EntryPoint\",\"urlTemplate\":\"https:\/\/cleitonpinheiro.com.br\/site\/?s={search_term_string}\"},\"query-input\":{\"@type\":\"PropertyValueSpecification\",\"valueRequired\":true,\"valueName\":\"search_term_string\"}}],\"inLanguage\":\"pt-BR\"},{\"@type\":\"Organization\",\"@id\":\"https:\/\/cleitonpinheiro.com.br\/site\/#organization\",\"name\":\"CPNOT\u00cdCIAS\",\"url\":\"https:\/\/cleitonpinheiro.com.br\/site\/\",\"logo\":{\"@type\":\"ImageObject\",\"inLanguage\":\"pt-BR\",\"@id\":\"https:\/\/cleitonpinheiro.com.br\/site\/#\/schema\/logo\/image\/\",\"url\":\"https:\/\/cleitonpinheiro.com.br\/site\/wp-content\/uploads\/2022\/08\/Logo-pequena-2.png\",\"contentUrl\":\"https:\/\/cleitonpinheiro.com.br\/site\/wp-content\/uploads\/2022\/08\/Logo-pequena-2.png\",\"width\":500,\"height\":500,\"caption\":\"CPNOT\u00cdCIAS\"},\"image\":{\"@id\":\"https:\/\/cleitonpinheiro.com.br\/site\/#\/schema\/logo\/image\/\"},\"sameAs\":[\"https:\/\/www.facebook.com\/portalcpnoticias\/\"]},{\"@type\":\"Person\",\"@id\":\"https:\/\/cleitonpinheiro.com.br\/site\/#\/schema\/person\/8f04544e0bc40a1b68775b08360f87db\",\"name\":\"Reda\u00e7\u00e3o CP\",\"image\":{\"@type\":\"ImageObject\",\"inLanguage\":\"pt-BR\",\"@id\":\"https:\/\/cleitonpinheiro.com.br\/site\/#\/schema\/person\/image\/\",\"url\":\"https:\/\/secure.gravatar.com\/avatar\/0bcf19cb29fdc8fc588c490c7ae1b3e174dac268586a63fbe1d1893a0f9020cd?s=96&r=g\",\"contentUrl\":\"https:\/\/secure.gravatar.com\/avatar\/0bcf19cb29fdc8fc588c490c7ae1b3e174dac268586a63fbe1d1893a0f9020cd?s=96&r=g\",\"caption\":\"Reda\u00e7\u00e3o CP\"},\"url\":\"https:\/\/cleitonpinheiro.com.br\/site\/author\/redacao\/\"}]}<\/script>\n<!-- \/ Yoast SEO plugin. -->","yoast_head_json":{"title":"STF tem maioria para reconhecer racismo estrutural no pa\u00eds - PORTAL DE NOT\u00cdCIAS CLEITON PINHEIRO","robots":{"index":"index","follow":"follow","max-snippet":"max-snippet:-1","max-image-preview":"max-image-preview:large","max-video-preview":"max-video-preview:-1"},"canonical":"https:\/\/cleitonpinheiro.com.br\/site\/stf-tem-maioria-para-reconhecer-racismo-estrutural-no-pais\/","og_locale":"pt_BR","og_type":"article","og_title":"STF tem maioria para reconhecer racismo estrutural no pa\u00eds - PORTAL DE NOT\u00cdCIAS CLEITON PINHEIRO","og_description":"O Supremo Tribunal Federal (STF) formou maioria de votos nesta quinta-feira (27) para reconhecer a exist\u00eancia do racismo estrutural no pa\u00eds e determinar a cria\u00e7\u00e3o de um plano nacional de enfrentamento \u00e0 quest\u00e3o no prazo de 12 meses.\u00a0 Apesar do entendimento, o julgamento foi suspenso e ser\u00e1 retomado em uma data que ainda ser\u00e1 agendada.\u00a0Na [&hellip;]","og_url":"https:\/\/cleitonpinheiro.com.br\/site\/stf-tem-maioria-para-reconhecer-racismo-estrutural-no-pais\/","og_site_name":"PORTAL DE NOT\u00cdCIAS CLEITON PINHEIRO","article_publisher":"https:\/\/www.facebook.com\/portalcpnoticias\/","article_published_time":"2025-11-28T19:43:13+00:00","article_modified_time":"2025-11-28T19:43:21+00:00","og_image":[{"width":1170,"height":700,"url":"https:\/\/cleitonpinheiro.com.br\/site\/wp-content\/uploads\/2025\/11\/908652-a-alma-na\u0303o-tem-cor-na\u0303o-ao-racismo-8974.webp","type":"image\/webp"}],"author":"Reda\u00e7\u00e3o CP","twitter_card":"summary_large_image","twitter_misc":{"Escrito por":"Reda\u00e7\u00e3o CP","Est. tempo de leitura":"3 minutos"},"schema":{"@context":"https:\/\/schema.org","@graph":[{"@type":"Article","@id":"https:\/\/cleitonpinheiro.com.br\/site\/stf-tem-maioria-para-reconhecer-racismo-estrutural-no-pais\/#article","isPartOf":{"@id":"https:\/\/cleitonpinheiro.com.br\/site\/stf-tem-maioria-para-reconhecer-racismo-estrutural-no-pais\/"},"author":{"name":"Reda\u00e7\u00e3o CP","@id":"https:\/\/cleitonpinheiro.com.br\/site\/#\/schema\/person\/8f04544e0bc40a1b68775b08360f87db"},"headline":"STF tem maioria para reconhecer racismo estrutural no pa\u00eds","datePublished":"2025-11-28T19:43:13+00:00","dateModified":"2025-11-28T19:43:21+00:00","mainEntityOfPage":{"@id":"https:\/\/cleitonpinheiro.com.br\/site\/stf-tem-maioria-para-reconhecer-racismo-estrutural-no-pais\/"},"wordCount":620,"commentCount":0,"publisher":{"@id":"https:\/\/cleitonpinheiro.com.br\/site\/#organization"},"image":{"@id":"https:\/\/cleitonpinheiro.com.br\/site\/stf-tem-maioria-para-reconhecer-racismo-estrutural-no-pais\/#primaryimage"},"thumbnailUrl":"https:\/\/cleitonpinheiro.com.br\/site\/wp-content\/uploads\/2025\/11\/908652-a-alma-na\u0303o-tem-cor-na\u0303o-ao-racismo-8974.webp","articleSection":["BRASIL \/ MUNDO","MANCHETE SEGUND\u00c1RIA","TODAS NOTICIAS"],"inLanguage":"pt-BR","potentialAction":[{"@type":"CommentAction","name":"Comment","target":["https:\/\/cleitonpinheiro.com.br\/site\/stf-tem-maioria-para-reconhecer-racismo-estrutural-no-pais\/#respond"]}]},{"@type":"WebPage","@id":"https:\/\/cleitonpinheiro.com.br\/site\/stf-tem-maioria-para-reconhecer-racismo-estrutural-no-pais\/","url":"https:\/\/cleitonpinheiro.com.br\/site\/stf-tem-maioria-para-reconhecer-racismo-estrutural-no-pais\/","name":"STF tem maioria para reconhecer racismo estrutural no pa\u00eds - PORTAL DE NOT\u00cdCIAS CLEITON PINHEIRO","isPartOf":{"@id":"https:\/\/cleitonpinheiro.com.br\/site\/#website"},"primaryImageOfPage":{"@id":"https:\/\/cleitonpinheiro.com.br\/site\/stf-tem-maioria-para-reconhecer-racismo-estrutural-no-pais\/#primaryimage"},"image":{"@id":"https:\/\/cleitonpinheiro.com.br\/site\/stf-tem-maioria-para-reconhecer-racismo-estrutural-no-pais\/#primaryimage"},"thumbnailUrl":"https:\/\/cleitonpinheiro.com.br\/site\/wp-content\/uploads\/2025\/11\/908652-a-alma-na\u0303o-tem-cor-na\u0303o-ao-racismo-8974.webp","datePublished":"2025-11-28T19:43:13+00:00","dateModified":"2025-11-28T19:43:21+00:00","breadcrumb":{"@id":"https:\/\/cleitonpinheiro.com.br\/site\/stf-tem-maioria-para-reconhecer-racismo-estrutural-no-pais\/#breadcrumb"},"inLanguage":"pt-BR","potentialAction":[{"@type":"ReadAction","target":["https:\/\/cleitonpinheiro.com.br\/site\/stf-tem-maioria-para-reconhecer-racismo-estrutural-no-pais\/"]}]},{"@type":"ImageObject","inLanguage":"pt-BR","@id":"https:\/\/cleitonpinheiro.com.br\/site\/stf-tem-maioria-para-reconhecer-racismo-estrutural-no-pais\/#primaryimage","url":"https:\/\/cleitonpinheiro.com.br\/site\/wp-content\/uploads\/2025\/11\/908652-a-alma-na\u0303o-tem-cor-na\u0303o-ao-racismo-8974.webp","contentUrl":"https:\/\/cleitonpinheiro.com.br\/site\/wp-content\/uploads\/2025\/11\/908652-a-alma-na\u0303o-tem-cor-na\u0303o-ao-racismo-8974.webp","width":1170,"height":700,"caption":"\u00a9 Tania Rego\/Ag\u00eancia Brasil"},{"@type":"BreadcrumbList","@id":"https:\/\/cleitonpinheiro.com.br\/site\/stf-tem-maioria-para-reconhecer-racismo-estrutural-no-pais\/#breadcrumb","itemListElement":[{"@type":"ListItem","position":1,"name":"In\u00edcio","item":"https:\/\/cleitonpinheiro.com.br\/site\/"},{"@type":"ListItem","position":2,"name":"STF tem maioria para reconhecer racismo estrutural no pa\u00eds"}]},{"@type":"WebSite","@id":"https:\/\/cleitonpinheiro.com.br\/site\/#website","url":"https:\/\/cleitonpinheiro.com.br\/site\/","name":"PORTAL DE NOT\u00cdCIAS CLEITON PINHEIRO","description":"FALANDO A VERDADE","publisher":{"@id":"https:\/\/cleitonpinheiro.com.br\/site\/#organization"},"potentialAction":[{"@type":"SearchAction","target":{"@type":"EntryPoint","urlTemplate":"https:\/\/cleitonpinheiro.com.br\/site\/?s={search_term_string}"},"query-input":{"@type":"PropertyValueSpecification","valueRequired":true,"valueName":"search_term_string"}}],"inLanguage":"pt-BR"},{"@type":"Organization","@id":"https:\/\/cleitonpinheiro.com.br\/site\/#organization","name":"CPNOT\u00cdCIAS","url":"https:\/\/cleitonpinheiro.com.br\/site\/","logo":{"@type":"ImageObject","inLanguage":"pt-BR","@id":"https:\/\/cleitonpinheiro.com.br\/site\/#\/schema\/logo\/image\/","url":"https:\/\/cleitonpinheiro.com.br\/site\/wp-content\/uploads\/2022\/08\/Logo-pequena-2.png","contentUrl":"https:\/\/cleitonpinheiro.com.br\/site\/wp-content\/uploads\/2022\/08\/Logo-pequena-2.png","width":500,"height":500,"caption":"CPNOT\u00cdCIAS"},"image":{"@id":"https:\/\/cleitonpinheiro.com.br\/site\/#\/schema\/logo\/image\/"},"sameAs":["https:\/\/www.facebook.com\/portalcpnoticias\/"]},{"@type":"Person","@id":"https:\/\/cleitonpinheiro.com.br\/site\/#\/schema\/person\/8f04544e0bc40a1b68775b08360f87db","name":"Reda\u00e7\u00e3o CP","image":{"@type":"ImageObject","inLanguage":"pt-BR","@id":"https:\/\/cleitonpinheiro.com.br\/site\/#\/schema\/person\/image\/","url":"https:\/\/secure.gravatar.com\/avatar\/0bcf19cb29fdc8fc588c490c7ae1b3e174dac268586a63fbe1d1893a0f9020cd?s=96&r=g","contentUrl":"https:\/\/secure.gravatar.com\/avatar\/0bcf19cb29fdc8fc588c490c7ae1b3e174dac268586a63fbe1d1893a0f9020cd?s=96&r=g","caption":"Reda\u00e7\u00e3o CP"},"url":"https:\/\/cleitonpinheiro.com.br\/site\/author\/redacao\/"}]}},"views":87,"_links":{"self":[{"href":"https:\/\/cleitonpinheiro.com.br\/site\/wp-json\/wp\/v2\/posts\/87567","targetHints":{"allow":["GET"]}}],"collection":[{"href":"https:\/\/cleitonpinheiro.com.br\/site\/wp-json\/wp\/v2\/posts"}],"about":[{"href":"https:\/\/cleitonpinheiro.com.br\/site\/wp-json\/wp\/v2\/types\/post"}],"author":[{"embeddable":true,"href":"https:\/\/cleitonpinheiro.com.br\/site\/wp-json\/wp\/v2\/users\/13"}],"replies":[{"embeddable":true,"href":"https:\/\/cleitonpinheiro.com.br\/site\/wp-json\/wp\/v2\/comments?post=87567"}],"version-history":[{"count":1,"href":"https:\/\/cleitonpinheiro.com.br\/site\/wp-json\/wp\/v2\/posts\/87567\/revisions"}],"predecessor-version":[{"id":87569,"href":"https:\/\/cleitonpinheiro.com.br\/site\/wp-json\/wp\/v2\/posts\/87567\/revisions\/87569"}],"wp:featuredmedia":[{"embeddable":true,"href":"https:\/\/cleitonpinheiro.com.br\/site\/wp-json\/wp\/v2\/media\/87568"}],"wp:attachment":[{"href":"https:\/\/cleitonpinheiro.com.br\/site\/wp-json\/wp\/v2\/media?parent=87567"}],"wp:term":[{"taxonomy":"category","embeddable":true,"href":"https:\/\/cleitonpinheiro.com.br\/site\/wp-json\/wp\/v2\/categories?post=87567"},{"taxonomy":"post_tag","embeddable":true,"href":"https:\/\/cleitonpinheiro.com.br\/site\/wp-json\/wp\/v2\/tags?post=87567"}],"curies":[{"name":"wp","href":"https:\/\/api.w.org\/{rel}","templated":true}]}}