{"id":87573,"date":"2025-11-28T17:05:16","date_gmt":"2025-11-28T20:05:16","guid":{"rendered":"https:\/\/cleitonpinheiro.com.br\/site\/?p=87573"},"modified":"2025-11-28T17:05:21","modified_gmt":"2025-11-28T20:05:21","slug":"pf-desarticula-quadrilha-que-vendia-canetas-emagrecedoras-clandestinas","status":"publish","type":"post","link":"https:\/\/cleitonpinheiro.com.br\/site\/pf-desarticula-quadrilha-que-vendia-canetas-emagrecedoras-clandestinas\/","title":{"rendered":"PF desarticula quadrilha que vendia canetas emagrecedoras clandestinas"},"content":{"rendered":"\n<figure class=\"wp-block-image size-full\"><img fetchpriority=\"high\" decoding=\"async\" width=\"750\" height=\"450\" src=\"https:\/\/cleitonpinheiro.com.br\/site\/wp-content\/uploads\/2024\/08\/PFEditadooo-3-1.jpg\" alt=\"\" class=\"wp-image-80064\" srcset=\"https:\/\/cleitonpinheiro.com.br\/site\/wp-content\/uploads\/2024\/08\/PFEditadooo-3-1.jpg 750w, https:\/\/cleitonpinheiro.com.br\/site\/wp-content\/uploads\/2024\/08\/PFEditadooo-3-1-300x180.jpg 300w\" sizes=\"(max-width: 750px) 100vw, 750px\" \/><\/figure>\n\n\n\n<p>A Pol\u00edcia Federal realizou, nesta quinta-feira (27), a Opera\u00e7\u00e3o Slim, destinada a desarticular uma quadrilha dedicada \u00e0 produ\u00e7\u00e3o, fracionamento e comercializa\u00e7\u00e3o clandestinos do princ\u00edpio ativo tirzepatida, utilizado em medicamentos injet\u00e1veis para tratamento de diabetes e perda de peso. O produto era vendido sem controle de qualidade, esterilidade ou rastreabilidade, elevando o risco sanit\u00e1rio ao consumidor.<\/p>\n\n\n\n<p>O tirzepatida \u00e9 conhecido pela marca Mounjaro.<\/p>\n\n\n\n<p>Foram cumpridos 24 mandados de busca e apreens\u00e3o nos estados de S\u00e3o Paulo, Rio de Janeiro, Bahia e Pernambuco, em cl\u00ednicas, laborat\u00f3rios, estabelecimentos comerciais e resid\u00eancias ligadas aos investigados.<\/p>\n\n\n\n<p>Os agentes encontraram joias, carros de luxo e at\u00e9 um jatinho em poder da quadrilha.<\/p>\n\n\n\n<p>\u201cA investiga\u00e7\u00e3o identificou que o grupo mantinha estrutura de fabrica\u00e7\u00e3o em condi\u00e7\u00f5es incompat\u00edveis com padr\u00f5es sanit\u00e1rios, realizando envase, rotulagem e distribui\u00e7\u00e3o do produto de forma irregular. Foram encontrados ind\u00edcios de produ\u00e7\u00e3o em s\u00e9rie em escala industrial, pr\u00e1tica n\u00e3o permitida no \u00e2mbito da manipula\u00e7\u00e3o magistral autorizada pela legisla\u00e7\u00e3o vigente\u201d, disse a PF em nota.<\/p>\n\n\n\n<p>As investiga\u00e7\u00f5es tamb\u00e9m constataram que havia comercializa\u00e7\u00e3o do produto clandestino pela internet e contava, inclusive, com estrat\u00e9gias de marketing digital para incrementar as vendas.<\/p>\n\n\n\n<p>\u201cAs medidas cumpridas hoje visam interromper a atividade il\u00edcita, identificar os respons\u00e1veis pela cadeia de produ\u00e7\u00e3o e distribui\u00e7\u00e3o e recolher documentos, equipamentos e insumos que auxiliem na an\u00e1lise laboratorial e per\u00edcia t\u00e9cnica dos materiais apreendidos\u201d, disse a PF.<\/p>\n\n\n\n<p>A opera\u00e7\u00e3o contou com o apoio da Ag\u00eancia Nacional de Vigil\u00e2ncia Sanit\u00e1ria (Anvisa) e das Vigil\u00e2ncias Sanit\u00e1rias dos estados de S\u00e3o Paulo, Bahia e Pernambuco.<\/p>\n","protected":false},"excerpt":{"rendered":"<p>A Pol\u00edcia Federal realizou, nesta quinta-feira (27), a Opera\u00e7\u00e3o Slim, destinada a desarticular uma quadrilha dedicada \u00e0 produ\u00e7\u00e3o, fracionamento e comercializa\u00e7\u00e3o clandestinos do princ\u00edpio ativo tirzepatida, utilizado em medicamentos injet\u00e1veis para tratamento de diabetes e perda de peso. O produto era vendido sem controle de qualidade, esterilidade ou rastreabilidade, elevando o risco sanit\u00e1rio ao consumidor. [&hellip;]<\/p>\n","protected":false},"author":13,"featured_media":80011,"comment_status":"open","ping_status":"open","sticky":false,"template":"","format":"standard","meta":{"_acf_changed":false,"footnotes":""},"categories":[19,20,21],"tags":[],"class_list":["post-87573","post","type-post","status-publish","format-standard","has-post-thumbnail","hentry","category-brasil-mundo","category-noticias-em-destaque","category-todas-noticias"],"acf":[],"yoast_head":"<!-- This site is optimized with the Yoast SEO plugin v24.4 - https:\/\/yoast.com\/wordpress\/plugins\/seo\/ -->\n<title>PF desarticula quadrilha que vendia canetas emagrecedoras clandestinas - PORTAL DE NOT\u00cdCIAS CLEITON PINHEIRO<\/title>\n<meta name=\"robots\" content=\"index, follow, max-snippet:-1, max-image-preview:large, max-video-preview:-1\" \/>\n<link rel=\"canonical\" href=\"https:\/\/cleitonpinheiro.com.br\/site\/pf-desarticula-quadrilha-que-vendia-canetas-emagrecedoras-clandestinas\/\" \/>\n<meta property=\"og:locale\" content=\"pt_BR\" \/>\n<meta property=\"og:type\" content=\"article\" \/>\n<meta property=\"og:title\" content=\"PF desarticula quadrilha que vendia canetas emagrecedoras clandestinas - PORTAL DE NOT\u00cdCIAS CLEITON PINHEIRO\" \/>\n<meta property=\"og:description\" content=\"A Pol\u00edcia Federal realizou, nesta quinta-feira (27), a Opera\u00e7\u00e3o Slim, destinada a desarticular uma quadrilha dedicada \u00e0 produ\u00e7\u00e3o, fracionamento e comercializa\u00e7\u00e3o clandestinos do princ\u00edpio ativo tirzepatida, utilizado em medicamentos injet\u00e1veis para tratamento de diabetes e perda de peso. O produto era vendido sem controle de qualidade, esterilidade ou rastreabilidade, elevando o risco sanit\u00e1rio ao consumidor. [&hellip;]\" \/>\n<meta property=\"og:url\" content=\"https:\/\/cleitonpinheiro.com.br\/site\/pf-desarticula-quadrilha-que-vendia-canetas-emagrecedoras-clandestinas\/\" \/>\n<meta property=\"og:site_name\" content=\"PORTAL DE NOT\u00cdCIAS CLEITON PINHEIRO\" \/>\n<meta property=\"article:publisher\" content=\"https:\/\/www.facebook.com\/portalcpnoticias\/\" \/>\n<meta property=\"article:published_time\" content=\"2025-11-28T20:05:16+00:00\" \/>\n<meta property=\"article:modified_time\" content=\"2025-11-28T20:05:21+00:00\" \/>\n<meta property=\"og:image\" content=\"https:\/\/cleitonpinheiro.com.br\/site\/wp-content\/uploads\/2024\/08\/PFEditadooo-3.jpg\" \/>\n\t<meta property=\"og:image:width\" content=\"750\" \/>\n\t<meta property=\"og:image:height\" content=\"450\" \/>\n\t<meta property=\"og:image:type\" content=\"image\/jpeg\" \/>\n<meta name=\"author\" content=\"Reda\u00e7\u00e3o CP\" \/>\n<meta name=\"twitter:card\" content=\"summary_large_image\" \/>\n<meta name=\"twitter:label1\" content=\"Escrito por\" \/>\n\t<meta name=\"twitter:data1\" content=\"Reda\u00e7\u00e3o CP\" \/>\n\t<meta name=\"twitter:label2\" content=\"Est. tempo de leitura\" \/>\n\t<meta name=\"twitter:data2\" content=\"2 minutos\" \/>\n<script type=\"application\/ld+json\" class=\"yoast-schema-graph\">{\"@context\":\"https:\/\/schema.org\",\"@graph\":[{\"@type\":\"Article\",\"@id\":\"https:\/\/cleitonpinheiro.com.br\/site\/pf-desarticula-quadrilha-que-vendia-canetas-emagrecedoras-clandestinas\/#article\",\"isPartOf\":{\"@id\":\"https:\/\/cleitonpinheiro.com.br\/site\/pf-desarticula-quadrilha-que-vendia-canetas-emagrecedoras-clandestinas\/\"},\"author\":{\"name\":\"Reda\u00e7\u00e3o CP\",\"@id\":\"https:\/\/cleitonpinheiro.com.br\/site\/#\/schema\/person\/8f04544e0bc40a1b68775b08360f87db\"},\"headline\":\"PF desarticula quadrilha que vendia canetas emagrecedoras clandestinas\",\"datePublished\":\"2025-11-28T20:05:16+00:00\",\"dateModified\":\"2025-11-28T20:05:21+00:00\",\"mainEntityOfPage\":{\"@id\":\"https:\/\/cleitonpinheiro.com.br\/site\/pf-desarticula-quadrilha-que-vendia-canetas-emagrecedoras-clandestinas\/\"},\"wordCount\":294,\"commentCount\":0,\"publisher\":{\"@id\":\"https:\/\/cleitonpinheiro.com.br\/site\/#organization\"},\"image\":{\"@id\":\"https:\/\/cleitonpinheiro.com.br\/site\/pf-desarticula-quadrilha-que-vendia-canetas-emagrecedoras-clandestinas\/#primaryimage\"},\"thumbnailUrl\":\"https:\/\/cleitonpinheiro.com.br\/site\/wp-content\/uploads\/2024\/08\/PFEditadooo-3.jpg\",\"articleSection\":[\"BRASIL \/ MUNDO\",\"NOT\u00cdCIAS EM DESTAQUE\",\"TODAS NOTICIAS\"],\"inLanguage\":\"pt-BR\",\"potentialAction\":[{\"@type\":\"CommentAction\",\"name\":\"Comment\",\"target\":[\"https:\/\/cleitonpinheiro.com.br\/site\/pf-desarticula-quadrilha-que-vendia-canetas-emagrecedoras-clandestinas\/#respond\"]}]},{\"@type\":\"WebPage\",\"@id\":\"https:\/\/cleitonpinheiro.com.br\/site\/pf-desarticula-quadrilha-que-vendia-canetas-emagrecedoras-clandestinas\/\",\"url\":\"https:\/\/cleitonpinheiro.com.br\/site\/pf-desarticula-quadrilha-que-vendia-canetas-emagrecedoras-clandestinas\/\",\"name\":\"PF desarticula quadrilha que vendia canetas emagrecedoras clandestinas - PORTAL DE NOT\u00cdCIAS CLEITON PINHEIRO\",\"isPartOf\":{\"@id\":\"https:\/\/cleitonpinheiro.com.br\/site\/#website\"},\"primaryImageOfPage\":{\"@id\":\"https:\/\/cleitonpinheiro.com.br\/site\/pf-desarticula-quadrilha-que-vendia-canetas-emagrecedoras-clandestinas\/#primaryimage\"},\"image\":{\"@id\":\"https:\/\/cleitonpinheiro.com.br\/site\/pf-desarticula-quadrilha-que-vendia-canetas-emagrecedoras-clandestinas\/#primaryimage\"},\"thumbnailUrl\":\"https:\/\/cleitonpinheiro.com.br\/site\/wp-content\/uploads\/2024\/08\/PFEditadooo-3.jpg\",\"datePublished\":\"2025-11-28T20:05:16+00:00\",\"dateModified\":\"2025-11-28T20:05:21+00:00\",\"breadcrumb\":{\"@id\":\"https:\/\/cleitonpinheiro.com.br\/site\/pf-desarticula-quadrilha-que-vendia-canetas-emagrecedoras-clandestinas\/#breadcrumb\"},\"inLanguage\":\"pt-BR\",\"potentialAction\":[{\"@type\":\"ReadAction\",\"target\":[\"https:\/\/cleitonpinheiro.com.br\/site\/pf-desarticula-quadrilha-que-vendia-canetas-emagrecedoras-clandestinas\/\"]}]},{\"@type\":\"ImageObject\",\"inLanguage\":\"pt-BR\",\"@id\":\"https:\/\/cleitonpinheiro.com.br\/site\/pf-desarticula-quadrilha-que-vendia-canetas-emagrecedoras-clandestinas\/#primaryimage\",\"url\":\"https:\/\/cleitonpinheiro.com.br\/site\/wp-content\/uploads\/2024\/08\/PFEditadooo-3.jpg\",\"contentUrl\":\"https:\/\/cleitonpinheiro.com.br\/site\/wp-content\/uploads\/2024\/08\/PFEditadooo-3.jpg\",\"width\":750,\"height\":450},{\"@type\":\"BreadcrumbList\",\"@id\":\"https:\/\/cleitonpinheiro.com.br\/site\/pf-desarticula-quadrilha-que-vendia-canetas-emagrecedoras-clandestinas\/#breadcrumb\",\"itemListElement\":[{\"@type\":\"ListItem\",\"position\":1,\"name\":\"In\u00edcio\",\"item\":\"https:\/\/cleitonpinheiro.com.br\/site\/\"},{\"@type\":\"ListItem\",\"position\":2,\"name\":\"PF desarticula quadrilha que vendia canetas emagrecedoras clandestinas\"}]},{\"@type\":\"WebSite\",\"@id\":\"https:\/\/cleitonpinheiro.com.br\/site\/#website\",\"url\":\"https:\/\/cleitonpinheiro.com.br\/site\/\",\"name\":\"PORTAL DE NOT\u00cdCIAS CLEITON PINHEIRO\",\"description\":\"FALANDO A VERDADE\",\"publisher\":{\"@id\":\"https:\/\/cleitonpinheiro.com.br\/site\/#organization\"},\"potentialAction\":[{\"@type\":\"SearchAction\",\"target\":{\"@type\":\"EntryPoint\",\"urlTemplate\":\"https:\/\/cleitonpinheiro.com.br\/site\/?s={search_term_string}\"},\"query-input\":{\"@type\":\"PropertyValueSpecification\",\"valueRequired\":true,\"valueName\":\"search_term_string\"}}],\"inLanguage\":\"pt-BR\"},{\"@type\":\"Organization\",\"@id\":\"https:\/\/cleitonpinheiro.com.br\/site\/#organization\",\"name\":\"CPNOT\u00cdCIAS\",\"url\":\"https:\/\/cleitonpinheiro.com.br\/site\/\",\"logo\":{\"@type\":\"ImageObject\",\"inLanguage\":\"pt-BR\",\"@id\":\"https:\/\/cleitonpinheiro.com.br\/site\/#\/schema\/logo\/image\/\",\"url\":\"https:\/\/cleitonpinheiro.com.br\/site\/wp-content\/uploads\/2022\/08\/Logo-pequena-2.png\",\"contentUrl\":\"https:\/\/cleitonpinheiro.com.br\/site\/wp-content\/uploads\/2022\/08\/Logo-pequena-2.png\",\"width\":500,\"height\":500,\"caption\":\"CPNOT\u00cdCIAS\"},\"image\":{\"@id\":\"https:\/\/cleitonpinheiro.com.br\/site\/#\/schema\/logo\/image\/\"},\"sameAs\":[\"https:\/\/www.facebook.com\/portalcpnoticias\/\"]},{\"@type\":\"Person\",\"@id\":\"https:\/\/cleitonpinheiro.com.br\/site\/#\/schema\/person\/8f04544e0bc40a1b68775b08360f87db\",\"name\":\"Reda\u00e7\u00e3o CP\",\"image\":{\"@type\":\"ImageObject\",\"inLanguage\":\"pt-BR\",\"@id\":\"https:\/\/cleitonpinheiro.com.br\/site\/#\/schema\/person\/image\/\",\"url\":\"https:\/\/secure.gravatar.com\/avatar\/0bcf19cb29fdc8fc588c490c7ae1b3e174dac268586a63fbe1d1893a0f9020cd?s=96&r=g\",\"contentUrl\":\"https:\/\/secure.gravatar.com\/avatar\/0bcf19cb29fdc8fc588c490c7ae1b3e174dac268586a63fbe1d1893a0f9020cd?s=96&r=g\",\"caption\":\"Reda\u00e7\u00e3o CP\"},\"url\":\"https:\/\/cleitonpinheiro.com.br\/site\/author\/redacao\/\"}]}<\/script>\n<!-- \/ Yoast SEO plugin. -->","yoast_head_json":{"title":"PF desarticula quadrilha que vendia canetas emagrecedoras clandestinas - PORTAL DE NOT\u00cdCIAS CLEITON PINHEIRO","robots":{"index":"index","follow":"follow","max-snippet":"max-snippet:-1","max-image-preview":"max-image-preview:large","max-video-preview":"max-video-preview:-1"},"canonical":"https:\/\/cleitonpinheiro.com.br\/site\/pf-desarticula-quadrilha-que-vendia-canetas-emagrecedoras-clandestinas\/","og_locale":"pt_BR","og_type":"article","og_title":"PF desarticula quadrilha que vendia canetas emagrecedoras clandestinas - PORTAL DE NOT\u00cdCIAS CLEITON PINHEIRO","og_description":"A Pol\u00edcia Federal realizou, nesta quinta-feira (27), a Opera\u00e7\u00e3o Slim, destinada a desarticular uma quadrilha dedicada \u00e0 produ\u00e7\u00e3o, fracionamento e comercializa\u00e7\u00e3o clandestinos do princ\u00edpio ativo tirzepatida, utilizado em medicamentos injet\u00e1veis para tratamento de diabetes e perda de peso. O produto era vendido sem controle de qualidade, esterilidade ou rastreabilidade, elevando o risco sanit\u00e1rio ao consumidor. [&hellip;]","og_url":"https:\/\/cleitonpinheiro.com.br\/site\/pf-desarticula-quadrilha-que-vendia-canetas-emagrecedoras-clandestinas\/","og_site_name":"PORTAL DE NOT\u00cdCIAS CLEITON PINHEIRO","article_publisher":"https:\/\/www.facebook.com\/portalcpnoticias\/","article_published_time":"2025-11-28T20:05:16+00:00","article_modified_time":"2025-11-28T20:05:21+00:00","og_image":[{"width":750,"height":450,"url":"https:\/\/cleitonpinheiro.com.br\/site\/wp-content\/uploads\/2024\/08\/PFEditadooo-3.jpg","type":"image\/jpeg"}],"author":"Reda\u00e7\u00e3o CP","twitter_card":"summary_large_image","twitter_misc":{"Escrito por":"Reda\u00e7\u00e3o CP","Est. tempo de leitura":"2 minutos"},"schema":{"@context":"https:\/\/schema.org","@graph":[{"@type":"Article","@id":"https:\/\/cleitonpinheiro.com.br\/site\/pf-desarticula-quadrilha-que-vendia-canetas-emagrecedoras-clandestinas\/#article","isPartOf":{"@id":"https:\/\/cleitonpinheiro.com.br\/site\/pf-desarticula-quadrilha-que-vendia-canetas-emagrecedoras-clandestinas\/"},"author":{"name":"Reda\u00e7\u00e3o CP","@id":"https:\/\/cleitonpinheiro.com.br\/site\/#\/schema\/person\/8f04544e0bc40a1b68775b08360f87db"},"headline":"PF desarticula quadrilha que vendia canetas emagrecedoras clandestinas","datePublished":"2025-11-28T20:05:16+00:00","dateModified":"2025-11-28T20:05:21+00:00","mainEntityOfPage":{"@id":"https:\/\/cleitonpinheiro.com.br\/site\/pf-desarticula-quadrilha-que-vendia-canetas-emagrecedoras-clandestinas\/"},"wordCount":294,"commentCount":0,"publisher":{"@id":"https:\/\/cleitonpinheiro.com.br\/site\/#organization"},"image":{"@id":"https:\/\/cleitonpinheiro.com.br\/site\/pf-desarticula-quadrilha-que-vendia-canetas-emagrecedoras-clandestinas\/#primaryimage"},"thumbnailUrl":"https:\/\/cleitonpinheiro.com.br\/site\/wp-content\/uploads\/2024\/08\/PFEditadooo-3.jpg","articleSection":["BRASIL \/ MUNDO","NOT\u00cdCIAS EM DESTAQUE","TODAS NOTICIAS"],"inLanguage":"pt-BR","potentialAction":[{"@type":"CommentAction","name":"Comment","target":["https:\/\/cleitonpinheiro.com.br\/site\/pf-desarticula-quadrilha-que-vendia-canetas-emagrecedoras-clandestinas\/#respond"]}]},{"@type":"WebPage","@id":"https:\/\/cleitonpinheiro.com.br\/site\/pf-desarticula-quadrilha-que-vendia-canetas-emagrecedoras-clandestinas\/","url":"https:\/\/cleitonpinheiro.com.br\/site\/pf-desarticula-quadrilha-que-vendia-canetas-emagrecedoras-clandestinas\/","name":"PF desarticula quadrilha que vendia canetas emagrecedoras clandestinas - PORTAL DE NOT\u00cdCIAS CLEITON PINHEIRO","isPartOf":{"@id":"https:\/\/cleitonpinheiro.com.br\/site\/#website"},"primaryImageOfPage":{"@id":"https:\/\/cleitonpinheiro.com.br\/site\/pf-desarticula-quadrilha-que-vendia-canetas-emagrecedoras-clandestinas\/#primaryimage"},"image":{"@id":"https:\/\/cleitonpinheiro.com.br\/site\/pf-desarticula-quadrilha-que-vendia-canetas-emagrecedoras-clandestinas\/#primaryimage"},"thumbnailUrl":"https:\/\/cleitonpinheiro.com.br\/site\/wp-content\/uploads\/2024\/08\/PFEditadooo-3.jpg","datePublished":"2025-11-28T20:05:16+00:00","dateModified":"2025-11-28T20:05:21+00:00","breadcrumb":{"@id":"https:\/\/cleitonpinheiro.com.br\/site\/pf-desarticula-quadrilha-que-vendia-canetas-emagrecedoras-clandestinas\/#breadcrumb"},"inLanguage":"pt-BR","potentialAction":[{"@type":"ReadAction","target":["https:\/\/cleitonpinheiro.com.br\/site\/pf-desarticula-quadrilha-que-vendia-canetas-emagrecedoras-clandestinas\/"]}]},{"@type":"ImageObject","inLanguage":"pt-BR","@id":"https:\/\/cleitonpinheiro.com.br\/site\/pf-desarticula-quadrilha-que-vendia-canetas-emagrecedoras-clandestinas\/#primaryimage","url":"https:\/\/cleitonpinheiro.com.br\/site\/wp-content\/uploads\/2024\/08\/PFEditadooo-3.jpg","contentUrl":"https:\/\/cleitonpinheiro.com.br\/site\/wp-content\/uploads\/2024\/08\/PFEditadooo-3.jpg","width":750,"height":450},{"@type":"BreadcrumbList","@id":"https:\/\/cleitonpinheiro.com.br\/site\/pf-desarticula-quadrilha-que-vendia-canetas-emagrecedoras-clandestinas\/#breadcrumb","itemListElement":[{"@type":"ListItem","position":1,"name":"In\u00edcio","item":"https:\/\/cleitonpinheiro.com.br\/site\/"},{"@type":"ListItem","position":2,"name":"PF desarticula quadrilha que vendia canetas emagrecedoras clandestinas"}]},{"@type":"WebSite","@id":"https:\/\/cleitonpinheiro.com.br\/site\/#website","url":"https:\/\/cleitonpinheiro.com.br\/site\/","name":"PORTAL DE NOT\u00cdCIAS CLEITON PINHEIRO","description":"FALANDO A VERDADE","publisher":{"@id":"https:\/\/cleitonpinheiro.com.br\/site\/#organization"},"potentialAction":[{"@type":"SearchAction","target":{"@type":"EntryPoint","urlTemplate":"https:\/\/cleitonpinheiro.com.br\/site\/?s={search_term_string}"},"query-input":{"@type":"PropertyValueSpecification","valueRequired":true,"valueName":"search_term_string"}}],"inLanguage":"pt-BR"},{"@type":"Organization","@id":"https:\/\/cleitonpinheiro.com.br\/site\/#organization","name":"CPNOT\u00cdCIAS","url":"https:\/\/cleitonpinheiro.com.br\/site\/","logo":{"@type":"ImageObject","inLanguage":"pt-BR","@id":"https:\/\/cleitonpinheiro.com.br\/site\/#\/schema\/logo\/image\/","url":"https:\/\/cleitonpinheiro.com.br\/site\/wp-content\/uploads\/2022\/08\/Logo-pequena-2.png","contentUrl":"https:\/\/cleitonpinheiro.com.br\/site\/wp-content\/uploads\/2022\/08\/Logo-pequena-2.png","width":500,"height":500,"caption":"CPNOT\u00cdCIAS"},"image":{"@id":"https:\/\/cleitonpinheiro.com.br\/site\/#\/schema\/logo\/image\/"},"sameAs":["https:\/\/www.facebook.com\/portalcpnoticias\/"]},{"@type":"Person","@id":"https:\/\/cleitonpinheiro.com.br\/site\/#\/schema\/person\/8f04544e0bc40a1b68775b08360f87db","name":"Reda\u00e7\u00e3o CP","image":{"@type":"ImageObject","inLanguage":"pt-BR","@id":"https:\/\/cleitonpinheiro.com.br\/site\/#\/schema\/person\/image\/","url":"https:\/\/secure.gravatar.com\/avatar\/0bcf19cb29fdc8fc588c490c7ae1b3e174dac268586a63fbe1d1893a0f9020cd?s=96&r=g","contentUrl":"https:\/\/secure.gravatar.com\/avatar\/0bcf19cb29fdc8fc588c490c7ae1b3e174dac268586a63fbe1d1893a0f9020cd?s=96&r=g","caption":"Reda\u00e7\u00e3o CP"},"url":"https:\/\/cleitonpinheiro.com.br\/site\/author\/redacao\/"}]}},"views":84,"_links":{"self":[{"href":"https:\/\/cleitonpinheiro.com.br\/site\/wp-json\/wp\/v2\/posts\/87573","targetHints":{"allow":["GET"]}}],"collection":[{"href":"https:\/\/cleitonpinheiro.com.br\/site\/wp-json\/wp\/v2\/posts"}],"about":[{"href":"https:\/\/cleitonpinheiro.com.br\/site\/wp-json\/wp\/v2\/types\/post"}],"author":[{"embeddable":true,"href":"https:\/\/cleitonpinheiro.com.br\/site\/wp-json\/wp\/v2\/users\/13"}],"replies":[{"embeddable":true,"href":"https:\/\/cleitonpinheiro.com.br\/site\/wp-json\/wp\/v2\/comments?post=87573"}],"version-history":[{"count":1,"href":"https:\/\/cleitonpinheiro.com.br\/site\/wp-json\/wp\/v2\/posts\/87573\/revisions"}],"predecessor-version":[{"id":87574,"href":"https:\/\/cleitonpinheiro.com.br\/site\/wp-json\/wp\/v2\/posts\/87573\/revisions\/87574"}],"wp:featuredmedia":[{"embeddable":true,"href":"https:\/\/cleitonpinheiro.com.br\/site\/wp-json\/wp\/v2\/media\/80011"}],"wp:attachment":[{"href":"https:\/\/cleitonpinheiro.com.br\/site\/wp-json\/wp\/v2\/media?parent=87573"}],"wp:term":[{"taxonomy":"category","embeddable":true,"href":"https:\/\/cleitonpinheiro.com.br\/site\/wp-json\/wp\/v2\/categories?post=87573"},{"taxonomy":"post_tag","embeddable":true,"href":"https:\/\/cleitonpinheiro.com.br\/site\/wp-json\/wp\/v2\/tags?post=87573"}],"curies":[{"name":"wp","href":"https:\/\/api.w.org\/{rel}","templated":true}]}}