{"id":87577,"date":"2025-11-28T17:14:00","date_gmt":"2025-11-28T20:14:00","guid":{"rendered":"https:\/\/cleitonpinheiro.com.br\/site\/?p=87577"},"modified":"2025-11-28T17:14:06","modified_gmt":"2025-11-28T20:14:06","slug":"tres-brasileiros-vao-a-semi-de-etapa-da-copa-do-mundo-de-skate-street","status":"publish","type":"post","link":"https:\/\/cleitonpinheiro.com.br\/site\/tres-brasileiros-vao-a-semi-de-etapa-da-copa-do-mundo-de-skate-street\/","title":{"rendered":"Tr\u00eas brasileiros v\u00e3o \u00e0 semi de etapa da Copa do Mundo de skate street"},"content":{"rendered":"\n<figure class=\"wp-block-image size-large\"><img fetchpriority=\"high\" decoding=\"async\" width=\"1024\" height=\"613\" src=\"https:\/\/cleitonpinheiro.com.br\/site\/wp-content\/uploads\/2025\/11\/giovanni_vianna_joao_lucas_e_wallace_gabriel_semi_japao_skate-1024x613.webp\" alt=\"\" class=\"wp-image-87578\" srcset=\"https:\/\/cleitonpinheiro.com.br\/site\/wp-content\/uploads\/2025\/11\/giovanni_vianna_joao_lucas_e_wallace_gabriel_semi_japao_skate-1024x613.webp 1024w, https:\/\/cleitonpinheiro.com.br\/site\/wp-content\/uploads\/2025\/11\/giovanni_vianna_joao_lucas_e_wallace_gabriel_semi_japao_skate-300x179.webp 300w, https:\/\/cleitonpinheiro.com.br\/site\/wp-content\/uploads\/2025\/11\/giovanni_vianna_joao_lucas_e_wallace_gabriel_semi_japao_skate-768x459.webp 768w, https:\/\/cleitonpinheiro.com.br\/site\/wp-content\/uploads\/2025\/11\/giovanni_vianna_joao_lucas_e_wallace_gabriel_semi_japao_skate.webp 1170w\" sizes=\"(max-width: 1024px) 100vw, 1024px\" \/><figcaption class=\"wp-element-caption\">\u00a9 Julio Detefon\/CBSK\/Direitos Reservados\n<\/figcaption><\/figure>\n\n\n\n<p>Os brasileiros Giovanni Vianna, Jo\u00e3o Lucas e Wallace Gabriel avan\u00e7aram nesta sexta-feira (28) \u00e0s semifinais da segunda e \u00faltima etapa da Copa do Mundo de<em>&nbsp;skate street,<\/em>&nbsp;em Kitakyushu (Jap\u00e3o). Eles<strong>&nbsp;<\/strong>voltar\u00e3o \u00e0 pista a partir das 4h35 (hor\u00e1rio de Bras\u00edlia) deste s\u00e1bado (29) em busca de vaga na decis\u00e3o do t\u00edtulo. J\u00e1 Ivan Monteiro, Isabelly \u00c1vila e P\u00e2mela Rosa se despediram da competi\u00e7\u00e3o nas quartas de final.<img decoding=\"async\" src=\"https:\/\/agenciabrasil.ebc.com.br\/ebc.png?id=1670131&amp;o=node\"><img decoding=\"async\" src=\"https:\/\/agenciabrasil.ebc.com.br\/ebc.gif?id=1670131&amp;o=node\"><\/p>\n\n\n\n<p>Excepcionalmente, a Amarelinha n\u00e3o contou com a participa\u00e7\u00e3o da medalhista ol\u00edmpica Rayssa Leal na etapa japonesa. Prestes a completar 18 anosa e na reta final do Ensino M\u00e9dio, a skatista maranhense decidiu n\u00e3o competir para se dedicar aos estudos.<\/p>\n\n\n\n<p>O melhor brasileiro na disputa de quartas de final foi Giovanni Vianna, que obteve a quinta posi\u00e7\u00e3o geral, ao totalizar 62.47. Em 11\u00ba lugar, com nota final 52.07 ficou Jo\u00e3o Lucas. J\u00e1 Wallace Gabriel avan\u00e7ou \u00e0s semifinais na 15\u00aa coloca\u00e7\u00e3o, com 52.07. O Brasil foi representado ainda por Ivan Monteiro, que finalizou sua participa\u00e7\u00e3o em 34\u00ba lugar, ficando fora das semifinais.<\/p>\n\n\n\n<p>Dos 40 atletas que competiram nas quartas, apenas 16 garantiram presen\u00e7a nas semifinais, tanto no masculino quanto no feminino. Nascida em S\u00e3o Jos\u00e9 dos Campos (SP), P\u00e2mela Rosa teve dificuldade nas duas voltas (notas 8,03 e 19,55) e terminou em 36\u00ba lugar. J\u00e1 Isabelly \u00c1vila, paulista de Itapetinga, foi bem na primeira volta, cravando 38.11, mas n\u00e3o chegou a concluir a \u00faltima (13.11). Ela fechou a participa\u00e7\u00e3o na 20\u00aa coloca\u00e7\u00e3o.<\/p>\n\n\n\n<p>O Brasil iniciou a competi\u00e7\u00e3o com um total de 11 atletas. Alguns pararam na primeira fase eliminat\u00f3ria: Gabi Mazetto e Maria Almeida na disputa feminina; e Kelvin Hoefler e Felipe Mota na masculina.<\/p>\n\n\n\n<p><\/p>\n","protected":false},"excerpt":{"rendered":"<p>Os brasileiros Giovanni Vianna, Jo\u00e3o Lucas e Wallace Gabriel avan\u00e7aram nesta sexta-feira (28) \u00e0s semifinais da segunda e \u00faltima etapa da Copa do Mundo de&nbsp;skate street,&nbsp;em Kitakyushu (Jap\u00e3o). Eles&nbsp;voltar\u00e3o \u00e0 pista a partir das 4h35 (hor\u00e1rio de Bras\u00edlia) deste s\u00e1bado (29) em busca de vaga na decis\u00e3o do t\u00edtulo. J\u00e1 Ivan Monteiro, Isabelly \u00c1vila e [&hellip;]<\/p>\n","protected":false},"author":13,"featured_media":87578,"comment_status":"open","ping_status":"open","sticky":false,"template":"","format":"standard","meta":{"_acf_changed":false,"footnotes":""},"categories":[1,20,21],"tags":[],"class_list":["post-87577","post","type-post","status-publish","format-standard","has-post-thumbnail","hentry","category-esporte","category-noticias-em-destaque","category-todas-noticias"],"acf":[],"yoast_head":"<!-- This site is optimized with the Yoast SEO plugin v24.4 - https:\/\/yoast.com\/wordpress\/plugins\/seo\/ -->\n<title>Tr\u00eas brasileiros v\u00e3o \u00e0 semi de etapa da Copa do Mundo de skate street - PORTAL DE NOT\u00cdCIAS CLEITON PINHEIRO<\/title>\n<meta name=\"robots\" content=\"index, follow, max-snippet:-1, max-image-preview:large, max-video-preview:-1\" \/>\n<link rel=\"canonical\" href=\"https:\/\/cleitonpinheiro.com.br\/site\/tres-brasileiros-vao-a-semi-de-etapa-da-copa-do-mundo-de-skate-street\/\" \/>\n<meta property=\"og:locale\" content=\"pt_BR\" \/>\n<meta property=\"og:type\" content=\"article\" \/>\n<meta property=\"og:title\" content=\"Tr\u00eas brasileiros v\u00e3o \u00e0 semi de etapa da Copa do Mundo de skate street - PORTAL DE NOT\u00cdCIAS CLEITON PINHEIRO\" \/>\n<meta property=\"og:description\" content=\"Os brasileiros Giovanni Vianna, Jo\u00e3o Lucas e Wallace Gabriel avan\u00e7aram nesta sexta-feira (28) \u00e0s semifinais da segunda e \u00faltima etapa da Copa do Mundo de&nbsp;skate street,&nbsp;em Kitakyushu (Jap\u00e3o). Eles&nbsp;voltar\u00e3o \u00e0 pista a partir das 4h35 (hor\u00e1rio de Bras\u00edlia) deste s\u00e1bado (29) em busca de vaga na decis\u00e3o do t\u00edtulo. J\u00e1 Ivan Monteiro, Isabelly \u00c1vila e [&hellip;]\" \/>\n<meta property=\"og:url\" content=\"https:\/\/cleitonpinheiro.com.br\/site\/tres-brasileiros-vao-a-semi-de-etapa-da-copa-do-mundo-de-skate-street\/\" \/>\n<meta property=\"og:site_name\" content=\"PORTAL DE NOT\u00cdCIAS CLEITON PINHEIRO\" \/>\n<meta property=\"article:publisher\" content=\"https:\/\/www.facebook.com\/portalcpnoticias\/\" \/>\n<meta property=\"article:published_time\" content=\"2025-11-28T20:14:00+00:00\" \/>\n<meta property=\"article:modified_time\" content=\"2025-11-28T20:14:06+00:00\" \/>\n<meta property=\"og:image\" content=\"https:\/\/cleitonpinheiro.com.br\/site\/wp-content\/uploads\/2025\/11\/giovanni_vianna_joao_lucas_e_wallace_gabriel_semi_japao_skate.webp\" \/>\n\t<meta property=\"og:image:width\" content=\"1170\" \/>\n\t<meta property=\"og:image:height\" content=\"700\" \/>\n\t<meta property=\"og:image:type\" content=\"image\/webp\" \/>\n<meta name=\"author\" content=\"Reda\u00e7\u00e3o CP\" \/>\n<meta name=\"twitter:card\" content=\"summary_large_image\" \/>\n<meta name=\"twitter:label1\" content=\"Escrito por\" \/>\n\t<meta name=\"twitter:data1\" content=\"Reda\u00e7\u00e3o CP\" \/>\n\t<meta name=\"twitter:label2\" content=\"Est. tempo de leitura\" \/>\n\t<meta name=\"twitter:data2\" content=\"3 minutos\" \/>\n<script type=\"application\/ld+json\" class=\"yoast-schema-graph\">{\"@context\":\"https:\/\/schema.org\",\"@graph\":[{\"@type\":\"Article\",\"@id\":\"https:\/\/cleitonpinheiro.com.br\/site\/tres-brasileiros-vao-a-semi-de-etapa-da-copa-do-mundo-de-skate-street\/#article\",\"isPartOf\":{\"@id\":\"https:\/\/cleitonpinheiro.com.br\/site\/tres-brasileiros-vao-a-semi-de-etapa-da-copa-do-mundo-de-skate-street\/\"},\"author\":{\"name\":\"Reda\u00e7\u00e3o CP\",\"@id\":\"https:\/\/cleitonpinheiro.com.br\/site\/#\/schema\/person\/8f04544e0bc40a1b68775b08360f87db\"},\"headline\":\"Tr\u00eas brasileiros v\u00e3o \u00e0 semi de etapa da Copa do Mundo de skate street\",\"datePublished\":\"2025-11-28T20:14:00+00:00\",\"dateModified\":\"2025-11-28T20:14:06+00:00\",\"mainEntityOfPage\":{\"@id\":\"https:\/\/cleitonpinheiro.com.br\/site\/tres-brasileiros-vao-a-semi-de-etapa-da-copa-do-mundo-de-skate-street\/\"},\"wordCount\":304,\"commentCount\":0,\"publisher\":{\"@id\":\"https:\/\/cleitonpinheiro.com.br\/site\/#organization\"},\"image\":{\"@id\":\"https:\/\/cleitonpinheiro.com.br\/site\/tres-brasileiros-vao-a-semi-de-etapa-da-copa-do-mundo-de-skate-street\/#primaryimage\"},\"thumbnailUrl\":\"https:\/\/cleitonpinheiro.com.br\/site\/wp-content\/uploads\/2025\/11\/giovanni_vianna_joao_lucas_e_wallace_gabriel_semi_japao_skate.webp\",\"articleSection\":[\"ESPORTE\",\"NOT\u00cdCIAS EM DESTAQUE\",\"TODAS NOTICIAS\"],\"inLanguage\":\"pt-BR\",\"potentialAction\":[{\"@type\":\"CommentAction\",\"name\":\"Comment\",\"target\":[\"https:\/\/cleitonpinheiro.com.br\/site\/tres-brasileiros-vao-a-semi-de-etapa-da-copa-do-mundo-de-skate-street\/#respond\"]}]},{\"@type\":\"WebPage\",\"@id\":\"https:\/\/cleitonpinheiro.com.br\/site\/tres-brasileiros-vao-a-semi-de-etapa-da-copa-do-mundo-de-skate-street\/\",\"url\":\"https:\/\/cleitonpinheiro.com.br\/site\/tres-brasileiros-vao-a-semi-de-etapa-da-copa-do-mundo-de-skate-street\/\",\"name\":\"Tr\u00eas brasileiros v\u00e3o \u00e0 semi de etapa da Copa do Mundo de skate street - PORTAL DE NOT\u00cdCIAS CLEITON PINHEIRO\",\"isPartOf\":{\"@id\":\"https:\/\/cleitonpinheiro.com.br\/site\/#website\"},\"primaryImageOfPage\":{\"@id\":\"https:\/\/cleitonpinheiro.com.br\/site\/tres-brasileiros-vao-a-semi-de-etapa-da-copa-do-mundo-de-skate-street\/#primaryimage\"},\"image\":{\"@id\":\"https:\/\/cleitonpinheiro.com.br\/site\/tres-brasileiros-vao-a-semi-de-etapa-da-copa-do-mundo-de-skate-street\/#primaryimage\"},\"thumbnailUrl\":\"https:\/\/cleitonpinheiro.com.br\/site\/wp-content\/uploads\/2025\/11\/giovanni_vianna_joao_lucas_e_wallace_gabriel_semi_japao_skate.webp\",\"datePublished\":\"2025-11-28T20:14:00+00:00\",\"dateModified\":\"2025-11-28T20:14:06+00:00\",\"breadcrumb\":{\"@id\":\"https:\/\/cleitonpinheiro.com.br\/site\/tres-brasileiros-vao-a-semi-de-etapa-da-copa-do-mundo-de-skate-street\/#breadcrumb\"},\"inLanguage\":\"pt-BR\",\"potentialAction\":[{\"@type\":\"ReadAction\",\"target\":[\"https:\/\/cleitonpinheiro.com.br\/site\/tres-brasileiros-vao-a-semi-de-etapa-da-copa-do-mundo-de-skate-street\/\"]}]},{\"@type\":\"ImageObject\",\"inLanguage\":\"pt-BR\",\"@id\":\"https:\/\/cleitonpinheiro.com.br\/site\/tres-brasileiros-vao-a-semi-de-etapa-da-copa-do-mundo-de-skate-street\/#primaryimage\",\"url\":\"https:\/\/cleitonpinheiro.com.br\/site\/wp-content\/uploads\/2025\/11\/giovanni_vianna_joao_lucas_e_wallace_gabriel_semi_japao_skate.webp\",\"contentUrl\":\"https:\/\/cleitonpinheiro.com.br\/site\/wp-content\/uploads\/2025\/11\/giovanni_vianna_joao_lucas_e_wallace_gabriel_semi_japao_skate.webp\",\"width\":1170,\"height\":700,\"caption\":\"\u00a9 Julio Detefon\/CBSK\/Direitos Reservados\"},{\"@type\":\"BreadcrumbList\",\"@id\":\"https:\/\/cleitonpinheiro.com.br\/site\/tres-brasileiros-vao-a-semi-de-etapa-da-copa-do-mundo-de-skate-street\/#breadcrumb\",\"itemListElement\":[{\"@type\":\"ListItem\",\"position\":1,\"name\":\"In\u00edcio\",\"item\":\"https:\/\/cleitonpinheiro.com.br\/site\/\"},{\"@type\":\"ListItem\",\"position\":2,\"name\":\"Tr\u00eas brasileiros v\u00e3o \u00e0 semi de etapa da Copa do Mundo de skate street\"}]},{\"@type\":\"WebSite\",\"@id\":\"https:\/\/cleitonpinheiro.com.br\/site\/#website\",\"url\":\"https:\/\/cleitonpinheiro.com.br\/site\/\",\"name\":\"PORTAL DE NOT\u00cdCIAS CLEITON PINHEIRO\",\"description\":\"FALANDO A VERDADE\",\"publisher\":{\"@id\":\"https:\/\/cleitonpinheiro.com.br\/site\/#organization\"},\"potentialAction\":[{\"@type\":\"SearchAction\",\"target\":{\"@type\":\"EntryPoint\",\"urlTemplate\":\"https:\/\/cleitonpinheiro.com.br\/site\/?s={search_term_string}\"},\"query-input\":{\"@type\":\"PropertyValueSpecification\",\"valueRequired\":true,\"valueName\":\"search_term_string\"}}],\"inLanguage\":\"pt-BR\"},{\"@type\":\"Organization\",\"@id\":\"https:\/\/cleitonpinheiro.com.br\/site\/#organization\",\"name\":\"CPNOT\u00cdCIAS\",\"url\":\"https:\/\/cleitonpinheiro.com.br\/site\/\",\"logo\":{\"@type\":\"ImageObject\",\"inLanguage\":\"pt-BR\",\"@id\":\"https:\/\/cleitonpinheiro.com.br\/site\/#\/schema\/logo\/image\/\",\"url\":\"https:\/\/cleitonpinheiro.com.br\/site\/wp-content\/uploads\/2022\/08\/Logo-pequena-2.png\",\"contentUrl\":\"https:\/\/cleitonpinheiro.com.br\/site\/wp-content\/uploads\/2022\/08\/Logo-pequena-2.png\",\"width\":500,\"height\":500,\"caption\":\"CPNOT\u00cdCIAS\"},\"image\":{\"@id\":\"https:\/\/cleitonpinheiro.com.br\/site\/#\/schema\/logo\/image\/\"},\"sameAs\":[\"https:\/\/www.facebook.com\/portalcpnoticias\/\"]},{\"@type\":\"Person\",\"@id\":\"https:\/\/cleitonpinheiro.com.br\/site\/#\/schema\/person\/8f04544e0bc40a1b68775b08360f87db\",\"name\":\"Reda\u00e7\u00e3o CP\",\"image\":{\"@type\":\"ImageObject\",\"inLanguage\":\"pt-BR\",\"@id\":\"https:\/\/cleitonpinheiro.com.br\/site\/#\/schema\/person\/image\/\",\"url\":\"https:\/\/secure.gravatar.com\/avatar\/0bcf19cb29fdc8fc588c490c7ae1b3e174dac268586a63fbe1d1893a0f9020cd?s=96&r=g\",\"contentUrl\":\"https:\/\/secure.gravatar.com\/avatar\/0bcf19cb29fdc8fc588c490c7ae1b3e174dac268586a63fbe1d1893a0f9020cd?s=96&r=g\",\"caption\":\"Reda\u00e7\u00e3o CP\"},\"url\":\"https:\/\/cleitonpinheiro.com.br\/site\/author\/redacao\/\"}]}<\/script>\n<!-- \/ Yoast SEO plugin. -->","yoast_head_json":{"title":"Tr\u00eas brasileiros v\u00e3o \u00e0 semi de etapa da Copa do Mundo de skate street - PORTAL DE NOT\u00cdCIAS CLEITON PINHEIRO","robots":{"index":"index","follow":"follow","max-snippet":"max-snippet:-1","max-image-preview":"max-image-preview:large","max-video-preview":"max-video-preview:-1"},"canonical":"https:\/\/cleitonpinheiro.com.br\/site\/tres-brasileiros-vao-a-semi-de-etapa-da-copa-do-mundo-de-skate-street\/","og_locale":"pt_BR","og_type":"article","og_title":"Tr\u00eas brasileiros v\u00e3o \u00e0 semi de etapa da Copa do Mundo de skate street - PORTAL DE NOT\u00cdCIAS CLEITON PINHEIRO","og_description":"Os brasileiros Giovanni Vianna, Jo\u00e3o Lucas e Wallace Gabriel avan\u00e7aram nesta sexta-feira (28) \u00e0s semifinais da segunda e \u00faltima etapa da Copa do Mundo de&nbsp;skate street,&nbsp;em Kitakyushu (Jap\u00e3o). Eles&nbsp;voltar\u00e3o \u00e0 pista a partir das 4h35 (hor\u00e1rio de Bras\u00edlia) deste s\u00e1bado (29) em busca de vaga na decis\u00e3o do t\u00edtulo. J\u00e1 Ivan Monteiro, Isabelly \u00c1vila e [&hellip;]","og_url":"https:\/\/cleitonpinheiro.com.br\/site\/tres-brasileiros-vao-a-semi-de-etapa-da-copa-do-mundo-de-skate-street\/","og_site_name":"PORTAL DE NOT\u00cdCIAS CLEITON PINHEIRO","article_publisher":"https:\/\/www.facebook.com\/portalcpnoticias\/","article_published_time":"2025-11-28T20:14:00+00:00","article_modified_time":"2025-11-28T20:14:06+00:00","og_image":[{"width":1170,"height":700,"url":"https:\/\/cleitonpinheiro.com.br\/site\/wp-content\/uploads\/2025\/11\/giovanni_vianna_joao_lucas_e_wallace_gabriel_semi_japao_skate.webp","type":"image\/webp"}],"author":"Reda\u00e7\u00e3o CP","twitter_card":"summary_large_image","twitter_misc":{"Escrito por":"Reda\u00e7\u00e3o CP","Est. tempo de leitura":"3 minutos"},"schema":{"@context":"https:\/\/schema.org","@graph":[{"@type":"Article","@id":"https:\/\/cleitonpinheiro.com.br\/site\/tres-brasileiros-vao-a-semi-de-etapa-da-copa-do-mundo-de-skate-street\/#article","isPartOf":{"@id":"https:\/\/cleitonpinheiro.com.br\/site\/tres-brasileiros-vao-a-semi-de-etapa-da-copa-do-mundo-de-skate-street\/"},"author":{"name":"Reda\u00e7\u00e3o CP","@id":"https:\/\/cleitonpinheiro.com.br\/site\/#\/schema\/person\/8f04544e0bc40a1b68775b08360f87db"},"headline":"Tr\u00eas brasileiros v\u00e3o \u00e0 semi de etapa da Copa do Mundo de skate street","datePublished":"2025-11-28T20:14:00+00:00","dateModified":"2025-11-28T20:14:06+00:00","mainEntityOfPage":{"@id":"https:\/\/cleitonpinheiro.com.br\/site\/tres-brasileiros-vao-a-semi-de-etapa-da-copa-do-mundo-de-skate-street\/"},"wordCount":304,"commentCount":0,"publisher":{"@id":"https:\/\/cleitonpinheiro.com.br\/site\/#organization"},"image":{"@id":"https:\/\/cleitonpinheiro.com.br\/site\/tres-brasileiros-vao-a-semi-de-etapa-da-copa-do-mundo-de-skate-street\/#primaryimage"},"thumbnailUrl":"https:\/\/cleitonpinheiro.com.br\/site\/wp-content\/uploads\/2025\/11\/giovanni_vianna_joao_lucas_e_wallace_gabriel_semi_japao_skate.webp","articleSection":["ESPORTE","NOT\u00cdCIAS EM DESTAQUE","TODAS NOTICIAS"],"inLanguage":"pt-BR","potentialAction":[{"@type":"CommentAction","name":"Comment","target":["https:\/\/cleitonpinheiro.com.br\/site\/tres-brasileiros-vao-a-semi-de-etapa-da-copa-do-mundo-de-skate-street\/#respond"]}]},{"@type":"WebPage","@id":"https:\/\/cleitonpinheiro.com.br\/site\/tres-brasileiros-vao-a-semi-de-etapa-da-copa-do-mundo-de-skate-street\/","url":"https:\/\/cleitonpinheiro.com.br\/site\/tres-brasileiros-vao-a-semi-de-etapa-da-copa-do-mundo-de-skate-street\/","name":"Tr\u00eas brasileiros v\u00e3o \u00e0 semi de etapa da Copa do Mundo de skate street - PORTAL DE NOT\u00cdCIAS CLEITON PINHEIRO","isPartOf":{"@id":"https:\/\/cleitonpinheiro.com.br\/site\/#website"},"primaryImageOfPage":{"@id":"https:\/\/cleitonpinheiro.com.br\/site\/tres-brasileiros-vao-a-semi-de-etapa-da-copa-do-mundo-de-skate-street\/#primaryimage"},"image":{"@id":"https:\/\/cleitonpinheiro.com.br\/site\/tres-brasileiros-vao-a-semi-de-etapa-da-copa-do-mundo-de-skate-street\/#primaryimage"},"thumbnailUrl":"https:\/\/cleitonpinheiro.com.br\/site\/wp-content\/uploads\/2025\/11\/giovanni_vianna_joao_lucas_e_wallace_gabriel_semi_japao_skate.webp","datePublished":"2025-11-28T20:14:00+00:00","dateModified":"2025-11-28T20:14:06+00:00","breadcrumb":{"@id":"https:\/\/cleitonpinheiro.com.br\/site\/tres-brasileiros-vao-a-semi-de-etapa-da-copa-do-mundo-de-skate-street\/#breadcrumb"},"inLanguage":"pt-BR","potentialAction":[{"@type":"ReadAction","target":["https:\/\/cleitonpinheiro.com.br\/site\/tres-brasileiros-vao-a-semi-de-etapa-da-copa-do-mundo-de-skate-street\/"]}]},{"@type":"ImageObject","inLanguage":"pt-BR","@id":"https:\/\/cleitonpinheiro.com.br\/site\/tres-brasileiros-vao-a-semi-de-etapa-da-copa-do-mundo-de-skate-street\/#primaryimage","url":"https:\/\/cleitonpinheiro.com.br\/site\/wp-content\/uploads\/2025\/11\/giovanni_vianna_joao_lucas_e_wallace_gabriel_semi_japao_skate.webp","contentUrl":"https:\/\/cleitonpinheiro.com.br\/site\/wp-content\/uploads\/2025\/11\/giovanni_vianna_joao_lucas_e_wallace_gabriel_semi_japao_skate.webp","width":1170,"height":700,"caption":"\u00a9 Julio Detefon\/CBSK\/Direitos Reservados"},{"@type":"BreadcrumbList","@id":"https:\/\/cleitonpinheiro.com.br\/site\/tres-brasileiros-vao-a-semi-de-etapa-da-copa-do-mundo-de-skate-street\/#breadcrumb","itemListElement":[{"@type":"ListItem","position":1,"name":"In\u00edcio","item":"https:\/\/cleitonpinheiro.com.br\/site\/"},{"@type":"ListItem","position":2,"name":"Tr\u00eas brasileiros v\u00e3o \u00e0 semi de etapa da Copa do Mundo de skate street"}]},{"@type":"WebSite","@id":"https:\/\/cleitonpinheiro.com.br\/site\/#website","url":"https:\/\/cleitonpinheiro.com.br\/site\/","name":"PORTAL DE NOT\u00cdCIAS CLEITON PINHEIRO","description":"FALANDO A VERDADE","publisher":{"@id":"https:\/\/cleitonpinheiro.com.br\/site\/#organization"},"potentialAction":[{"@type":"SearchAction","target":{"@type":"EntryPoint","urlTemplate":"https:\/\/cleitonpinheiro.com.br\/site\/?s={search_term_string}"},"query-input":{"@type":"PropertyValueSpecification","valueRequired":true,"valueName":"search_term_string"}}],"inLanguage":"pt-BR"},{"@type":"Organization","@id":"https:\/\/cleitonpinheiro.com.br\/site\/#organization","name":"CPNOT\u00cdCIAS","url":"https:\/\/cleitonpinheiro.com.br\/site\/","logo":{"@type":"ImageObject","inLanguage":"pt-BR","@id":"https:\/\/cleitonpinheiro.com.br\/site\/#\/schema\/logo\/image\/","url":"https:\/\/cleitonpinheiro.com.br\/site\/wp-content\/uploads\/2022\/08\/Logo-pequena-2.png","contentUrl":"https:\/\/cleitonpinheiro.com.br\/site\/wp-content\/uploads\/2022\/08\/Logo-pequena-2.png","width":500,"height":500,"caption":"CPNOT\u00cdCIAS"},"image":{"@id":"https:\/\/cleitonpinheiro.com.br\/site\/#\/schema\/logo\/image\/"},"sameAs":["https:\/\/www.facebook.com\/portalcpnoticias\/"]},{"@type":"Person","@id":"https:\/\/cleitonpinheiro.com.br\/site\/#\/schema\/person\/8f04544e0bc40a1b68775b08360f87db","name":"Reda\u00e7\u00e3o CP","image":{"@type":"ImageObject","inLanguage":"pt-BR","@id":"https:\/\/cleitonpinheiro.com.br\/site\/#\/schema\/person\/image\/","url":"https:\/\/secure.gravatar.com\/avatar\/0bcf19cb29fdc8fc588c490c7ae1b3e174dac268586a63fbe1d1893a0f9020cd?s=96&r=g","contentUrl":"https:\/\/secure.gravatar.com\/avatar\/0bcf19cb29fdc8fc588c490c7ae1b3e174dac268586a63fbe1d1893a0f9020cd?s=96&r=g","caption":"Reda\u00e7\u00e3o CP"},"url":"https:\/\/cleitonpinheiro.com.br\/site\/author\/redacao\/"}]}},"views":100,"_links":{"self":[{"href":"https:\/\/cleitonpinheiro.com.br\/site\/wp-json\/wp\/v2\/posts\/87577","targetHints":{"allow":["GET"]}}],"collection":[{"href":"https:\/\/cleitonpinheiro.com.br\/site\/wp-json\/wp\/v2\/posts"}],"about":[{"href":"https:\/\/cleitonpinheiro.com.br\/site\/wp-json\/wp\/v2\/types\/post"}],"author":[{"embeddable":true,"href":"https:\/\/cleitonpinheiro.com.br\/site\/wp-json\/wp\/v2\/users\/13"}],"replies":[{"embeddable":true,"href":"https:\/\/cleitonpinheiro.com.br\/site\/wp-json\/wp\/v2\/comments?post=87577"}],"version-history":[{"count":1,"href":"https:\/\/cleitonpinheiro.com.br\/site\/wp-json\/wp\/v2\/posts\/87577\/revisions"}],"predecessor-version":[{"id":87579,"href":"https:\/\/cleitonpinheiro.com.br\/site\/wp-json\/wp\/v2\/posts\/87577\/revisions\/87579"}],"wp:featuredmedia":[{"embeddable":true,"href":"https:\/\/cleitonpinheiro.com.br\/site\/wp-json\/wp\/v2\/media\/87578"}],"wp:attachment":[{"href":"https:\/\/cleitonpinheiro.com.br\/site\/wp-json\/wp\/v2\/media?parent=87577"}],"wp:term":[{"taxonomy":"category","embeddable":true,"href":"https:\/\/cleitonpinheiro.com.br\/site\/wp-json\/wp\/v2\/categories?post=87577"},{"taxonomy":"post_tag","embeddable":true,"href":"https:\/\/cleitonpinheiro.com.br\/site\/wp-json\/wp\/v2\/tags?post=87577"}],"curies":[{"name":"wp","href":"https:\/\/api.w.org\/{rel}","templated":true}]}}