{"id":87651,"date":"2025-12-15T08:33:00","date_gmt":"2025-12-15T11:33:00","guid":{"rendered":"https:\/\/cleitonpinheiro.com.br\/site\/?p=87651"},"modified":"2025-12-16T15:33:46","modified_gmt":"2025-12-16T18:33:46","slug":"estado-de-sao-paulo-confirma-segundo-caso-de-sarampo-em-2025","status":"publish","type":"post","link":"https:\/\/cleitonpinheiro.com.br\/site\/estado-de-sao-paulo-confirma-segundo-caso-de-sarampo-em-2025\/","title":{"rendered":"Estado de S\u00e3o Paulo confirma segundo caso de sarampo em 2025"},"content":{"rendered":"\n<figure class=\"wp-block-image size-large\"><img fetchpriority=\"high\" decoding=\"async\" width=\"1024\" height=\"613\" src=\"https:\/\/cleitonpinheiro.com.br\/site\/wp-content\/uploads\/2025\/12\/d6a6407-1024x613.webp\" alt=\"\" class=\"wp-image-87652\" srcset=\"https:\/\/cleitonpinheiro.com.br\/site\/wp-content\/uploads\/2025\/12\/d6a6407-1024x613.webp 1024w, https:\/\/cleitonpinheiro.com.br\/site\/wp-content\/uploads\/2025\/12\/d6a6407-300x179.webp 300w, https:\/\/cleitonpinheiro.com.br\/site\/wp-content\/uploads\/2025\/12\/d6a6407-768x459.webp 768w, https:\/\/cleitonpinheiro.com.br\/site\/wp-content\/uploads\/2025\/12\/d6a6407.webp 1170w\" sizes=\"(max-width: 1024px) 100vw, 1024px\" \/><figcaption class=\"wp-element-caption\">\u00a9 Fernando Fraz\u00e3o\/Ag\u00eancia Brasil<\/figcaption><\/figure>\n\n\n\n<p><strong>O estado de S\u00e3o Paulo registrou o segundo caso de sarampo este ano. Segundo a&nbsp;Secretaria Estadual da Sa\u00fade, o paciente \u00e9&nbsp;um homem de 27 anos, morador da capital paulista, n\u00e3o vacinado e que havia viajado recentemente ao exterior. Segundo a pasta, ele j\u00e1 recebeu atendimento m\u00e9dico e teve alta.<\/strong><img decoding=\"async\" src=\"https:\/\/agenciabrasil.ebc.com.br\/ebc.png?id=1672026&amp;o=node\"><img decoding=\"async\" src=\"https:\/\/agenciabrasil.ebc.com.br\/ebc.gif?id=1672026&amp;o=node\"><\/p>\n\n\n\n<p>O<a href=\"https:\/\/agenciabrasil.ebc.com.br\/saude\/noticia\/2025-04\/estado-de-sao-paulo-registra-primeiro-caso-de-sarampo-neste-ano\" target=\"_blank\" rel=\"noreferrer noopener\">&nbsp;outro caso&nbsp;<\/a>havia sido identificado em abril deste ano, tamb\u00e9m em um morador da capital paulista.<\/p>\n\n\n\n<p><strong>Entre janeiro e novembro deste ano,&nbsp;<a href=\"https:\/\/agenciabrasil.ebc.com.br\/saude\/noticia\/2025-11\/brasil-tem-37-casos-de-sarampo-mas-ainda-e-area-livre-da-doenca\" target=\"_blank\" rel=\"noreferrer noopener\">37 casos de sarampo<\/a>&nbsp;foram confirmados em todo o Brasil<\/strong>, segundo informa\u00e7\u00f5es do Minist\u00e9rio da Sa\u00fade.&nbsp;<strong>Todos estes casos foram&nbsp;importados, ou seja, adquiridos em viagens, sem transmiss\u00e3o local do v\u00edrus.<\/strong><\/p>\n\n\n\n<p>O n\u00famero de casos de sarampo vem se intensificando neste ano na regi\u00e3o das Am\u00e9ricas. At\u00e9 o dia 7 de novembro de 2025, segundo a Organiza\u00e7\u00e3o Pan-Americana da&nbsp;Sa\u00fade (Opas), foram confirmados 12.596 casos de sarampo em dez pa\u00edses das Am\u00e9ricas, com 28 \u00f3bitos, a maior parte deles registrados no M\u00e9xico.<\/p>\n\n\n\n<p>De acordo com a Opas, essa transmiss\u00e3o tem afetado principalmente comunidades com baixa cobertura vacinal: 89% dos casos ocorreram em pessoas n\u00e3o vacinadas ou com&nbsp;<em>status<\/em>&nbsp;vacinal desconhecido.<\/p>\n\n\n\n<h2 class=\"wp-block-heading\">Sarampo e vacina\u00e7\u00e3o<\/h2>\n\n\n\n<p>O sarampo \u00e9 uma doen\u00e7a infecciosa altamente contagiosa e que j\u00e1 foi uma das principais causas de mortalidade infantil no mundo. A transmiss\u00e3o do v\u00edrus ocorre de pessoa a pessoa, por via a\u00e9rea, seja ao tossir, espirrar, falar ou respirar.<\/p>\n\n\n\n<p>A doen\u00e7a \u00e9 t\u00e3o contagioso que um paciente infectado&nbsp;pode transmiti-la para 90% das pessoas pr\u00f3ximas e que n\u00e3o estejam imunes. Por isso, a vacina\u00e7\u00e3o contra o sarampo \u00e9 extremamente importante.&nbsp;<strong>A imuniza\u00e7\u00e3o \u00e9 a principal forma de preven\u00e7\u00e3o contra a doen\u00e7a.<\/strong><\/p>\n\n\n\n<p>Os principais sintomas do sarampo s\u00e3o manchas vermelhas no corpo e febre alta, acima de 38,5 graus, acompanhada de tosse, conjuntivite, nariz escorrendo ou mal-estar intenso. Os casos podem evoluir para complica\u00e7\u00f5es graves podendo causar diarreia intensa, infec\u00e7\u00f5es de ouvido, cegueira, pneumonia e encefalite (inflama\u00e7\u00e3o do c\u00e9rebro). Algumas dessas complica\u00e7\u00f5es podem ser fatais.<\/p>\n\n\n\n<h2 class=\"wp-block-heading\">Certificado<\/h2>\n\n\n\n<p>Em 2016, o Brasil havia recebido a certifica\u00e7\u00e3o da elimina\u00e7\u00e3o do v\u00edrus que causa o sarampo. Segundo o Minist\u00e9rio da Sa\u00fade, nos anos de 2016 e 2017 n\u00e3o foram confirmados casos da doen\u00e7a, no entanto, em 2018, com o grande fluxo migrat\u00f3rio associado \u00e0s baixas coberturas vacinais, o v\u00edrus voltou a circular. Em 2019, o Brasil perdeu a certifica\u00e7\u00e3o de \u201cpa\u00eds livre do v\u00edrus do sarampo\u201d, com o registro de mais de 21,7 mil casos.<\/p>\n\n\n\n<p>Em junho de 2022, o pa\u00eds registrou o \u00faltimo caso end\u00eamico de sarampo, no Amap\u00e1. Com isso, em novembro do ano passado, a Opas&nbsp;voltou a certificar o Brasil como livre da circula\u00e7\u00e3o do v\u00edrus, mesmo com o registro de casos importados da doen\u00e7a. Isso ocorreu porque o pa\u00eds conseguiu demonstrar que n\u00e3o houve transmiss\u00e3o do v\u00edrus do sarampo em territ\u00f3rio nacional por pelo menos um ano.<\/p>\n\n\n\n<p><strong>Em novembro passado, com a alta circula\u00e7\u00e3o do v\u00edrus, a Opas anunciou que a regi\u00e3o das Am\u00e9ricas&nbsp;<a href=\"https:\/\/agenciabrasil.ebc.com.br\/saude\/noticia\/2025-11\/continente-americano-perde-certificacao-de-eliminacao-do-sarampo\" target=\"_blank\" rel=\"noreferrer noopener\">perdeu a verifica\u00e7\u00e3o<\/a>&nbsp;de \u00e1rea livre da transmiss\u00e3o end\u00eamica do sarampo. Apesar disso, o Minist\u00e9rio da Sa\u00fade informou que o Brasil ainda mant\u00e9m a sua certifica\u00e7\u00e3o internacional de pa\u00eds livre da circula\u00e7\u00e3o do v\u00edrus.<\/strong><\/p>\n\n\n\n<p>Texto: Elaine Patricia Cruz \u2013 Rep\u00f3rter da Ag\u00eancia Brasil<\/p>\n","protected":false},"excerpt":{"rendered":"<p>O estado de S\u00e3o Paulo registrou o segundo caso de sarampo este ano. Segundo a&nbsp;Secretaria Estadual da Sa\u00fade, o paciente \u00e9&nbsp;um homem de 27 anos, morador da capital paulista, n\u00e3o vacinado e que havia viajado recentemente ao exterior. Segundo a pasta, ele j\u00e1 recebeu atendimento m\u00e9dico e teve alta. O&nbsp;outro caso&nbsp;havia sido identificado em abril [&hellip;]<\/p>\n","protected":false},"author":13,"featured_media":87652,"comment_status":"open","ping_status":"open","sticky":false,"template":"","format":"standard","meta":{"_acf_changed":false,"footnotes":""},"categories":[1],"tags":[],"class_list":["post-87651","post","type-post","status-publish","format-standard","has-post-thumbnail","hentry","category-esporte"],"acf":[],"yoast_head":"<!-- This site is optimized with the Yoast SEO plugin v24.4 - https:\/\/yoast.com\/wordpress\/plugins\/seo\/ -->\n<title>Estado de S\u00e3o Paulo confirma segundo caso de sarampo em 2025 - PORTAL DE NOT\u00cdCIAS CLEITON PINHEIRO<\/title>\n<meta name=\"robots\" content=\"index, follow, max-snippet:-1, max-image-preview:large, max-video-preview:-1\" \/>\n<link rel=\"canonical\" href=\"https:\/\/cleitonpinheiro.com.br\/site\/estado-de-sao-paulo-confirma-segundo-caso-de-sarampo-em-2025\/\" \/>\n<meta property=\"og:locale\" content=\"pt_BR\" \/>\n<meta property=\"og:type\" content=\"article\" \/>\n<meta property=\"og:title\" content=\"Estado de S\u00e3o Paulo confirma segundo caso de sarampo em 2025 - PORTAL DE NOT\u00cdCIAS CLEITON PINHEIRO\" \/>\n<meta property=\"og:description\" content=\"O estado de S\u00e3o Paulo registrou o segundo caso de sarampo este ano. Segundo a&nbsp;Secretaria Estadual da Sa\u00fade, o paciente \u00e9&nbsp;um homem de 27 anos, morador da capital paulista, n\u00e3o vacinado e que havia viajado recentemente ao exterior. Segundo a pasta, ele j\u00e1 recebeu atendimento m\u00e9dico e teve alta. O&nbsp;outro caso&nbsp;havia sido identificado em abril [&hellip;]\" \/>\n<meta property=\"og:url\" content=\"https:\/\/cleitonpinheiro.com.br\/site\/estado-de-sao-paulo-confirma-segundo-caso-de-sarampo-em-2025\/\" \/>\n<meta property=\"og:site_name\" content=\"PORTAL DE NOT\u00cdCIAS CLEITON PINHEIRO\" \/>\n<meta property=\"article:publisher\" content=\"https:\/\/www.facebook.com\/portalcpnoticias\/\" \/>\n<meta property=\"article:published_time\" content=\"2025-12-15T11:33:00+00:00\" \/>\n<meta property=\"article:modified_time\" content=\"2025-12-16T18:33:46+00:00\" \/>\n<meta property=\"og:image\" content=\"https:\/\/cleitonpinheiro.com.br\/site\/wp-content\/uploads\/2025\/12\/d6a6407.webp\" \/>\n\t<meta property=\"og:image:width\" content=\"1170\" \/>\n\t<meta property=\"og:image:height\" content=\"700\" \/>\n\t<meta property=\"og:image:type\" content=\"image\/webp\" \/>\n<meta name=\"author\" content=\"Reda\u00e7\u00e3o CP\" \/>\n<meta name=\"twitter:card\" content=\"summary_large_image\" \/>\n<meta name=\"twitter:label1\" content=\"Escrito por\" \/>\n\t<meta name=\"twitter:data1\" content=\"Reda\u00e7\u00e3o CP\" \/>\n\t<meta name=\"twitter:label2\" content=\"Est. tempo de leitura\" \/>\n\t<meta name=\"twitter:data2\" content=\"4 minutos\" \/>\n<script type=\"application\/ld+json\" class=\"yoast-schema-graph\">{\"@context\":\"https:\/\/schema.org\",\"@graph\":[{\"@type\":\"Article\",\"@id\":\"https:\/\/cleitonpinheiro.com.br\/site\/estado-de-sao-paulo-confirma-segundo-caso-de-sarampo-em-2025\/#article\",\"isPartOf\":{\"@id\":\"https:\/\/cleitonpinheiro.com.br\/site\/estado-de-sao-paulo-confirma-segundo-caso-de-sarampo-em-2025\/\"},\"author\":{\"name\":\"Reda\u00e7\u00e3o CP\",\"@id\":\"https:\/\/cleitonpinheiro.com.br\/site\/#\/schema\/person\/8f04544e0bc40a1b68775b08360f87db\"},\"headline\":\"Estado de S\u00e3o Paulo confirma segundo caso de sarampo em 2025\",\"datePublished\":\"2025-12-15T11:33:00+00:00\",\"dateModified\":\"2025-12-16T18:33:46+00:00\",\"mainEntityOfPage\":{\"@id\":\"https:\/\/cleitonpinheiro.com.br\/site\/estado-de-sao-paulo-confirma-segundo-caso-de-sarampo-em-2025\/\"},\"wordCount\":613,\"commentCount\":0,\"publisher\":{\"@id\":\"https:\/\/cleitonpinheiro.com.br\/site\/#organization\"},\"image\":{\"@id\":\"https:\/\/cleitonpinheiro.com.br\/site\/estado-de-sao-paulo-confirma-segundo-caso-de-sarampo-em-2025\/#primaryimage\"},\"thumbnailUrl\":\"https:\/\/cleitonpinheiro.com.br\/site\/wp-content\/uploads\/2025\/12\/d6a6407.webp\",\"articleSection\":[\"ESPORTE\"],\"inLanguage\":\"pt-BR\",\"potentialAction\":[{\"@type\":\"CommentAction\",\"name\":\"Comment\",\"target\":[\"https:\/\/cleitonpinheiro.com.br\/site\/estado-de-sao-paulo-confirma-segundo-caso-de-sarampo-em-2025\/#respond\"]}]},{\"@type\":\"WebPage\",\"@id\":\"https:\/\/cleitonpinheiro.com.br\/site\/estado-de-sao-paulo-confirma-segundo-caso-de-sarampo-em-2025\/\",\"url\":\"https:\/\/cleitonpinheiro.com.br\/site\/estado-de-sao-paulo-confirma-segundo-caso-de-sarampo-em-2025\/\",\"name\":\"Estado de S\u00e3o Paulo confirma segundo caso de sarampo em 2025 - PORTAL DE NOT\u00cdCIAS CLEITON PINHEIRO\",\"isPartOf\":{\"@id\":\"https:\/\/cleitonpinheiro.com.br\/site\/#website\"},\"primaryImageOfPage\":{\"@id\":\"https:\/\/cleitonpinheiro.com.br\/site\/estado-de-sao-paulo-confirma-segundo-caso-de-sarampo-em-2025\/#primaryimage\"},\"image\":{\"@id\":\"https:\/\/cleitonpinheiro.com.br\/site\/estado-de-sao-paulo-confirma-segundo-caso-de-sarampo-em-2025\/#primaryimage\"},\"thumbnailUrl\":\"https:\/\/cleitonpinheiro.com.br\/site\/wp-content\/uploads\/2025\/12\/d6a6407.webp\",\"datePublished\":\"2025-12-15T11:33:00+00:00\",\"dateModified\":\"2025-12-16T18:33:46+00:00\",\"breadcrumb\":{\"@id\":\"https:\/\/cleitonpinheiro.com.br\/site\/estado-de-sao-paulo-confirma-segundo-caso-de-sarampo-em-2025\/#breadcrumb\"},\"inLanguage\":\"pt-BR\",\"potentialAction\":[{\"@type\":\"ReadAction\",\"target\":[\"https:\/\/cleitonpinheiro.com.br\/site\/estado-de-sao-paulo-confirma-segundo-caso-de-sarampo-em-2025\/\"]}]},{\"@type\":\"ImageObject\",\"inLanguage\":\"pt-BR\",\"@id\":\"https:\/\/cleitonpinheiro.com.br\/site\/estado-de-sao-paulo-confirma-segundo-caso-de-sarampo-em-2025\/#primaryimage\",\"url\":\"https:\/\/cleitonpinheiro.com.br\/site\/wp-content\/uploads\/2025\/12\/d6a6407.webp\",\"contentUrl\":\"https:\/\/cleitonpinheiro.com.br\/site\/wp-content\/uploads\/2025\/12\/d6a6407.webp\",\"width\":1170,\"height\":700,\"caption\":\"\u00a9 Fernando Fraz\u00e3o\/Ag\u00eancia Brasil\"},{\"@type\":\"BreadcrumbList\",\"@id\":\"https:\/\/cleitonpinheiro.com.br\/site\/estado-de-sao-paulo-confirma-segundo-caso-de-sarampo-em-2025\/#breadcrumb\",\"itemListElement\":[{\"@type\":\"ListItem\",\"position\":1,\"name\":\"In\u00edcio\",\"item\":\"https:\/\/cleitonpinheiro.com.br\/site\/\"},{\"@type\":\"ListItem\",\"position\":2,\"name\":\"Estado de S\u00e3o Paulo confirma segundo caso de sarampo em 2025\"}]},{\"@type\":\"WebSite\",\"@id\":\"https:\/\/cleitonpinheiro.com.br\/site\/#website\",\"url\":\"https:\/\/cleitonpinheiro.com.br\/site\/\",\"name\":\"PORTAL DE NOT\u00cdCIAS CLEITON PINHEIRO\",\"description\":\"FALANDO A VERDADE\",\"publisher\":{\"@id\":\"https:\/\/cleitonpinheiro.com.br\/site\/#organization\"},\"potentialAction\":[{\"@type\":\"SearchAction\",\"target\":{\"@type\":\"EntryPoint\",\"urlTemplate\":\"https:\/\/cleitonpinheiro.com.br\/site\/?s={search_term_string}\"},\"query-input\":{\"@type\":\"PropertyValueSpecification\",\"valueRequired\":true,\"valueName\":\"search_term_string\"}}],\"inLanguage\":\"pt-BR\"},{\"@type\":\"Organization\",\"@id\":\"https:\/\/cleitonpinheiro.com.br\/site\/#organization\",\"name\":\"CPNOT\u00cdCIAS\",\"url\":\"https:\/\/cleitonpinheiro.com.br\/site\/\",\"logo\":{\"@type\":\"ImageObject\",\"inLanguage\":\"pt-BR\",\"@id\":\"https:\/\/cleitonpinheiro.com.br\/site\/#\/schema\/logo\/image\/\",\"url\":\"https:\/\/cleitonpinheiro.com.br\/site\/wp-content\/uploads\/2022\/08\/Logo-pequena-2.png\",\"contentUrl\":\"https:\/\/cleitonpinheiro.com.br\/site\/wp-content\/uploads\/2022\/08\/Logo-pequena-2.png\",\"width\":500,\"height\":500,\"caption\":\"CPNOT\u00cdCIAS\"},\"image\":{\"@id\":\"https:\/\/cleitonpinheiro.com.br\/site\/#\/schema\/logo\/image\/\"},\"sameAs\":[\"https:\/\/www.facebook.com\/portalcpnoticias\/\"]},{\"@type\":\"Person\",\"@id\":\"https:\/\/cleitonpinheiro.com.br\/site\/#\/schema\/person\/8f04544e0bc40a1b68775b08360f87db\",\"name\":\"Reda\u00e7\u00e3o CP\",\"image\":{\"@type\":\"ImageObject\",\"inLanguage\":\"pt-BR\",\"@id\":\"https:\/\/cleitonpinheiro.com.br\/site\/#\/schema\/person\/image\/\",\"url\":\"https:\/\/secure.gravatar.com\/avatar\/0bcf19cb29fdc8fc588c490c7ae1b3e174dac268586a63fbe1d1893a0f9020cd?s=96&r=g\",\"contentUrl\":\"https:\/\/secure.gravatar.com\/avatar\/0bcf19cb29fdc8fc588c490c7ae1b3e174dac268586a63fbe1d1893a0f9020cd?s=96&r=g\",\"caption\":\"Reda\u00e7\u00e3o CP\"},\"url\":\"https:\/\/cleitonpinheiro.com.br\/site\/author\/redacao\/\"}]}<\/script>\n<!-- \/ Yoast SEO plugin. -->","yoast_head_json":{"title":"Estado de S\u00e3o Paulo confirma segundo caso de sarampo em 2025 - PORTAL DE NOT\u00cdCIAS CLEITON PINHEIRO","robots":{"index":"index","follow":"follow","max-snippet":"max-snippet:-1","max-image-preview":"max-image-preview:large","max-video-preview":"max-video-preview:-1"},"canonical":"https:\/\/cleitonpinheiro.com.br\/site\/estado-de-sao-paulo-confirma-segundo-caso-de-sarampo-em-2025\/","og_locale":"pt_BR","og_type":"article","og_title":"Estado de S\u00e3o Paulo confirma segundo caso de sarampo em 2025 - PORTAL DE NOT\u00cdCIAS CLEITON PINHEIRO","og_description":"O estado de S\u00e3o Paulo registrou o segundo caso de sarampo este ano. Segundo a&nbsp;Secretaria Estadual da Sa\u00fade, o paciente \u00e9&nbsp;um homem de 27 anos, morador da capital paulista, n\u00e3o vacinado e que havia viajado recentemente ao exterior. Segundo a pasta, ele j\u00e1 recebeu atendimento m\u00e9dico e teve alta. O&nbsp;outro caso&nbsp;havia sido identificado em abril [&hellip;]","og_url":"https:\/\/cleitonpinheiro.com.br\/site\/estado-de-sao-paulo-confirma-segundo-caso-de-sarampo-em-2025\/","og_site_name":"PORTAL DE NOT\u00cdCIAS CLEITON PINHEIRO","article_publisher":"https:\/\/www.facebook.com\/portalcpnoticias\/","article_published_time":"2025-12-15T11:33:00+00:00","article_modified_time":"2025-12-16T18:33:46+00:00","og_image":[{"width":1170,"height":700,"url":"https:\/\/cleitonpinheiro.com.br\/site\/wp-content\/uploads\/2025\/12\/d6a6407.webp","type":"image\/webp"}],"author":"Reda\u00e7\u00e3o CP","twitter_card":"summary_large_image","twitter_misc":{"Escrito por":"Reda\u00e7\u00e3o CP","Est. tempo de leitura":"4 minutos"},"schema":{"@context":"https:\/\/schema.org","@graph":[{"@type":"Article","@id":"https:\/\/cleitonpinheiro.com.br\/site\/estado-de-sao-paulo-confirma-segundo-caso-de-sarampo-em-2025\/#article","isPartOf":{"@id":"https:\/\/cleitonpinheiro.com.br\/site\/estado-de-sao-paulo-confirma-segundo-caso-de-sarampo-em-2025\/"},"author":{"name":"Reda\u00e7\u00e3o CP","@id":"https:\/\/cleitonpinheiro.com.br\/site\/#\/schema\/person\/8f04544e0bc40a1b68775b08360f87db"},"headline":"Estado de S\u00e3o Paulo confirma segundo caso de sarampo em 2025","datePublished":"2025-12-15T11:33:00+00:00","dateModified":"2025-12-16T18:33:46+00:00","mainEntityOfPage":{"@id":"https:\/\/cleitonpinheiro.com.br\/site\/estado-de-sao-paulo-confirma-segundo-caso-de-sarampo-em-2025\/"},"wordCount":613,"commentCount":0,"publisher":{"@id":"https:\/\/cleitonpinheiro.com.br\/site\/#organization"},"image":{"@id":"https:\/\/cleitonpinheiro.com.br\/site\/estado-de-sao-paulo-confirma-segundo-caso-de-sarampo-em-2025\/#primaryimage"},"thumbnailUrl":"https:\/\/cleitonpinheiro.com.br\/site\/wp-content\/uploads\/2025\/12\/d6a6407.webp","articleSection":["ESPORTE"],"inLanguage":"pt-BR","potentialAction":[{"@type":"CommentAction","name":"Comment","target":["https:\/\/cleitonpinheiro.com.br\/site\/estado-de-sao-paulo-confirma-segundo-caso-de-sarampo-em-2025\/#respond"]}]},{"@type":"WebPage","@id":"https:\/\/cleitonpinheiro.com.br\/site\/estado-de-sao-paulo-confirma-segundo-caso-de-sarampo-em-2025\/","url":"https:\/\/cleitonpinheiro.com.br\/site\/estado-de-sao-paulo-confirma-segundo-caso-de-sarampo-em-2025\/","name":"Estado de S\u00e3o Paulo confirma segundo caso de sarampo em 2025 - PORTAL DE NOT\u00cdCIAS CLEITON PINHEIRO","isPartOf":{"@id":"https:\/\/cleitonpinheiro.com.br\/site\/#website"},"primaryImageOfPage":{"@id":"https:\/\/cleitonpinheiro.com.br\/site\/estado-de-sao-paulo-confirma-segundo-caso-de-sarampo-em-2025\/#primaryimage"},"image":{"@id":"https:\/\/cleitonpinheiro.com.br\/site\/estado-de-sao-paulo-confirma-segundo-caso-de-sarampo-em-2025\/#primaryimage"},"thumbnailUrl":"https:\/\/cleitonpinheiro.com.br\/site\/wp-content\/uploads\/2025\/12\/d6a6407.webp","datePublished":"2025-12-15T11:33:00+00:00","dateModified":"2025-12-16T18:33:46+00:00","breadcrumb":{"@id":"https:\/\/cleitonpinheiro.com.br\/site\/estado-de-sao-paulo-confirma-segundo-caso-de-sarampo-em-2025\/#breadcrumb"},"inLanguage":"pt-BR","potentialAction":[{"@type":"ReadAction","target":["https:\/\/cleitonpinheiro.com.br\/site\/estado-de-sao-paulo-confirma-segundo-caso-de-sarampo-em-2025\/"]}]},{"@type":"ImageObject","inLanguage":"pt-BR","@id":"https:\/\/cleitonpinheiro.com.br\/site\/estado-de-sao-paulo-confirma-segundo-caso-de-sarampo-em-2025\/#primaryimage","url":"https:\/\/cleitonpinheiro.com.br\/site\/wp-content\/uploads\/2025\/12\/d6a6407.webp","contentUrl":"https:\/\/cleitonpinheiro.com.br\/site\/wp-content\/uploads\/2025\/12\/d6a6407.webp","width":1170,"height":700,"caption":"\u00a9 Fernando Fraz\u00e3o\/Ag\u00eancia Brasil"},{"@type":"BreadcrumbList","@id":"https:\/\/cleitonpinheiro.com.br\/site\/estado-de-sao-paulo-confirma-segundo-caso-de-sarampo-em-2025\/#breadcrumb","itemListElement":[{"@type":"ListItem","position":1,"name":"In\u00edcio","item":"https:\/\/cleitonpinheiro.com.br\/site\/"},{"@type":"ListItem","position":2,"name":"Estado de S\u00e3o Paulo confirma segundo caso de sarampo em 2025"}]},{"@type":"WebSite","@id":"https:\/\/cleitonpinheiro.com.br\/site\/#website","url":"https:\/\/cleitonpinheiro.com.br\/site\/","name":"PORTAL DE NOT\u00cdCIAS CLEITON PINHEIRO","description":"FALANDO A VERDADE","publisher":{"@id":"https:\/\/cleitonpinheiro.com.br\/site\/#organization"},"potentialAction":[{"@type":"SearchAction","target":{"@type":"EntryPoint","urlTemplate":"https:\/\/cleitonpinheiro.com.br\/site\/?s={search_term_string}"},"query-input":{"@type":"PropertyValueSpecification","valueRequired":true,"valueName":"search_term_string"}}],"inLanguage":"pt-BR"},{"@type":"Organization","@id":"https:\/\/cleitonpinheiro.com.br\/site\/#organization","name":"CPNOT\u00cdCIAS","url":"https:\/\/cleitonpinheiro.com.br\/site\/","logo":{"@type":"ImageObject","inLanguage":"pt-BR","@id":"https:\/\/cleitonpinheiro.com.br\/site\/#\/schema\/logo\/image\/","url":"https:\/\/cleitonpinheiro.com.br\/site\/wp-content\/uploads\/2022\/08\/Logo-pequena-2.png","contentUrl":"https:\/\/cleitonpinheiro.com.br\/site\/wp-content\/uploads\/2022\/08\/Logo-pequena-2.png","width":500,"height":500,"caption":"CPNOT\u00cdCIAS"},"image":{"@id":"https:\/\/cleitonpinheiro.com.br\/site\/#\/schema\/logo\/image\/"},"sameAs":["https:\/\/www.facebook.com\/portalcpnoticias\/"]},{"@type":"Person","@id":"https:\/\/cleitonpinheiro.com.br\/site\/#\/schema\/person\/8f04544e0bc40a1b68775b08360f87db","name":"Reda\u00e7\u00e3o CP","image":{"@type":"ImageObject","inLanguage":"pt-BR","@id":"https:\/\/cleitonpinheiro.com.br\/site\/#\/schema\/person\/image\/","url":"https:\/\/secure.gravatar.com\/avatar\/0bcf19cb29fdc8fc588c490c7ae1b3e174dac268586a63fbe1d1893a0f9020cd?s=96&r=g","contentUrl":"https:\/\/secure.gravatar.com\/avatar\/0bcf19cb29fdc8fc588c490c7ae1b3e174dac268586a63fbe1d1893a0f9020cd?s=96&r=g","caption":"Reda\u00e7\u00e3o CP"},"url":"https:\/\/cleitonpinheiro.com.br\/site\/author\/redacao\/"}]}},"views":308,"_links":{"self":[{"href":"https:\/\/cleitonpinheiro.com.br\/site\/wp-json\/wp\/v2\/posts\/87651","targetHints":{"allow":["GET"]}}],"collection":[{"href":"https:\/\/cleitonpinheiro.com.br\/site\/wp-json\/wp\/v2\/posts"}],"about":[{"href":"https:\/\/cleitonpinheiro.com.br\/site\/wp-json\/wp\/v2\/types\/post"}],"author":[{"embeddable":true,"href":"https:\/\/cleitonpinheiro.com.br\/site\/wp-json\/wp\/v2\/users\/13"}],"replies":[{"embeddable":true,"href":"https:\/\/cleitonpinheiro.com.br\/site\/wp-json\/wp\/v2\/comments?post=87651"}],"version-history":[{"count":1,"href":"https:\/\/cleitonpinheiro.com.br\/site\/wp-json\/wp\/v2\/posts\/87651\/revisions"}],"predecessor-version":[{"id":87653,"href":"https:\/\/cleitonpinheiro.com.br\/site\/wp-json\/wp\/v2\/posts\/87651\/revisions\/87653"}],"wp:featuredmedia":[{"embeddable":true,"href":"https:\/\/cleitonpinheiro.com.br\/site\/wp-json\/wp\/v2\/media\/87652"}],"wp:attachment":[{"href":"https:\/\/cleitonpinheiro.com.br\/site\/wp-json\/wp\/v2\/media?parent=87651"}],"wp:term":[{"taxonomy":"category","embeddable":true,"href":"https:\/\/cleitonpinheiro.com.br\/site\/wp-json\/wp\/v2\/categories?post=87651"},{"taxonomy":"post_tag","embeddable":true,"href":"https:\/\/cleitonpinheiro.com.br\/site\/wp-json\/wp\/v2\/tags?post=87651"}],"curies":[{"name":"wp","href":"https:\/\/api.w.org\/{rel}","templated":true}]}}