{"id":87723,"date":"2026-01-05T08:56:10","date_gmt":"2026-01-05T11:56:10","guid":{"rendered":"https:\/\/cleitonpinheiro.com.br\/site\/?p=87723"},"modified":"2026-01-08T15:39:55","modified_gmt":"2026-01-08T18:39:55","slug":"rede-municipal-de-ensino-de-palmas-inicia-periodo-de-transferencias-de-estudantes-nesta-segunda-5","status":"publish","type":"post","link":"https:\/\/cleitonpinheiro.com.br\/site\/rede-municipal-de-ensino-de-palmas-inicia-periodo-de-transferencias-de-estudantes-nesta-segunda-5\/","title":{"rendered":"Rede Municipal de Ensino de Palmas inicia per\u00edodo de transfer\u00eancias de estudantes nesta segunda, 5"},"content":{"rendered":"\n<figure class=\"wp-block-image size-large\"><img fetchpriority=\"high\" decoding=\"async\" width=\"1024\" height=\"640\" src=\"https:\/\/cleitonpinheiro.com.br\/site\/wp-content\/uploads\/2026\/01\/MATRICULAS-SITE-1536x960-1-1024x640.jpg\" alt=\"\" class=\"wp-image-87724\" srcset=\"https:\/\/cleitonpinheiro.com.br\/site\/wp-content\/uploads\/2026\/01\/MATRICULAS-SITE-1536x960-1-1024x640.jpg 1024w, https:\/\/cleitonpinheiro.com.br\/site\/wp-content\/uploads\/2026\/01\/MATRICULAS-SITE-1536x960-1-300x188.jpg 300w, https:\/\/cleitonpinheiro.com.br\/site\/wp-content\/uploads\/2026\/01\/MATRICULAS-SITE-1536x960-1-768x480.jpg 768w, https:\/\/cleitonpinheiro.com.br\/site\/wp-content\/uploads\/2026\/01\/MATRICULAS-SITE-1536x960-1.jpg 1536w\" sizes=\"(max-width: 1024px) 100vw, 1024px\" \/><\/figure>\n\n\n\n<p>A Prefeitura de Palmas, por meio da Secretaria Municipal Educa\u00e7\u00e3o (Semed), inicia nesta segunda-feira, 5, o per\u00edodo de transfer\u00eancia autom\u00e1tica e solicita\u00e7\u00e3o de transfer\u00eancias de estudantes da rede municipal de ensino de Palmas referente ao ano letivo de 2026. J\u00e1 a partir do dia 12, abre o prazo para solicita\u00e7\u00e3o de matr\u00edculas de estudantes novatos, contemplando desde os Centros Municipais de Educa\u00e7\u00e3o Infantil (Cmeis) at\u00e9 os anos finais do Ensino Fundamental, em escolas de tempo parcial e integral.<\/p>\n\n\n\n<p>Todo o processo \u00e9 realizado por meio do Sistema Integrado de Matr\u00edculas de Palmas (SIMPalmas), onde pais ou respons\u00e1veis devem clicar na aba \u2018Solicitar Matr\u00edcula\u2019 e assim cadastrar o aluno, acompanhar a disponibilidade de vagas por unidade educacional e verificar a classifica\u00e7\u00e3o na lista de espera. \u201cImportante frisar que os pais ou respons\u00e1veis devem acessar a plataforma a partir das 12h do dia 5, oportunidade em que as secretarias das unidades educacionais estar\u00e3o abertas ao p\u00fablico, com servidores aptos a esclarecer qualquer d\u00favida\u201d, destaca o superintendente de Avalia\u00e7\u00e3o e Desempenho, Joneidson Marinho.<\/p>\n\n\n\n<p>A rede municipal conta com 82 unidades educacionais, e a classifica\u00e7\u00e3o dos estudantes segue os crit\u00e9rios especiais definidos na Portaria do SIMPalmas.<\/p>\n\n\n\n<p><strong>Cronograma<\/strong><\/p>\n\n\n\n<p>O per\u00edodo de transfer\u00eancia autom\u00e1tica e solicita\u00e7\u00e3o de transfer\u00eancias ocorre entre os dias 5 e 9 de janeiro. J\u00e1 entre 12 e 16 de janeiro, ser\u00e1 realizada a efetiva\u00e7\u00e3o das matr\u00edculas das solicita\u00e7\u00f5es de transfer\u00eancia da 1\u00aa etapa, al\u00e9m da solicita\u00e7\u00e3o de matr\u00edculas para estudantes novatos. A efetiva\u00e7\u00e3o das matr\u00edculas dos novatos acontece de 19 a 23 de janeiro. A partir do dia 19 de janeiro de 2026, tamb\u00e9m estar\u00e3o abertas as solicita\u00e7\u00f5es de matr\u00edcula da 2\u00aa etapa, destinadas \u00e0s vagas excedentes e \u00e0 lista de espera.<\/p>\n\n\n\n<p><strong>Documenta\u00e7\u00e3o para matr\u00edcula<\/strong><\/p>\n\n\n\n<p>Para a efetiva\u00e7\u00e3o da matr\u00edcula, pais ou respons\u00e1veis devem comparecer \u00e0 unidade educacional com os documentos pessoais do estudante, declara\u00e7\u00e3o de transfer\u00eancia ou hist\u00f3rico escolar (exceto para Educa\u00e7\u00e3o Infantil e Pr\u00e9-escola), foto 3\u00d74 recente e c\u00f3pias da certid\u00e3o de nascimento, comprovante de endere\u00e7o atualizado, cart\u00e3o SUS e CPF. Para estudantes maiores de 18 anos, \u00e9 exigido ainda o t\u00edtulo de eleitor e, para homens, a carteira de reservista ou CDI.<\/p>\n\n\n\n<p><strong>Situa\u00e7\u00e3o Vacinal Escolar<\/strong><\/p>\n\n\n\n<p>Entre os documentos obrigat\u00f3rios est\u00e1 tamb\u00e9m a Declara\u00e7\u00e3o de Situa\u00e7\u00e3o Vacinal Escolar, que comprova a situa\u00e7\u00e3o vacinal de crian\u00e7as e adolescentes. O documento informa se h\u00e1 pend\u00eancias e, quando necess\u00e1rio, indica quais doses precisam ser atualizadas, al\u00e9m de registrar situa\u00e7\u00f5es previstas nas normas de imuniza\u00e7\u00e3o, como impedimentos m\u00e9dicos ou recusa dos pais ou respons\u00e1veis, entre outros.<\/p>\n\n\n\n<p>A declara\u00e7\u00e3o \u00e9 emitida de forma simples, diretamente em uma Unidade de Sa\u00fade da Fam\u00edlia, mediante apresenta\u00e7\u00e3o da carteira de vacina\u00e7\u00e3o do estudante, e \u00e9 entregue no mesmo momento. Mesmo havendo alguma dose em atraso, nenhum aluno ter\u00e1 a matr\u00edcula prejudicada. Nesses casos, os respons\u00e1veis ter\u00e3o 30 dias para regularizar a situa\u00e7\u00e3o. A medida atende \u00e0 Lei Estadual n\u00ba 3.521\/2019 e fortalece o monitoramento cont\u00ednuo da cobertura vacinal no Tocantins.<\/p>\n","protected":false},"excerpt":{"rendered":"<p>A Prefeitura de Palmas, por meio da Secretaria Municipal Educa\u00e7\u00e3o (Semed), inicia nesta segunda-feira, 5, o per\u00edodo de transfer\u00eancia autom\u00e1tica e solicita\u00e7\u00e3o de transfer\u00eancias de estudantes da rede municipal de ensino de Palmas referente ao ano letivo de 2026. J\u00e1 a partir do dia 12, abre o prazo para solicita\u00e7\u00e3o de matr\u00edculas de estudantes novatos, [&hellip;]<\/p>\n","protected":false},"author":10,"featured_media":87724,"comment_status":"open","ping_status":"open","sticky":false,"template":"","format":"standard","meta":{"_acf_changed":false,"footnotes":""},"categories":[22,898,21],"tags":[],"class_list":["post-87723","post","type-post","status-publish","format-standard","has-post-thumbnail","hentry","category-cidades","category-manchete-segundaria","category-todas-noticias"],"acf":[],"yoast_head":"<!-- This site is optimized with the Yoast SEO plugin v24.4 - https:\/\/yoast.com\/wordpress\/plugins\/seo\/ -->\n<title>Rede Municipal de Ensino de Palmas inicia per\u00edodo de transfer\u00eancias de estudantes nesta segunda, 5 - PORTAL DE NOT\u00cdCIAS CLEITON PINHEIRO<\/title>\n<meta name=\"robots\" content=\"index, follow, max-snippet:-1, max-image-preview:large, max-video-preview:-1\" \/>\n<link rel=\"canonical\" href=\"https:\/\/cleitonpinheiro.com.br\/site\/rede-municipal-de-ensino-de-palmas-inicia-periodo-de-transferencias-de-estudantes-nesta-segunda-5\/\" \/>\n<meta property=\"og:locale\" content=\"pt_BR\" \/>\n<meta property=\"og:type\" content=\"article\" \/>\n<meta property=\"og:title\" content=\"Rede Municipal de Ensino de Palmas inicia per\u00edodo de transfer\u00eancias de estudantes nesta segunda, 5 - PORTAL DE NOT\u00cdCIAS CLEITON PINHEIRO\" \/>\n<meta property=\"og:description\" content=\"A Prefeitura de Palmas, por meio da Secretaria Municipal Educa\u00e7\u00e3o (Semed), inicia nesta segunda-feira, 5, o per\u00edodo de transfer\u00eancia autom\u00e1tica e solicita\u00e7\u00e3o de transfer\u00eancias de estudantes da rede municipal de ensino de Palmas referente ao ano letivo de 2026. J\u00e1 a partir do dia 12, abre o prazo para solicita\u00e7\u00e3o de matr\u00edculas de estudantes novatos, [&hellip;]\" \/>\n<meta property=\"og:url\" content=\"https:\/\/cleitonpinheiro.com.br\/site\/rede-municipal-de-ensino-de-palmas-inicia-periodo-de-transferencias-de-estudantes-nesta-segunda-5\/\" \/>\n<meta property=\"og:site_name\" content=\"PORTAL DE NOT\u00cdCIAS CLEITON PINHEIRO\" \/>\n<meta property=\"article:publisher\" content=\"https:\/\/www.facebook.com\/portalcpnoticias\/\" \/>\n<meta property=\"article:published_time\" content=\"2026-01-05T11:56:10+00:00\" \/>\n<meta property=\"article:modified_time\" content=\"2026-01-08T18:39:55+00:00\" \/>\n<meta property=\"og:image\" content=\"https:\/\/cleitonpinheiro.com.br\/site\/wp-content\/uploads\/2026\/01\/MATRICULAS-SITE-1536x960-1.jpg\" \/>\n\t<meta property=\"og:image:width\" content=\"1536\" \/>\n\t<meta property=\"og:image:height\" content=\"960\" \/>\n\t<meta property=\"og:image:type\" content=\"image\/jpeg\" \/>\n<meta name=\"author\" content=\"Cleiton Pinheiro\" \/>\n<meta name=\"twitter:card\" content=\"summary_large_image\" \/>\n<meta name=\"twitter:label1\" content=\"Escrito por\" \/>\n\t<meta name=\"twitter:data1\" content=\"Cleiton Pinheiro\" \/>\n\t<meta name=\"twitter:label2\" content=\"Est. tempo de leitura\" \/>\n\t<meta name=\"twitter:data2\" content=\"4 minutos\" \/>\n<script type=\"application\/ld+json\" class=\"yoast-schema-graph\">{\"@context\":\"https:\/\/schema.org\",\"@graph\":[{\"@type\":\"Article\",\"@id\":\"https:\/\/cleitonpinheiro.com.br\/site\/rede-municipal-de-ensino-de-palmas-inicia-periodo-de-transferencias-de-estudantes-nesta-segunda-5\/#article\",\"isPartOf\":{\"@id\":\"https:\/\/cleitonpinheiro.com.br\/site\/rede-municipal-de-ensino-de-palmas-inicia-periodo-de-transferencias-de-estudantes-nesta-segunda-5\/\"},\"author\":{\"name\":\"Cleiton Pinheiro\",\"@id\":\"https:\/\/cleitonpinheiro.com.br\/site\/#\/schema\/person\/62fd4eb98fcc8bd3fc477aaff264af51\"},\"headline\":\"Rede Municipal de Ensino de Palmas inicia per\u00edodo de transfer\u00eancias de estudantes nesta segunda, 5\",\"datePublished\":\"2026-01-05T11:56:10+00:00\",\"dateModified\":\"2026-01-08T18:39:55+00:00\",\"mainEntityOfPage\":{\"@id\":\"https:\/\/cleitonpinheiro.com.br\/site\/rede-municipal-de-ensino-de-palmas-inicia-periodo-de-transferencias-de-estudantes-nesta-segunda-5\/\"},\"wordCount\":549,\"commentCount\":0,\"publisher\":{\"@id\":\"https:\/\/cleitonpinheiro.com.br\/site\/#organization\"},\"image\":{\"@id\":\"https:\/\/cleitonpinheiro.com.br\/site\/rede-municipal-de-ensino-de-palmas-inicia-periodo-de-transferencias-de-estudantes-nesta-segunda-5\/#primaryimage\"},\"thumbnailUrl\":\"https:\/\/cleitonpinheiro.com.br\/site\/wp-content\/uploads\/2026\/01\/MATRICULAS-SITE-1536x960-1.jpg\",\"articleSection\":[\"CIDADES\",\"MANCHETE SEGUND\u00c1RIA\",\"TODAS NOTICIAS\"],\"inLanguage\":\"pt-BR\",\"potentialAction\":[{\"@type\":\"CommentAction\",\"name\":\"Comment\",\"target\":[\"https:\/\/cleitonpinheiro.com.br\/site\/rede-municipal-de-ensino-de-palmas-inicia-periodo-de-transferencias-de-estudantes-nesta-segunda-5\/#respond\"]}]},{\"@type\":\"WebPage\",\"@id\":\"https:\/\/cleitonpinheiro.com.br\/site\/rede-municipal-de-ensino-de-palmas-inicia-periodo-de-transferencias-de-estudantes-nesta-segunda-5\/\",\"url\":\"https:\/\/cleitonpinheiro.com.br\/site\/rede-municipal-de-ensino-de-palmas-inicia-periodo-de-transferencias-de-estudantes-nesta-segunda-5\/\",\"name\":\"Rede Municipal de Ensino de Palmas inicia per\u00edodo de transfer\u00eancias de estudantes nesta segunda, 5 - PORTAL DE NOT\u00cdCIAS CLEITON PINHEIRO\",\"isPartOf\":{\"@id\":\"https:\/\/cleitonpinheiro.com.br\/site\/#website\"},\"primaryImageOfPage\":{\"@id\":\"https:\/\/cleitonpinheiro.com.br\/site\/rede-municipal-de-ensino-de-palmas-inicia-periodo-de-transferencias-de-estudantes-nesta-segunda-5\/#primaryimage\"},\"image\":{\"@id\":\"https:\/\/cleitonpinheiro.com.br\/site\/rede-municipal-de-ensino-de-palmas-inicia-periodo-de-transferencias-de-estudantes-nesta-segunda-5\/#primaryimage\"},\"thumbnailUrl\":\"https:\/\/cleitonpinheiro.com.br\/site\/wp-content\/uploads\/2026\/01\/MATRICULAS-SITE-1536x960-1.jpg\",\"datePublished\":\"2026-01-05T11:56:10+00:00\",\"dateModified\":\"2026-01-08T18:39:55+00:00\",\"breadcrumb\":{\"@id\":\"https:\/\/cleitonpinheiro.com.br\/site\/rede-municipal-de-ensino-de-palmas-inicia-periodo-de-transferencias-de-estudantes-nesta-segunda-5\/#breadcrumb\"},\"inLanguage\":\"pt-BR\",\"potentialAction\":[{\"@type\":\"ReadAction\",\"target\":[\"https:\/\/cleitonpinheiro.com.br\/site\/rede-municipal-de-ensino-de-palmas-inicia-periodo-de-transferencias-de-estudantes-nesta-segunda-5\/\"]}]},{\"@type\":\"ImageObject\",\"inLanguage\":\"pt-BR\",\"@id\":\"https:\/\/cleitonpinheiro.com.br\/site\/rede-municipal-de-ensino-de-palmas-inicia-periodo-de-transferencias-de-estudantes-nesta-segunda-5\/#primaryimage\",\"url\":\"https:\/\/cleitonpinheiro.com.br\/site\/wp-content\/uploads\/2026\/01\/MATRICULAS-SITE-1536x960-1.jpg\",\"contentUrl\":\"https:\/\/cleitonpinheiro.com.br\/site\/wp-content\/uploads\/2026\/01\/MATRICULAS-SITE-1536x960-1.jpg\",\"width\":1536,\"height\":960},{\"@type\":\"BreadcrumbList\",\"@id\":\"https:\/\/cleitonpinheiro.com.br\/site\/rede-municipal-de-ensino-de-palmas-inicia-periodo-de-transferencias-de-estudantes-nesta-segunda-5\/#breadcrumb\",\"itemListElement\":[{\"@type\":\"ListItem\",\"position\":1,\"name\":\"In\u00edcio\",\"item\":\"https:\/\/cleitonpinheiro.com.br\/site\/\"},{\"@type\":\"ListItem\",\"position\":2,\"name\":\"Rede Municipal de Ensino de Palmas inicia per\u00edodo de transfer\u00eancias de estudantes nesta segunda, 5\"}]},{\"@type\":\"WebSite\",\"@id\":\"https:\/\/cleitonpinheiro.com.br\/site\/#website\",\"url\":\"https:\/\/cleitonpinheiro.com.br\/site\/\",\"name\":\"PORTAL DE NOT\u00cdCIAS CLEITON PINHEIRO\",\"description\":\"FALANDO A VERDADE\",\"publisher\":{\"@id\":\"https:\/\/cleitonpinheiro.com.br\/site\/#organization\"},\"potentialAction\":[{\"@type\":\"SearchAction\",\"target\":{\"@type\":\"EntryPoint\",\"urlTemplate\":\"https:\/\/cleitonpinheiro.com.br\/site\/?s={search_term_string}\"},\"query-input\":{\"@type\":\"PropertyValueSpecification\",\"valueRequired\":true,\"valueName\":\"search_term_string\"}}],\"inLanguage\":\"pt-BR\"},{\"@type\":\"Organization\",\"@id\":\"https:\/\/cleitonpinheiro.com.br\/site\/#organization\",\"name\":\"CPNOT\u00cdCIAS\",\"url\":\"https:\/\/cleitonpinheiro.com.br\/site\/\",\"logo\":{\"@type\":\"ImageObject\",\"inLanguage\":\"pt-BR\",\"@id\":\"https:\/\/cleitonpinheiro.com.br\/site\/#\/schema\/logo\/image\/\",\"url\":\"https:\/\/cleitonpinheiro.com.br\/site\/wp-content\/uploads\/2022\/08\/Logo-pequena-2.png\",\"contentUrl\":\"https:\/\/cleitonpinheiro.com.br\/site\/wp-content\/uploads\/2022\/08\/Logo-pequena-2.png\",\"width\":500,\"height\":500,\"caption\":\"CPNOT\u00cdCIAS\"},\"image\":{\"@id\":\"https:\/\/cleitonpinheiro.com.br\/site\/#\/schema\/logo\/image\/\"},\"sameAs\":[\"https:\/\/www.facebook.com\/portalcpnoticias\/\"]},{\"@type\":\"Person\",\"@id\":\"https:\/\/cleitonpinheiro.com.br\/site\/#\/schema\/person\/62fd4eb98fcc8bd3fc477aaff264af51\",\"name\":\"Cleiton Pinheiro\",\"image\":{\"@type\":\"ImageObject\",\"inLanguage\":\"pt-BR\",\"@id\":\"https:\/\/cleitonpinheiro.com.br\/site\/#\/schema\/person\/image\/\",\"url\":\"https:\/\/secure.gravatar.com\/avatar\/15642ec35b78fe5eed3cfa8e4a3f3211d73a3df4f35f0566b4324958cba1b1b9?s=96&r=g\",\"contentUrl\":\"https:\/\/secure.gravatar.com\/avatar\/15642ec35b78fe5eed3cfa8e4a3f3211d73a3df4f35f0566b4324958cba1b1b9?s=96&r=g\",\"caption\":\"Cleiton Pinheiro\"},\"url\":\"https:\/\/cleitonpinheiro.com.br\/site\/author\/cleiton\/\"}]}<\/script>\n<!-- \/ Yoast SEO plugin. -->","yoast_head_json":{"title":"Rede Municipal de Ensino de Palmas inicia per\u00edodo de transfer\u00eancias de estudantes nesta segunda, 5 - PORTAL DE NOT\u00cdCIAS CLEITON PINHEIRO","robots":{"index":"index","follow":"follow","max-snippet":"max-snippet:-1","max-image-preview":"max-image-preview:large","max-video-preview":"max-video-preview:-1"},"canonical":"https:\/\/cleitonpinheiro.com.br\/site\/rede-municipal-de-ensino-de-palmas-inicia-periodo-de-transferencias-de-estudantes-nesta-segunda-5\/","og_locale":"pt_BR","og_type":"article","og_title":"Rede Municipal de Ensino de Palmas inicia per\u00edodo de transfer\u00eancias de estudantes nesta segunda, 5 - PORTAL DE NOT\u00cdCIAS CLEITON PINHEIRO","og_description":"A Prefeitura de Palmas, por meio da Secretaria Municipal Educa\u00e7\u00e3o (Semed), inicia nesta segunda-feira, 5, o per\u00edodo de transfer\u00eancia autom\u00e1tica e solicita\u00e7\u00e3o de transfer\u00eancias de estudantes da rede municipal de ensino de Palmas referente ao ano letivo de 2026. J\u00e1 a partir do dia 12, abre o prazo para solicita\u00e7\u00e3o de matr\u00edculas de estudantes novatos, [&hellip;]","og_url":"https:\/\/cleitonpinheiro.com.br\/site\/rede-municipal-de-ensino-de-palmas-inicia-periodo-de-transferencias-de-estudantes-nesta-segunda-5\/","og_site_name":"PORTAL DE NOT\u00cdCIAS CLEITON PINHEIRO","article_publisher":"https:\/\/www.facebook.com\/portalcpnoticias\/","article_published_time":"2026-01-05T11:56:10+00:00","article_modified_time":"2026-01-08T18:39:55+00:00","og_image":[{"width":1536,"height":960,"url":"https:\/\/cleitonpinheiro.com.br\/site\/wp-content\/uploads\/2026\/01\/MATRICULAS-SITE-1536x960-1.jpg","type":"image\/jpeg"}],"author":"Cleiton Pinheiro","twitter_card":"summary_large_image","twitter_misc":{"Escrito por":"Cleiton Pinheiro","Est. tempo de leitura":"4 minutos"},"schema":{"@context":"https:\/\/schema.org","@graph":[{"@type":"Article","@id":"https:\/\/cleitonpinheiro.com.br\/site\/rede-municipal-de-ensino-de-palmas-inicia-periodo-de-transferencias-de-estudantes-nesta-segunda-5\/#article","isPartOf":{"@id":"https:\/\/cleitonpinheiro.com.br\/site\/rede-municipal-de-ensino-de-palmas-inicia-periodo-de-transferencias-de-estudantes-nesta-segunda-5\/"},"author":{"name":"Cleiton Pinheiro","@id":"https:\/\/cleitonpinheiro.com.br\/site\/#\/schema\/person\/62fd4eb98fcc8bd3fc477aaff264af51"},"headline":"Rede Municipal de Ensino de Palmas inicia per\u00edodo de transfer\u00eancias de estudantes nesta segunda, 5","datePublished":"2026-01-05T11:56:10+00:00","dateModified":"2026-01-08T18:39:55+00:00","mainEntityOfPage":{"@id":"https:\/\/cleitonpinheiro.com.br\/site\/rede-municipal-de-ensino-de-palmas-inicia-periodo-de-transferencias-de-estudantes-nesta-segunda-5\/"},"wordCount":549,"commentCount":0,"publisher":{"@id":"https:\/\/cleitonpinheiro.com.br\/site\/#organization"},"image":{"@id":"https:\/\/cleitonpinheiro.com.br\/site\/rede-municipal-de-ensino-de-palmas-inicia-periodo-de-transferencias-de-estudantes-nesta-segunda-5\/#primaryimage"},"thumbnailUrl":"https:\/\/cleitonpinheiro.com.br\/site\/wp-content\/uploads\/2026\/01\/MATRICULAS-SITE-1536x960-1.jpg","articleSection":["CIDADES","MANCHETE SEGUND\u00c1RIA","TODAS NOTICIAS"],"inLanguage":"pt-BR","potentialAction":[{"@type":"CommentAction","name":"Comment","target":["https:\/\/cleitonpinheiro.com.br\/site\/rede-municipal-de-ensino-de-palmas-inicia-periodo-de-transferencias-de-estudantes-nesta-segunda-5\/#respond"]}]},{"@type":"WebPage","@id":"https:\/\/cleitonpinheiro.com.br\/site\/rede-municipal-de-ensino-de-palmas-inicia-periodo-de-transferencias-de-estudantes-nesta-segunda-5\/","url":"https:\/\/cleitonpinheiro.com.br\/site\/rede-municipal-de-ensino-de-palmas-inicia-periodo-de-transferencias-de-estudantes-nesta-segunda-5\/","name":"Rede Municipal de Ensino de Palmas inicia per\u00edodo de transfer\u00eancias de estudantes nesta segunda, 5 - PORTAL DE NOT\u00cdCIAS CLEITON PINHEIRO","isPartOf":{"@id":"https:\/\/cleitonpinheiro.com.br\/site\/#website"},"primaryImageOfPage":{"@id":"https:\/\/cleitonpinheiro.com.br\/site\/rede-municipal-de-ensino-de-palmas-inicia-periodo-de-transferencias-de-estudantes-nesta-segunda-5\/#primaryimage"},"image":{"@id":"https:\/\/cleitonpinheiro.com.br\/site\/rede-municipal-de-ensino-de-palmas-inicia-periodo-de-transferencias-de-estudantes-nesta-segunda-5\/#primaryimage"},"thumbnailUrl":"https:\/\/cleitonpinheiro.com.br\/site\/wp-content\/uploads\/2026\/01\/MATRICULAS-SITE-1536x960-1.jpg","datePublished":"2026-01-05T11:56:10+00:00","dateModified":"2026-01-08T18:39:55+00:00","breadcrumb":{"@id":"https:\/\/cleitonpinheiro.com.br\/site\/rede-municipal-de-ensino-de-palmas-inicia-periodo-de-transferencias-de-estudantes-nesta-segunda-5\/#breadcrumb"},"inLanguage":"pt-BR","potentialAction":[{"@type":"ReadAction","target":["https:\/\/cleitonpinheiro.com.br\/site\/rede-municipal-de-ensino-de-palmas-inicia-periodo-de-transferencias-de-estudantes-nesta-segunda-5\/"]}]},{"@type":"ImageObject","inLanguage":"pt-BR","@id":"https:\/\/cleitonpinheiro.com.br\/site\/rede-municipal-de-ensino-de-palmas-inicia-periodo-de-transferencias-de-estudantes-nesta-segunda-5\/#primaryimage","url":"https:\/\/cleitonpinheiro.com.br\/site\/wp-content\/uploads\/2026\/01\/MATRICULAS-SITE-1536x960-1.jpg","contentUrl":"https:\/\/cleitonpinheiro.com.br\/site\/wp-content\/uploads\/2026\/01\/MATRICULAS-SITE-1536x960-1.jpg","width":1536,"height":960},{"@type":"BreadcrumbList","@id":"https:\/\/cleitonpinheiro.com.br\/site\/rede-municipal-de-ensino-de-palmas-inicia-periodo-de-transferencias-de-estudantes-nesta-segunda-5\/#breadcrumb","itemListElement":[{"@type":"ListItem","position":1,"name":"In\u00edcio","item":"https:\/\/cleitonpinheiro.com.br\/site\/"},{"@type":"ListItem","position":2,"name":"Rede Municipal de Ensino de Palmas inicia per\u00edodo de transfer\u00eancias de estudantes nesta segunda, 5"}]},{"@type":"WebSite","@id":"https:\/\/cleitonpinheiro.com.br\/site\/#website","url":"https:\/\/cleitonpinheiro.com.br\/site\/","name":"PORTAL DE NOT\u00cdCIAS CLEITON PINHEIRO","description":"FALANDO A VERDADE","publisher":{"@id":"https:\/\/cleitonpinheiro.com.br\/site\/#organization"},"potentialAction":[{"@type":"SearchAction","target":{"@type":"EntryPoint","urlTemplate":"https:\/\/cleitonpinheiro.com.br\/site\/?s={search_term_string}"},"query-input":{"@type":"PropertyValueSpecification","valueRequired":true,"valueName":"search_term_string"}}],"inLanguage":"pt-BR"},{"@type":"Organization","@id":"https:\/\/cleitonpinheiro.com.br\/site\/#organization","name":"CPNOT\u00cdCIAS","url":"https:\/\/cleitonpinheiro.com.br\/site\/","logo":{"@type":"ImageObject","inLanguage":"pt-BR","@id":"https:\/\/cleitonpinheiro.com.br\/site\/#\/schema\/logo\/image\/","url":"https:\/\/cleitonpinheiro.com.br\/site\/wp-content\/uploads\/2022\/08\/Logo-pequena-2.png","contentUrl":"https:\/\/cleitonpinheiro.com.br\/site\/wp-content\/uploads\/2022\/08\/Logo-pequena-2.png","width":500,"height":500,"caption":"CPNOT\u00cdCIAS"},"image":{"@id":"https:\/\/cleitonpinheiro.com.br\/site\/#\/schema\/logo\/image\/"},"sameAs":["https:\/\/www.facebook.com\/portalcpnoticias\/"]},{"@type":"Person","@id":"https:\/\/cleitonpinheiro.com.br\/site\/#\/schema\/person\/62fd4eb98fcc8bd3fc477aaff264af51","name":"Cleiton Pinheiro","image":{"@type":"ImageObject","inLanguage":"pt-BR","@id":"https:\/\/cleitonpinheiro.com.br\/site\/#\/schema\/person\/image\/","url":"https:\/\/secure.gravatar.com\/avatar\/15642ec35b78fe5eed3cfa8e4a3f3211d73a3df4f35f0566b4324958cba1b1b9?s=96&r=g","contentUrl":"https:\/\/secure.gravatar.com\/avatar\/15642ec35b78fe5eed3cfa8e4a3f3211d73a3df4f35f0566b4324958cba1b1b9?s=96&r=g","caption":"Cleiton Pinheiro"},"url":"https:\/\/cleitonpinheiro.com.br\/site\/author\/cleiton\/"}]}},"views":115,"_links":{"self":[{"href":"https:\/\/cleitonpinheiro.com.br\/site\/wp-json\/wp\/v2\/posts\/87723","targetHints":{"allow":["GET"]}}],"collection":[{"href":"https:\/\/cleitonpinheiro.com.br\/site\/wp-json\/wp\/v2\/posts"}],"about":[{"href":"https:\/\/cleitonpinheiro.com.br\/site\/wp-json\/wp\/v2\/types\/post"}],"author":[{"embeddable":true,"href":"https:\/\/cleitonpinheiro.com.br\/site\/wp-json\/wp\/v2\/users\/10"}],"replies":[{"embeddable":true,"href":"https:\/\/cleitonpinheiro.com.br\/site\/wp-json\/wp\/v2\/comments?post=87723"}],"version-history":[{"count":1,"href":"https:\/\/cleitonpinheiro.com.br\/site\/wp-json\/wp\/v2\/posts\/87723\/revisions"}],"predecessor-version":[{"id":87725,"href":"https:\/\/cleitonpinheiro.com.br\/site\/wp-json\/wp\/v2\/posts\/87723\/revisions\/87725"}],"wp:featuredmedia":[{"embeddable":true,"href":"https:\/\/cleitonpinheiro.com.br\/site\/wp-json\/wp\/v2\/media\/87724"}],"wp:attachment":[{"href":"https:\/\/cleitonpinheiro.com.br\/site\/wp-json\/wp\/v2\/media?parent=87723"}],"wp:term":[{"taxonomy":"category","embeddable":true,"href":"https:\/\/cleitonpinheiro.com.br\/site\/wp-json\/wp\/v2\/categories?post=87723"},{"taxonomy":"post_tag","embeddable":true,"href":"https:\/\/cleitonpinheiro.com.br\/site\/wp-json\/wp\/v2\/tags?post=87723"}],"curies":[{"name":"wp","href":"https:\/\/api.w.org\/{rel}","templated":true}]}}