{"id":88138,"date":"2026-04-01T18:11:45","date_gmt":"2026-04-01T21:11:45","guid":{"rendered":"https:\/\/cleitonpinheiro.com.br\/site\/?p=88138"},"modified":"2026-04-01T18:12:00","modified_gmt":"2026-04-01T21:12:00","slug":"novos-prazos-para-licenca-paternidade-valem-a-partir-de-2027-entenda","status":"publish","type":"post","link":"https:\/\/cleitonpinheiro.com.br\/site\/novos-prazos-para-licenca-paternidade-valem-a-partir-de-2027-entenda\/","title":{"rendered":"Novos prazos para licen\u00e7a-paternidade valem a partir de 2027; entenda"},"content":{"rendered":"\n<figure class=\"wp-block-image size-large\"><img fetchpriority=\"high\" decoding=\"async\" width=\"1024\" height=\"682\" src=\"https:\/\/cleitonpinheiro.com.br\/site\/wp-content\/uploads\/2025\/07\/Trabalhadores-interessados-nas-vagas-podem-procurar-o-Sine-portando-documentos-carteira-de-trabalho-e-curriculo.-Foto-Carlessandro-Souza-1024x682.jpeg\" alt=\"\" class=\"wp-image-86143\" srcset=\"https:\/\/cleitonpinheiro.com.br\/site\/wp-content\/uploads\/2025\/07\/Trabalhadores-interessados-nas-vagas-podem-procurar-o-Sine-portando-documentos-carteira-de-trabalho-e-curriculo.-Foto-Carlessandro-Souza-1024x682.jpeg 1024w, https:\/\/cleitonpinheiro.com.br\/site\/wp-content\/uploads\/2025\/07\/Trabalhadores-interessados-nas-vagas-podem-procurar-o-Sine-portando-documentos-carteira-de-trabalho-e-curriculo.-Foto-Carlessandro-Souza-300x200.jpeg 300w, https:\/\/cleitonpinheiro.com.br\/site\/wp-content\/uploads\/2025\/07\/Trabalhadores-interessados-nas-vagas-podem-procurar-o-Sine-portando-documentos-carteira-de-trabalho-e-curriculo.-Foto-Carlessandro-Souza-768x512.jpeg 768w, https:\/\/cleitonpinheiro.com.br\/site\/wp-content\/uploads\/2025\/07\/Trabalhadores-interessados-nas-vagas-podem-procurar-o-Sine-portando-documentos-carteira-de-trabalho-e-curriculo.-Foto-Carlessandro-Souza-1536x1023.jpeg 1536w, https:\/\/cleitonpinheiro.com.br\/site\/wp-content\/uploads\/2025\/07\/Trabalhadores-interessados-nas-vagas-podem-procurar-o-Sine-portando-documentos-carteira-de-trabalho-e-curriculo.-Foto-Carlessandro-Souza.jpeg 1600w\" sizes=\"(max-width: 1024px) 100vw, 1024px\" \/><\/figure>\n\n\n\n<p>A lei que amplia os prazos da licen\u00e7a-paternidade entra em vigor em 2027 e conceder\u00e1 inicialmente mais cinco dias aos homens, a partir do nascimento do filho. Para 2026, o benef\u00edcio permanece em cinco dias.<\/p>\n\n\n\n<p>Publicada na edi\u00e7\u00e3o desta quarta-feira (1\u00b0\/4) do Di\u00e1rio Oficial da Uni\u00e3o, a Lei n\u00b0 15.371 prev\u00ea aumento gradual do benef\u00edcio, que alcan\u00e7ar\u00e1 20 dias de afastamento em 2029, sem preju\u00edzo do emprego ou sal\u00e1rio, assim como descrito a seguir:<\/p>\n\n\n\n<ul class=\"wp-block-list\">\n<li>10 dias em 2027;<\/li>\n\n\n\n<li>15 dias em 2028;<\/li>\n\n\n\n<li>20 dias a partir de 2029.<\/li>\n<\/ul>\n\n\n\n<p>Os novos prazos valem tamb\u00e9m para os casos de ado\u00e7\u00e3o ou de guarda judicial para fins de ado\u00e7\u00e3o de crian\u00e7a ou de adolescente. Veja aqui o que muda com a publica\u00e7\u00e3o da lei.<\/p>\n\n\n\n<blockquote class=\"wp-block-quote is-layout-flow wp-block-quote-is-layout-flow\"><\/blockquote>\n\n\n\n<p><strong>Dispensa e f\u00e9rias<\/strong><br>\u00c9 vedada a dispensa arbitr\u00e1ria ou sem justa causa do empregado no per\u00edodo entre o in\u00edcio da licen\u00e7a-paternidade at\u00e9 um m\u00eas ap\u00f3s o t\u00e9rmino do benef\u00edcio.<\/p>\n\n\n\n<p>Al\u00e9m disso, a norma autoriza o empregado a usufruir f\u00e9rias no per\u00edodo subsequente ao t\u00e9rmino da licen\u00e7a, desde que comunique tal necessidade com anteced\u00eancia de 30 dias da data esperada para o parto ou emiss\u00e3o de termo judicial.<\/p>\n\n\n\n<p><br><strong>Interna\u00e7\u00e3o<\/strong><br>Em caso de interna\u00e7\u00e3o hospitalar da m\u00e3e ou do rec\u00e9m-nascido, que tenha rela\u00e7\u00e3o com o parto, a licen\u00e7a-paternidade ser\u00e1 prorrogada pelo per\u00edodo equivalente ao da interna\u00e7\u00e3o, e voltar\u00e1 a contar a partir da alta hospitalar da m\u00e3e ou do rec\u00e9m-nascido; o que ocorrer por \u00faltimo.<\/p>\n\n\n\n<p><strong>Sal\u00e1rio- paternidade<br><\/strong>O sal\u00e1rio-paternidade ser\u00e1 concedido aos empregados segurados pela Previd\u00eancia Social, nos mesmos moldes j\u00e1 aplicados ao sal\u00e1rio-maternidade.<\/p>\n\n\n\n<p>O benef\u00edcio est\u00e1 condicionado \u00e0 apresenta\u00e7\u00e3o da certid\u00e3o de nascimento do filho, do termo de ado\u00e7\u00e3o ou do termo de guarda judicial para fins de ado\u00e7\u00e3o, nos termos de regulamento.<\/p>\n\n\n\n<p>Texto: Ag\u00eancia Brasil<\/p>\n","protected":false},"excerpt":{"rendered":"<p>A lei que amplia os prazos da licen\u00e7a-paternidade entra em vigor em 2027 e conceder\u00e1 inicialmente mais cinco dias aos homens, a partir do nascimento do filho. Para 2026, o benef\u00edcio permanece em cinco dias. Publicada na edi\u00e7\u00e3o desta quarta-feira (1\u00b0\/4) do Di\u00e1rio Oficial da Uni\u00e3o, a Lei n\u00b0 15.371 prev\u00ea aumento gradual do benef\u00edcio, [&hellip;]<\/p>\n","protected":false},"author":10,"featured_media":86143,"comment_status":"open","ping_status":"open","sticky":false,"template":"","format":"standard","meta":{"_acf_changed":false,"footnotes":""},"categories":[19,898,21],"tags":[],"class_list":["post-88138","post","type-post","status-publish","format-standard","has-post-thumbnail","hentry","category-brasil-mundo","category-manchete-segundaria","category-todas-noticias"],"acf":[],"yoast_head":"<!-- This site is optimized with the Yoast SEO plugin v24.4 - https:\/\/yoast.com\/wordpress\/plugins\/seo\/ -->\n<title>Novos prazos para licen\u00e7a-paternidade valem a partir de 2027; entenda - PORTAL DE NOT\u00cdCIAS CLEITON PINHEIRO<\/title>\n<meta name=\"robots\" content=\"index, follow, max-snippet:-1, max-image-preview:large, max-video-preview:-1\" \/>\n<link rel=\"canonical\" href=\"https:\/\/cleitonpinheiro.com.br\/site\/novos-prazos-para-licenca-paternidade-valem-a-partir-de-2027-entenda\/\" \/>\n<meta property=\"og:locale\" content=\"pt_BR\" \/>\n<meta property=\"og:type\" content=\"article\" \/>\n<meta property=\"og:title\" content=\"Novos prazos para licen\u00e7a-paternidade valem a partir de 2027; entenda - PORTAL DE NOT\u00cdCIAS CLEITON PINHEIRO\" \/>\n<meta property=\"og:description\" content=\"A lei que amplia os prazos da licen\u00e7a-paternidade entra em vigor em 2027 e conceder\u00e1 inicialmente mais cinco dias aos homens, a partir do nascimento do filho. Para 2026, o benef\u00edcio permanece em cinco dias. Publicada na edi\u00e7\u00e3o desta quarta-feira (1\u00b0\/4) do Di\u00e1rio Oficial da Uni\u00e3o, a Lei n\u00b0 15.371 prev\u00ea aumento gradual do benef\u00edcio, [&hellip;]\" \/>\n<meta property=\"og:url\" content=\"https:\/\/cleitonpinheiro.com.br\/site\/novos-prazos-para-licenca-paternidade-valem-a-partir-de-2027-entenda\/\" \/>\n<meta property=\"og:site_name\" content=\"PORTAL DE NOT\u00cdCIAS CLEITON PINHEIRO\" \/>\n<meta property=\"article:publisher\" content=\"https:\/\/www.facebook.com\/portalcpnoticias\/\" \/>\n<meta property=\"article:published_time\" content=\"2026-04-01T21:11:45+00:00\" \/>\n<meta property=\"article:modified_time\" content=\"2026-04-01T21:12:00+00:00\" \/>\n<meta property=\"og:image\" content=\"https:\/\/cleitonpinheiro.com.br\/site\/wp-content\/uploads\/2025\/07\/Trabalhadores-interessados-nas-vagas-podem-procurar-o-Sine-portando-documentos-carteira-de-trabalho-e-curriculo.-Foto-Carlessandro-Souza.jpeg\" \/>\n\t<meta property=\"og:image:width\" content=\"1600\" \/>\n\t<meta property=\"og:image:height\" content=\"1066\" \/>\n\t<meta property=\"og:image:type\" content=\"image\/jpeg\" \/>\n<meta name=\"author\" content=\"Cleiton Pinheiro\" \/>\n<meta name=\"twitter:card\" content=\"summary_large_image\" \/>\n<meta name=\"twitter:label1\" content=\"Escrito por\" \/>\n\t<meta name=\"twitter:data1\" content=\"Cleiton Pinheiro\" \/>\n\t<meta name=\"twitter:label2\" content=\"Est. tempo de leitura\" \/>\n\t<meta name=\"twitter:data2\" content=\"2 minutos\" \/>\n<script type=\"application\/ld+json\" class=\"yoast-schema-graph\">{\"@context\":\"https:\/\/schema.org\",\"@graph\":[{\"@type\":\"Article\",\"@id\":\"https:\/\/cleitonpinheiro.com.br\/site\/novos-prazos-para-licenca-paternidade-valem-a-partir-de-2027-entenda\/#article\",\"isPartOf\":{\"@id\":\"https:\/\/cleitonpinheiro.com.br\/site\/novos-prazos-para-licenca-paternidade-valem-a-partir-de-2027-entenda\/\"},\"author\":{\"name\":\"Cleiton Pinheiro\",\"@id\":\"https:\/\/cleitonpinheiro.com.br\/site\/#\/schema\/person\/62fd4eb98fcc8bd3fc477aaff264af51\"},\"headline\":\"Novos prazos para licen\u00e7a-paternidade valem a partir de 2027; entenda\",\"datePublished\":\"2026-04-01T21:11:45+00:00\",\"dateModified\":\"2026-04-01T21:12:00+00:00\",\"mainEntityOfPage\":{\"@id\":\"https:\/\/cleitonpinheiro.com.br\/site\/novos-prazos-para-licenca-paternidade-valem-a-partir-de-2027-entenda\/\"},\"wordCount\":331,\"commentCount\":0,\"publisher\":{\"@id\":\"https:\/\/cleitonpinheiro.com.br\/site\/#organization\"},\"image\":{\"@id\":\"https:\/\/cleitonpinheiro.com.br\/site\/novos-prazos-para-licenca-paternidade-valem-a-partir-de-2027-entenda\/#primaryimage\"},\"thumbnailUrl\":\"https:\/\/cleitonpinheiro.com.br\/site\/wp-content\/uploads\/2025\/07\/Trabalhadores-interessados-nas-vagas-podem-procurar-o-Sine-portando-documentos-carteira-de-trabalho-e-curriculo.-Foto-Carlessandro-Souza.jpeg\",\"articleSection\":[\"BRASIL \/ MUNDO\",\"MANCHETE SEGUND\u00c1RIA\",\"TODAS NOTICIAS\"],\"inLanguage\":\"pt-BR\",\"potentialAction\":[{\"@type\":\"CommentAction\",\"name\":\"Comment\",\"target\":[\"https:\/\/cleitonpinheiro.com.br\/site\/novos-prazos-para-licenca-paternidade-valem-a-partir-de-2027-entenda\/#respond\"]}]},{\"@type\":\"WebPage\",\"@id\":\"https:\/\/cleitonpinheiro.com.br\/site\/novos-prazos-para-licenca-paternidade-valem-a-partir-de-2027-entenda\/\",\"url\":\"https:\/\/cleitonpinheiro.com.br\/site\/novos-prazos-para-licenca-paternidade-valem-a-partir-de-2027-entenda\/\",\"name\":\"Novos prazos para licen\u00e7a-paternidade valem a partir de 2027; entenda - PORTAL DE NOT\u00cdCIAS CLEITON PINHEIRO\",\"isPartOf\":{\"@id\":\"https:\/\/cleitonpinheiro.com.br\/site\/#website\"},\"primaryImageOfPage\":{\"@id\":\"https:\/\/cleitonpinheiro.com.br\/site\/novos-prazos-para-licenca-paternidade-valem-a-partir-de-2027-entenda\/#primaryimage\"},\"image\":{\"@id\":\"https:\/\/cleitonpinheiro.com.br\/site\/novos-prazos-para-licenca-paternidade-valem-a-partir-de-2027-entenda\/#primaryimage\"},\"thumbnailUrl\":\"https:\/\/cleitonpinheiro.com.br\/site\/wp-content\/uploads\/2025\/07\/Trabalhadores-interessados-nas-vagas-podem-procurar-o-Sine-portando-documentos-carteira-de-trabalho-e-curriculo.-Foto-Carlessandro-Souza.jpeg\",\"datePublished\":\"2026-04-01T21:11:45+00:00\",\"dateModified\":\"2026-04-01T21:12:00+00:00\",\"breadcrumb\":{\"@id\":\"https:\/\/cleitonpinheiro.com.br\/site\/novos-prazos-para-licenca-paternidade-valem-a-partir-de-2027-entenda\/#breadcrumb\"},\"inLanguage\":\"pt-BR\",\"potentialAction\":[{\"@type\":\"ReadAction\",\"target\":[\"https:\/\/cleitonpinheiro.com.br\/site\/novos-prazos-para-licenca-paternidade-valem-a-partir-de-2027-entenda\/\"]}]},{\"@type\":\"ImageObject\",\"inLanguage\":\"pt-BR\",\"@id\":\"https:\/\/cleitonpinheiro.com.br\/site\/novos-prazos-para-licenca-paternidade-valem-a-partir-de-2027-entenda\/#primaryimage\",\"url\":\"https:\/\/cleitonpinheiro.com.br\/site\/wp-content\/uploads\/2025\/07\/Trabalhadores-interessados-nas-vagas-podem-procurar-o-Sine-portando-documentos-carteira-de-trabalho-e-curriculo.-Foto-Carlessandro-Souza.jpeg\",\"contentUrl\":\"https:\/\/cleitonpinheiro.com.br\/site\/wp-content\/uploads\/2025\/07\/Trabalhadores-interessados-nas-vagas-podem-procurar-o-Sine-portando-documentos-carteira-de-trabalho-e-curriculo.-Foto-Carlessandro-Souza.jpeg\",\"width\":1600,\"height\":1066},{\"@type\":\"BreadcrumbList\",\"@id\":\"https:\/\/cleitonpinheiro.com.br\/site\/novos-prazos-para-licenca-paternidade-valem-a-partir-de-2027-entenda\/#breadcrumb\",\"itemListElement\":[{\"@type\":\"ListItem\",\"position\":1,\"name\":\"In\u00edcio\",\"item\":\"https:\/\/cleitonpinheiro.com.br\/site\/\"},{\"@type\":\"ListItem\",\"position\":2,\"name\":\"Novos prazos para licen\u00e7a-paternidade valem a partir de 2027; entenda\"}]},{\"@type\":\"WebSite\",\"@id\":\"https:\/\/cleitonpinheiro.com.br\/site\/#website\",\"url\":\"https:\/\/cleitonpinheiro.com.br\/site\/\",\"name\":\"PORTAL DE NOT\u00cdCIAS CLEITON PINHEIRO\",\"description\":\"FALANDO A VERDADE\",\"publisher\":{\"@id\":\"https:\/\/cleitonpinheiro.com.br\/site\/#organization\"},\"potentialAction\":[{\"@type\":\"SearchAction\",\"target\":{\"@type\":\"EntryPoint\",\"urlTemplate\":\"https:\/\/cleitonpinheiro.com.br\/site\/?s={search_term_string}\"},\"query-input\":{\"@type\":\"PropertyValueSpecification\",\"valueRequired\":true,\"valueName\":\"search_term_string\"}}],\"inLanguage\":\"pt-BR\"},{\"@type\":\"Organization\",\"@id\":\"https:\/\/cleitonpinheiro.com.br\/site\/#organization\",\"name\":\"CPNOT\u00cdCIAS\",\"url\":\"https:\/\/cleitonpinheiro.com.br\/site\/\",\"logo\":{\"@type\":\"ImageObject\",\"inLanguage\":\"pt-BR\",\"@id\":\"https:\/\/cleitonpinheiro.com.br\/site\/#\/schema\/logo\/image\/\",\"url\":\"https:\/\/cleitonpinheiro.com.br\/site\/wp-content\/uploads\/2022\/08\/Logo-pequena-2.png\",\"contentUrl\":\"https:\/\/cleitonpinheiro.com.br\/site\/wp-content\/uploads\/2022\/08\/Logo-pequena-2.png\",\"width\":500,\"height\":500,\"caption\":\"CPNOT\u00cdCIAS\"},\"image\":{\"@id\":\"https:\/\/cleitonpinheiro.com.br\/site\/#\/schema\/logo\/image\/\"},\"sameAs\":[\"https:\/\/www.facebook.com\/portalcpnoticias\/\"]},{\"@type\":\"Person\",\"@id\":\"https:\/\/cleitonpinheiro.com.br\/site\/#\/schema\/person\/62fd4eb98fcc8bd3fc477aaff264af51\",\"name\":\"Cleiton Pinheiro\",\"image\":{\"@type\":\"ImageObject\",\"inLanguage\":\"pt-BR\",\"@id\":\"https:\/\/cleitonpinheiro.com.br\/site\/#\/schema\/person\/image\/\",\"url\":\"https:\/\/secure.gravatar.com\/avatar\/15642ec35b78fe5eed3cfa8e4a3f3211d73a3df4f35f0566b4324958cba1b1b9?s=96&r=g\",\"contentUrl\":\"https:\/\/secure.gravatar.com\/avatar\/15642ec35b78fe5eed3cfa8e4a3f3211d73a3df4f35f0566b4324958cba1b1b9?s=96&r=g\",\"caption\":\"Cleiton Pinheiro\"},\"url\":\"https:\/\/cleitonpinheiro.com.br\/site\/author\/cleiton\/\"}]}<\/script>\n<!-- \/ Yoast SEO plugin. -->","yoast_head_json":{"title":"Novos prazos para licen\u00e7a-paternidade valem a partir de 2027; entenda - PORTAL DE NOT\u00cdCIAS CLEITON PINHEIRO","robots":{"index":"index","follow":"follow","max-snippet":"max-snippet:-1","max-image-preview":"max-image-preview:large","max-video-preview":"max-video-preview:-1"},"canonical":"https:\/\/cleitonpinheiro.com.br\/site\/novos-prazos-para-licenca-paternidade-valem-a-partir-de-2027-entenda\/","og_locale":"pt_BR","og_type":"article","og_title":"Novos prazos para licen\u00e7a-paternidade valem a partir de 2027; entenda - PORTAL DE NOT\u00cdCIAS CLEITON PINHEIRO","og_description":"A lei que amplia os prazos da licen\u00e7a-paternidade entra em vigor em 2027 e conceder\u00e1 inicialmente mais cinco dias aos homens, a partir do nascimento do filho. Para 2026, o benef\u00edcio permanece em cinco dias. Publicada na edi\u00e7\u00e3o desta quarta-feira (1\u00b0\/4) do Di\u00e1rio Oficial da Uni\u00e3o, a Lei n\u00b0 15.371 prev\u00ea aumento gradual do benef\u00edcio, [&hellip;]","og_url":"https:\/\/cleitonpinheiro.com.br\/site\/novos-prazos-para-licenca-paternidade-valem-a-partir-de-2027-entenda\/","og_site_name":"PORTAL DE NOT\u00cdCIAS CLEITON PINHEIRO","article_publisher":"https:\/\/www.facebook.com\/portalcpnoticias\/","article_published_time":"2026-04-01T21:11:45+00:00","article_modified_time":"2026-04-01T21:12:00+00:00","og_image":[{"width":1600,"height":1066,"url":"https:\/\/cleitonpinheiro.com.br\/site\/wp-content\/uploads\/2025\/07\/Trabalhadores-interessados-nas-vagas-podem-procurar-o-Sine-portando-documentos-carteira-de-trabalho-e-curriculo.-Foto-Carlessandro-Souza.jpeg","type":"image\/jpeg"}],"author":"Cleiton Pinheiro","twitter_card":"summary_large_image","twitter_misc":{"Escrito por":"Cleiton Pinheiro","Est. tempo de leitura":"2 minutos"},"schema":{"@context":"https:\/\/schema.org","@graph":[{"@type":"Article","@id":"https:\/\/cleitonpinheiro.com.br\/site\/novos-prazos-para-licenca-paternidade-valem-a-partir-de-2027-entenda\/#article","isPartOf":{"@id":"https:\/\/cleitonpinheiro.com.br\/site\/novos-prazos-para-licenca-paternidade-valem-a-partir-de-2027-entenda\/"},"author":{"name":"Cleiton Pinheiro","@id":"https:\/\/cleitonpinheiro.com.br\/site\/#\/schema\/person\/62fd4eb98fcc8bd3fc477aaff264af51"},"headline":"Novos prazos para licen\u00e7a-paternidade valem a partir de 2027; entenda","datePublished":"2026-04-01T21:11:45+00:00","dateModified":"2026-04-01T21:12:00+00:00","mainEntityOfPage":{"@id":"https:\/\/cleitonpinheiro.com.br\/site\/novos-prazos-para-licenca-paternidade-valem-a-partir-de-2027-entenda\/"},"wordCount":331,"commentCount":0,"publisher":{"@id":"https:\/\/cleitonpinheiro.com.br\/site\/#organization"},"image":{"@id":"https:\/\/cleitonpinheiro.com.br\/site\/novos-prazos-para-licenca-paternidade-valem-a-partir-de-2027-entenda\/#primaryimage"},"thumbnailUrl":"https:\/\/cleitonpinheiro.com.br\/site\/wp-content\/uploads\/2025\/07\/Trabalhadores-interessados-nas-vagas-podem-procurar-o-Sine-portando-documentos-carteira-de-trabalho-e-curriculo.-Foto-Carlessandro-Souza.jpeg","articleSection":["BRASIL \/ MUNDO","MANCHETE SEGUND\u00c1RIA","TODAS NOTICIAS"],"inLanguage":"pt-BR","potentialAction":[{"@type":"CommentAction","name":"Comment","target":["https:\/\/cleitonpinheiro.com.br\/site\/novos-prazos-para-licenca-paternidade-valem-a-partir-de-2027-entenda\/#respond"]}]},{"@type":"WebPage","@id":"https:\/\/cleitonpinheiro.com.br\/site\/novos-prazos-para-licenca-paternidade-valem-a-partir-de-2027-entenda\/","url":"https:\/\/cleitonpinheiro.com.br\/site\/novos-prazos-para-licenca-paternidade-valem-a-partir-de-2027-entenda\/","name":"Novos prazos para licen\u00e7a-paternidade valem a partir de 2027; entenda - PORTAL DE NOT\u00cdCIAS CLEITON PINHEIRO","isPartOf":{"@id":"https:\/\/cleitonpinheiro.com.br\/site\/#website"},"primaryImageOfPage":{"@id":"https:\/\/cleitonpinheiro.com.br\/site\/novos-prazos-para-licenca-paternidade-valem-a-partir-de-2027-entenda\/#primaryimage"},"image":{"@id":"https:\/\/cleitonpinheiro.com.br\/site\/novos-prazos-para-licenca-paternidade-valem-a-partir-de-2027-entenda\/#primaryimage"},"thumbnailUrl":"https:\/\/cleitonpinheiro.com.br\/site\/wp-content\/uploads\/2025\/07\/Trabalhadores-interessados-nas-vagas-podem-procurar-o-Sine-portando-documentos-carteira-de-trabalho-e-curriculo.-Foto-Carlessandro-Souza.jpeg","datePublished":"2026-04-01T21:11:45+00:00","dateModified":"2026-04-01T21:12:00+00:00","breadcrumb":{"@id":"https:\/\/cleitonpinheiro.com.br\/site\/novos-prazos-para-licenca-paternidade-valem-a-partir-de-2027-entenda\/#breadcrumb"},"inLanguage":"pt-BR","potentialAction":[{"@type":"ReadAction","target":["https:\/\/cleitonpinheiro.com.br\/site\/novos-prazos-para-licenca-paternidade-valem-a-partir-de-2027-entenda\/"]}]},{"@type":"ImageObject","inLanguage":"pt-BR","@id":"https:\/\/cleitonpinheiro.com.br\/site\/novos-prazos-para-licenca-paternidade-valem-a-partir-de-2027-entenda\/#primaryimage","url":"https:\/\/cleitonpinheiro.com.br\/site\/wp-content\/uploads\/2025\/07\/Trabalhadores-interessados-nas-vagas-podem-procurar-o-Sine-portando-documentos-carteira-de-trabalho-e-curriculo.-Foto-Carlessandro-Souza.jpeg","contentUrl":"https:\/\/cleitonpinheiro.com.br\/site\/wp-content\/uploads\/2025\/07\/Trabalhadores-interessados-nas-vagas-podem-procurar-o-Sine-portando-documentos-carteira-de-trabalho-e-curriculo.-Foto-Carlessandro-Souza.jpeg","width":1600,"height":1066},{"@type":"BreadcrumbList","@id":"https:\/\/cleitonpinheiro.com.br\/site\/novos-prazos-para-licenca-paternidade-valem-a-partir-de-2027-entenda\/#breadcrumb","itemListElement":[{"@type":"ListItem","position":1,"name":"In\u00edcio","item":"https:\/\/cleitonpinheiro.com.br\/site\/"},{"@type":"ListItem","position":2,"name":"Novos prazos para licen\u00e7a-paternidade valem a partir de 2027; entenda"}]},{"@type":"WebSite","@id":"https:\/\/cleitonpinheiro.com.br\/site\/#website","url":"https:\/\/cleitonpinheiro.com.br\/site\/","name":"PORTAL DE NOT\u00cdCIAS CLEITON PINHEIRO","description":"FALANDO A VERDADE","publisher":{"@id":"https:\/\/cleitonpinheiro.com.br\/site\/#organization"},"potentialAction":[{"@type":"SearchAction","target":{"@type":"EntryPoint","urlTemplate":"https:\/\/cleitonpinheiro.com.br\/site\/?s={search_term_string}"},"query-input":{"@type":"PropertyValueSpecification","valueRequired":true,"valueName":"search_term_string"}}],"inLanguage":"pt-BR"},{"@type":"Organization","@id":"https:\/\/cleitonpinheiro.com.br\/site\/#organization","name":"CPNOT\u00cdCIAS","url":"https:\/\/cleitonpinheiro.com.br\/site\/","logo":{"@type":"ImageObject","inLanguage":"pt-BR","@id":"https:\/\/cleitonpinheiro.com.br\/site\/#\/schema\/logo\/image\/","url":"https:\/\/cleitonpinheiro.com.br\/site\/wp-content\/uploads\/2022\/08\/Logo-pequena-2.png","contentUrl":"https:\/\/cleitonpinheiro.com.br\/site\/wp-content\/uploads\/2022\/08\/Logo-pequena-2.png","width":500,"height":500,"caption":"CPNOT\u00cdCIAS"},"image":{"@id":"https:\/\/cleitonpinheiro.com.br\/site\/#\/schema\/logo\/image\/"},"sameAs":["https:\/\/www.facebook.com\/portalcpnoticias\/"]},{"@type":"Person","@id":"https:\/\/cleitonpinheiro.com.br\/site\/#\/schema\/person\/62fd4eb98fcc8bd3fc477aaff264af51","name":"Cleiton Pinheiro","image":{"@type":"ImageObject","inLanguage":"pt-BR","@id":"https:\/\/cleitonpinheiro.com.br\/site\/#\/schema\/person\/image\/","url":"https:\/\/secure.gravatar.com\/avatar\/15642ec35b78fe5eed3cfa8e4a3f3211d73a3df4f35f0566b4324958cba1b1b9?s=96&r=g","contentUrl":"https:\/\/secure.gravatar.com\/avatar\/15642ec35b78fe5eed3cfa8e4a3f3211d73a3df4f35f0566b4324958cba1b1b9?s=96&r=g","caption":"Cleiton Pinheiro"},"url":"https:\/\/cleitonpinheiro.com.br\/site\/author\/cleiton\/"}]}},"views":90,"_links":{"self":[{"href":"https:\/\/cleitonpinheiro.com.br\/site\/wp-json\/wp\/v2\/posts\/88138","targetHints":{"allow":["GET"]}}],"collection":[{"href":"https:\/\/cleitonpinheiro.com.br\/site\/wp-json\/wp\/v2\/posts"}],"about":[{"href":"https:\/\/cleitonpinheiro.com.br\/site\/wp-json\/wp\/v2\/types\/post"}],"author":[{"embeddable":true,"href":"https:\/\/cleitonpinheiro.com.br\/site\/wp-json\/wp\/v2\/users\/10"}],"replies":[{"embeddable":true,"href":"https:\/\/cleitonpinheiro.com.br\/site\/wp-json\/wp\/v2\/comments?post=88138"}],"version-history":[{"count":1,"href":"https:\/\/cleitonpinheiro.com.br\/site\/wp-json\/wp\/v2\/posts\/88138\/revisions"}],"predecessor-version":[{"id":88139,"href":"https:\/\/cleitonpinheiro.com.br\/site\/wp-json\/wp\/v2\/posts\/88138\/revisions\/88139"}],"wp:featuredmedia":[{"embeddable":true,"href":"https:\/\/cleitonpinheiro.com.br\/site\/wp-json\/wp\/v2\/media\/86143"}],"wp:attachment":[{"href":"https:\/\/cleitonpinheiro.com.br\/site\/wp-json\/wp\/v2\/media?parent=88138"}],"wp:term":[{"taxonomy":"category","embeddable":true,"href":"https:\/\/cleitonpinheiro.com.br\/site\/wp-json\/wp\/v2\/categories?post=88138"},{"taxonomy":"post_tag","embeddable":true,"href":"https:\/\/cleitonpinheiro.com.br\/site\/wp-json\/wp\/v2\/tags?post=88138"}],"curies":[{"name":"wp","href":"https:\/\/api.w.org\/{rel}","templated":true}]}}