{"id":88140,"date":"2026-04-01T18:23:02","date_gmt":"2026-04-01T21:23:02","guid":{"rendered":"https:\/\/cleitonpinheiro.com.br\/site\/?p=88140"},"modified":"2026-04-01T18:23:11","modified_gmt":"2026-04-01T21:23:11","slug":"fundacao-cultural-de-palmas-reforca-acervo-da-biblioteca-jaime-camara-com-doacao-do-mpf","status":"publish","type":"post","link":"https:\/\/cleitonpinheiro.com.br\/site\/fundacao-cultural-de-palmas-reforca-acervo-da-biblioteca-jaime-camara-com-doacao-do-mpf\/","title":{"rendered":"Funda\u00e7\u00e3o Cultural de Palmas refor\u00e7a acervo da Biblioteca Jaime C\u00e2mara com doa\u00e7\u00e3o do MPF"},"content":{"rendered":"\n<figure class=\"wp-block-image size-full\"><img fetchpriority=\"high\" decoding=\"async\" width=\"930\" height=\"605\" src=\"https:\/\/cleitonpinheiro.com.br\/site\/wp-content\/uploads\/2025\/10\/campanha-doe-um-livro.png\" alt=\"\" class=\"wp-image-87300\" srcset=\"https:\/\/cleitonpinheiro.com.br\/site\/wp-content\/uploads\/2025\/10\/campanha-doe-um-livro.png 930w, https:\/\/cleitonpinheiro.com.br\/site\/wp-content\/uploads\/2025\/10\/campanha-doe-um-livro-300x195.png 300w, https:\/\/cleitonpinheiro.com.br\/site\/wp-content\/uploads\/2025\/10\/campanha-doe-um-livro-768x500.png 768w\" sizes=\"(max-width: 930px) 100vw, 930px\" \/><\/figure>\n\n\n\n<p>A Funda\u00e7\u00e3o Cultural de Palmas (FCP) recebeu do Minist\u00e9rio P\u00fablico Federal (MPF) no Tocantins um importante acervo bibliogr\u00e1fico, que passa a integrar a Biblioteca P\u00fablica Municipal Jaime C\u00e2mara, fortalecendo o acesso da popula\u00e7\u00e3o \u00e0 leitura e ao conhecimento.<\/p>\n\n\n\n<p>A doa\u00e7\u00e3o \u00e9 resultado do processo de desfazimento do acervo da Procuradoria da Rep\u00fablica no Tocantins, que destinou aproximadamente 12 mil obras \u00e0 Funda\u00e7\u00e3o. Entre os materiais, h\u00e1 exemplares patrimoniados e n\u00e3o patrimoniados, que agora contribuem para o enriquecimento do acervo da principal biblioteca p\u00fablica da Capital.<\/p>\n\n\n\n<p>Com a incorpora\u00e7\u00e3o dos novos t\u00edtulos, a Biblioteca Jaime C\u00e2mara amplia a diversidade de obras dispon\u00edveis ao p\u00fablico e refor\u00e7a seu papel como espa\u00e7o de forma\u00e7\u00e3o, pesquisa e incentivo \u00e0 leitura. A iniciativa tamb\u00e9m fortalece as pol\u00edticas p\u00fablicas culturais desenvolvidas pela Funda\u00e7\u00e3o Cultural de Palmas, especialmente no que diz respeito \u00e0 democratiza\u00e7\u00e3o do acesso ao livro.<\/p>\n\n\n\n<p>A presidente da Funda\u00e7\u00e3o Cultural de Palmas, Luara Aquino, destacou a import\u00e2ncia da doa\u00e7\u00e3o para o fortalecimento das pol\u00edticas p\u00fablicas de leitura no munic\u00edpio. \u201cReceber esse acervo representa um avan\u00e7o significativo para a cultura em Palmas. Esses livros ir\u00e3o fortalecer a Biblioteca Jornalista Jaime C\u00e2mara e tamb\u00e9m alcan\u00e7ar outros espa\u00e7os de forma\u00e7\u00e3o, inclusive em regi\u00f5es mais afastadas, ampliando o acesso da popula\u00e7\u00e3o \u00e0 leitura e ao conhecimento\u201d, ressaltou.<\/p>\n\n\n\n<p><strong>Sele\u00e7\u00e3o das obras<\/strong><\/p>\n\n\n\n<p>O processo de sele\u00e7\u00e3o das obras foi conduzido por comiss\u00e3o institu\u00edda pela Portaria n\u00ba 101, de 18 de junho de 2024. Os trabalhos tiveram in\u00edcio em agosto de 2024 e foram formalmente conclu\u00eddos em 21 de outubro de 2025, ap\u00f3s an\u00e1lise t\u00e9cnica detalhada do acervo.<\/p>\n\n\n\n<p>A servidora Valk\u00edria Corr\u00eaa, que atuou diretamente na execu\u00e7\u00e3o dos trabalhos, disse que o processo envolveu uma triagem criteriosa. \u201cCome\u00e7amos com a separa\u00e7\u00e3o dos livros, a cataloga\u00e7\u00e3o, com apoio da bibliotec\u00e1ria da Procuradoria-Geral da Rep\u00fablica (PGR), que fez uma an\u00e1lise mais detalhada do acervo, classificando o que estava desatualizado, duplicado e o que poderia ser destinado\u201d, explicou.<\/p>\n\n\n\n<p>Texto: Georgethe Pinheiro\/Prefeitura de Palmas<\/p>\n","protected":false},"excerpt":{"rendered":"<p>A Funda\u00e7\u00e3o Cultural de Palmas (FCP) recebeu do Minist\u00e9rio P\u00fablico Federal (MPF) no Tocantins um importante acervo bibliogr\u00e1fico, que passa a integrar a Biblioteca P\u00fablica Municipal Jaime C\u00e2mara, fortalecendo o acesso da popula\u00e7\u00e3o \u00e0 leitura e ao conhecimento. A doa\u00e7\u00e3o \u00e9 resultado do processo de desfazimento do acervo da Procuradoria da Rep\u00fablica no Tocantins, que [&hellip;]<\/p>\n","protected":false},"author":10,"featured_media":0,"comment_status":"open","ping_status":"open","sticky":false,"template":"","format":"standard","meta":{"_acf_changed":false,"footnotes":""},"categories":[22,20,21],"tags":[],"class_list":["post-88140","post","type-post","status-publish","format-standard","hentry","category-cidades","category-noticias-em-destaque","category-todas-noticias"],"acf":[],"yoast_head":"<!-- This site is optimized with the Yoast SEO plugin v24.4 - https:\/\/yoast.com\/wordpress\/plugins\/seo\/ -->\n<title>Funda\u00e7\u00e3o Cultural de Palmas refor\u00e7a acervo da Biblioteca Jaime C\u00e2mara com doa\u00e7\u00e3o do MPF - PORTAL DE NOT\u00cdCIAS CLEITON PINHEIRO<\/title>\n<meta name=\"robots\" content=\"index, follow, max-snippet:-1, max-image-preview:large, max-video-preview:-1\" \/>\n<link rel=\"canonical\" href=\"https:\/\/cleitonpinheiro.com.br\/site\/fundacao-cultural-de-palmas-reforca-acervo-da-biblioteca-jaime-camara-com-doacao-do-mpf\/\" \/>\n<meta property=\"og:locale\" content=\"pt_BR\" \/>\n<meta property=\"og:type\" content=\"article\" \/>\n<meta property=\"og:title\" content=\"Funda\u00e7\u00e3o Cultural de Palmas refor\u00e7a acervo da Biblioteca Jaime C\u00e2mara com doa\u00e7\u00e3o do MPF - PORTAL DE NOT\u00cdCIAS CLEITON PINHEIRO\" \/>\n<meta property=\"og:description\" content=\"A Funda\u00e7\u00e3o Cultural de Palmas (FCP) recebeu do Minist\u00e9rio P\u00fablico Federal (MPF) no Tocantins um importante acervo bibliogr\u00e1fico, que passa a integrar a Biblioteca P\u00fablica Municipal Jaime C\u00e2mara, fortalecendo o acesso da popula\u00e7\u00e3o \u00e0 leitura e ao conhecimento. A doa\u00e7\u00e3o \u00e9 resultado do processo de desfazimento do acervo da Procuradoria da Rep\u00fablica no Tocantins, que [&hellip;]\" \/>\n<meta property=\"og:url\" content=\"https:\/\/cleitonpinheiro.com.br\/site\/fundacao-cultural-de-palmas-reforca-acervo-da-biblioteca-jaime-camara-com-doacao-do-mpf\/\" \/>\n<meta property=\"og:site_name\" content=\"PORTAL DE NOT\u00cdCIAS CLEITON PINHEIRO\" \/>\n<meta property=\"article:publisher\" content=\"https:\/\/www.facebook.com\/portalcpnoticias\/\" \/>\n<meta property=\"article:published_time\" content=\"2026-04-01T21:23:02+00:00\" \/>\n<meta property=\"article:modified_time\" content=\"2026-04-01T21:23:11+00:00\" \/>\n<meta property=\"og:image\" content=\"https:\/\/cleitonpinheiro.com.br\/site\/wp-content\/uploads\/2025\/10\/campanha-doe-um-livro.png\" \/>\n\t<meta property=\"og:image:width\" content=\"930\" \/>\n\t<meta property=\"og:image:height\" content=\"605\" \/>\n\t<meta property=\"og:image:type\" content=\"image\/png\" \/>\n<meta name=\"author\" content=\"Cleiton Pinheiro\" \/>\n<meta name=\"twitter:card\" content=\"summary_large_image\" \/>\n<meta name=\"twitter:label1\" content=\"Escrito por\" \/>\n\t<meta name=\"twitter:data1\" content=\"Cleiton Pinheiro\" \/>\n\t<meta name=\"twitter:label2\" content=\"Est. tempo de leitura\" \/>\n\t<meta name=\"twitter:data2\" content=\"2 minutos\" \/>\n<script type=\"application\/ld+json\" class=\"yoast-schema-graph\">{\"@context\":\"https:\/\/schema.org\",\"@graph\":[{\"@type\":\"Article\",\"@id\":\"https:\/\/cleitonpinheiro.com.br\/site\/fundacao-cultural-de-palmas-reforca-acervo-da-biblioteca-jaime-camara-com-doacao-do-mpf\/#article\",\"isPartOf\":{\"@id\":\"https:\/\/cleitonpinheiro.com.br\/site\/fundacao-cultural-de-palmas-reforca-acervo-da-biblioteca-jaime-camara-com-doacao-do-mpf\/\"},\"author\":{\"name\":\"Cleiton Pinheiro\",\"@id\":\"https:\/\/cleitonpinheiro.com.br\/site\/#\/schema\/person\/62fd4eb98fcc8bd3fc477aaff264af51\"},\"headline\":\"Funda\u00e7\u00e3o Cultural de Palmas refor\u00e7a acervo da Biblioteca Jaime C\u00e2mara com doa\u00e7\u00e3o do MPF\",\"datePublished\":\"2026-04-01T21:23:02+00:00\",\"dateModified\":\"2026-04-01T21:23:11+00:00\",\"mainEntityOfPage\":{\"@id\":\"https:\/\/cleitonpinheiro.com.br\/site\/fundacao-cultural-de-palmas-reforca-acervo-da-biblioteca-jaime-camara-com-doacao-do-mpf\/\"},\"wordCount\":383,\"commentCount\":0,\"publisher\":{\"@id\":\"https:\/\/cleitonpinheiro.com.br\/site\/#organization\"},\"image\":{\"@id\":\"https:\/\/cleitonpinheiro.com.br\/site\/fundacao-cultural-de-palmas-reforca-acervo-da-biblioteca-jaime-camara-com-doacao-do-mpf\/#primaryimage\"},\"thumbnailUrl\":\"https:\/\/cleitonpinheiro.com.br\/site\/wp-content\/uploads\/2025\/10\/campanha-doe-um-livro.png\",\"articleSection\":[\"CIDADES\",\"NOT\u00cdCIAS EM DESTAQUE\",\"TODAS NOTICIAS\"],\"inLanguage\":\"pt-BR\",\"potentialAction\":[{\"@type\":\"CommentAction\",\"name\":\"Comment\",\"target\":[\"https:\/\/cleitonpinheiro.com.br\/site\/fundacao-cultural-de-palmas-reforca-acervo-da-biblioteca-jaime-camara-com-doacao-do-mpf\/#respond\"]}]},{\"@type\":\"WebPage\",\"@id\":\"https:\/\/cleitonpinheiro.com.br\/site\/fundacao-cultural-de-palmas-reforca-acervo-da-biblioteca-jaime-camara-com-doacao-do-mpf\/\",\"url\":\"https:\/\/cleitonpinheiro.com.br\/site\/fundacao-cultural-de-palmas-reforca-acervo-da-biblioteca-jaime-camara-com-doacao-do-mpf\/\",\"name\":\"Funda\u00e7\u00e3o Cultural de Palmas refor\u00e7a acervo da Biblioteca Jaime C\u00e2mara com doa\u00e7\u00e3o do MPF - PORTAL DE NOT\u00cdCIAS CLEITON PINHEIRO\",\"isPartOf\":{\"@id\":\"https:\/\/cleitonpinheiro.com.br\/site\/#website\"},\"primaryImageOfPage\":{\"@id\":\"https:\/\/cleitonpinheiro.com.br\/site\/fundacao-cultural-de-palmas-reforca-acervo-da-biblioteca-jaime-camara-com-doacao-do-mpf\/#primaryimage\"},\"image\":{\"@id\":\"https:\/\/cleitonpinheiro.com.br\/site\/fundacao-cultural-de-palmas-reforca-acervo-da-biblioteca-jaime-camara-com-doacao-do-mpf\/#primaryimage\"},\"thumbnailUrl\":\"https:\/\/cleitonpinheiro.com.br\/site\/wp-content\/uploads\/2025\/10\/campanha-doe-um-livro.png\",\"datePublished\":\"2026-04-01T21:23:02+00:00\",\"dateModified\":\"2026-04-01T21:23:11+00:00\",\"breadcrumb\":{\"@id\":\"https:\/\/cleitonpinheiro.com.br\/site\/fundacao-cultural-de-palmas-reforca-acervo-da-biblioteca-jaime-camara-com-doacao-do-mpf\/#breadcrumb\"},\"inLanguage\":\"pt-BR\",\"potentialAction\":[{\"@type\":\"ReadAction\",\"target\":[\"https:\/\/cleitonpinheiro.com.br\/site\/fundacao-cultural-de-palmas-reforca-acervo-da-biblioteca-jaime-camara-com-doacao-do-mpf\/\"]}]},{\"@type\":\"ImageObject\",\"inLanguage\":\"pt-BR\",\"@id\":\"https:\/\/cleitonpinheiro.com.br\/site\/fundacao-cultural-de-palmas-reforca-acervo-da-biblioteca-jaime-camara-com-doacao-do-mpf\/#primaryimage\",\"url\":\"https:\/\/cleitonpinheiro.com.br\/site\/wp-content\/uploads\/2025\/10\/campanha-doe-um-livro.png\",\"contentUrl\":\"https:\/\/cleitonpinheiro.com.br\/site\/wp-content\/uploads\/2025\/10\/campanha-doe-um-livro.png\",\"width\":930,\"height\":605},{\"@type\":\"BreadcrumbList\",\"@id\":\"https:\/\/cleitonpinheiro.com.br\/site\/fundacao-cultural-de-palmas-reforca-acervo-da-biblioteca-jaime-camara-com-doacao-do-mpf\/#breadcrumb\",\"itemListElement\":[{\"@type\":\"ListItem\",\"position\":1,\"name\":\"In\u00edcio\",\"item\":\"https:\/\/cleitonpinheiro.com.br\/site\/\"},{\"@type\":\"ListItem\",\"position\":2,\"name\":\"Funda\u00e7\u00e3o Cultural de Palmas refor\u00e7a acervo da Biblioteca Jaime C\u00e2mara com doa\u00e7\u00e3o do MPF\"}]},{\"@type\":\"WebSite\",\"@id\":\"https:\/\/cleitonpinheiro.com.br\/site\/#website\",\"url\":\"https:\/\/cleitonpinheiro.com.br\/site\/\",\"name\":\"PORTAL DE NOT\u00cdCIAS CLEITON PINHEIRO\",\"description\":\"FALANDO A VERDADE\",\"publisher\":{\"@id\":\"https:\/\/cleitonpinheiro.com.br\/site\/#organization\"},\"potentialAction\":[{\"@type\":\"SearchAction\",\"target\":{\"@type\":\"EntryPoint\",\"urlTemplate\":\"https:\/\/cleitonpinheiro.com.br\/site\/?s={search_term_string}\"},\"query-input\":{\"@type\":\"PropertyValueSpecification\",\"valueRequired\":true,\"valueName\":\"search_term_string\"}}],\"inLanguage\":\"pt-BR\"},{\"@type\":\"Organization\",\"@id\":\"https:\/\/cleitonpinheiro.com.br\/site\/#organization\",\"name\":\"CPNOT\u00cdCIAS\",\"url\":\"https:\/\/cleitonpinheiro.com.br\/site\/\",\"logo\":{\"@type\":\"ImageObject\",\"inLanguage\":\"pt-BR\",\"@id\":\"https:\/\/cleitonpinheiro.com.br\/site\/#\/schema\/logo\/image\/\",\"url\":\"https:\/\/cleitonpinheiro.com.br\/site\/wp-content\/uploads\/2022\/08\/Logo-pequena-2.png\",\"contentUrl\":\"https:\/\/cleitonpinheiro.com.br\/site\/wp-content\/uploads\/2022\/08\/Logo-pequena-2.png\",\"width\":500,\"height\":500,\"caption\":\"CPNOT\u00cdCIAS\"},\"image\":{\"@id\":\"https:\/\/cleitonpinheiro.com.br\/site\/#\/schema\/logo\/image\/\"},\"sameAs\":[\"https:\/\/www.facebook.com\/portalcpnoticias\/\"]},{\"@type\":\"Person\",\"@id\":\"https:\/\/cleitonpinheiro.com.br\/site\/#\/schema\/person\/62fd4eb98fcc8bd3fc477aaff264af51\",\"name\":\"Cleiton Pinheiro\",\"image\":{\"@type\":\"ImageObject\",\"inLanguage\":\"pt-BR\",\"@id\":\"https:\/\/cleitonpinheiro.com.br\/site\/#\/schema\/person\/image\/\",\"url\":\"https:\/\/secure.gravatar.com\/avatar\/15642ec35b78fe5eed3cfa8e4a3f3211d73a3df4f35f0566b4324958cba1b1b9?s=96&r=g\",\"contentUrl\":\"https:\/\/secure.gravatar.com\/avatar\/15642ec35b78fe5eed3cfa8e4a3f3211d73a3df4f35f0566b4324958cba1b1b9?s=96&r=g\",\"caption\":\"Cleiton Pinheiro\"},\"url\":\"https:\/\/cleitonpinheiro.com.br\/site\/author\/cleiton\/\"}]}<\/script>\n<!-- \/ Yoast SEO plugin. -->","yoast_head_json":{"title":"Funda\u00e7\u00e3o Cultural de Palmas refor\u00e7a acervo da Biblioteca Jaime C\u00e2mara com doa\u00e7\u00e3o do MPF - PORTAL DE NOT\u00cdCIAS CLEITON PINHEIRO","robots":{"index":"index","follow":"follow","max-snippet":"max-snippet:-1","max-image-preview":"max-image-preview:large","max-video-preview":"max-video-preview:-1"},"canonical":"https:\/\/cleitonpinheiro.com.br\/site\/fundacao-cultural-de-palmas-reforca-acervo-da-biblioteca-jaime-camara-com-doacao-do-mpf\/","og_locale":"pt_BR","og_type":"article","og_title":"Funda\u00e7\u00e3o Cultural de Palmas refor\u00e7a acervo da Biblioteca Jaime C\u00e2mara com doa\u00e7\u00e3o do MPF - PORTAL DE NOT\u00cdCIAS CLEITON PINHEIRO","og_description":"A Funda\u00e7\u00e3o Cultural de Palmas (FCP) recebeu do Minist\u00e9rio P\u00fablico Federal (MPF) no Tocantins um importante acervo bibliogr\u00e1fico, que passa a integrar a Biblioteca P\u00fablica Municipal Jaime C\u00e2mara, fortalecendo o acesso da popula\u00e7\u00e3o \u00e0 leitura e ao conhecimento. A doa\u00e7\u00e3o \u00e9 resultado do processo de desfazimento do acervo da Procuradoria da Rep\u00fablica no Tocantins, que [&hellip;]","og_url":"https:\/\/cleitonpinheiro.com.br\/site\/fundacao-cultural-de-palmas-reforca-acervo-da-biblioteca-jaime-camara-com-doacao-do-mpf\/","og_site_name":"PORTAL DE NOT\u00cdCIAS CLEITON PINHEIRO","article_publisher":"https:\/\/www.facebook.com\/portalcpnoticias\/","article_published_time":"2026-04-01T21:23:02+00:00","article_modified_time":"2026-04-01T21:23:11+00:00","og_image":[{"width":930,"height":605,"url":"https:\/\/cleitonpinheiro.com.br\/site\/wp-content\/uploads\/2025\/10\/campanha-doe-um-livro.png","type":"image\/png"}],"author":"Cleiton Pinheiro","twitter_card":"summary_large_image","twitter_misc":{"Escrito por":"Cleiton Pinheiro","Est. tempo de leitura":"2 minutos"},"schema":{"@context":"https:\/\/schema.org","@graph":[{"@type":"Article","@id":"https:\/\/cleitonpinheiro.com.br\/site\/fundacao-cultural-de-palmas-reforca-acervo-da-biblioteca-jaime-camara-com-doacao-do-mpf\/#article","isPartOf":{"@id":"https:\/\/cleitonpinheiro.com.br\/site\/fundacao-cultural-de-palmas-reforca-acervo-da-biblioteca-jaime-camara-com-doacao-do-mpf\/"},"author":{"name":"Cleiton Pinheiro","@id":"https:\/\/cleitonpinheiro.com.br\/site\/#\/schema\/person\/62fd4eb98fcc8bd3fc477aaff264af51"},"headline":"Funda\u00e7\u00e3o Cultural de Palmas refor\u00e7a acervo da Biblioteca Jaime C\u00e2mara com doa\u00e7\u00e3o do MPF","datePublished":"2026-04-01T21:23:02+00:00","dateModified":"2026-04-01T21:23:11+00:00","mainEntityOfPage":{"@id":"https:\/\/cleitonpinheiro.com.br\/site\/fundacao-cultural-de-palmas-reforca-acervo-da-biblioteca-jaime-camara-com-doacao-do-mpf\/"},"wordCount":383,"commentCount":0,"publisher":{"@id":"https:\/\/cleitonpinheiro.com.br\/site\/#organization"},"image":{"@id":"https:\/\/cleitonpinheiro.com.br\/site\/fundacao-cultural-de-palmas-reforca-acervo-da-biblioteca-jaime-camara-com-doacao-do-mpf\/#primaryimage"},"thumbnailUrl":"https:\/\/cleitonpinheiro.com.br\/site\/wp-content\/uploads\/2025\/10\/campanha-doe-um-livro.png","articleSection":["CIDADES","NOT\u00cdCIAS EM DESTAQUE","TODAS NOTICIAS"],"inLanguage":"pt-BR","potentialAction":[{"@type":"CommentAction","name":"Comment","target":["https:\/\/cleitonpinheiro.com.br\/site\/fundacao-cultural-de-palmas-reforca-acervo-da-biblioteca-jaime-camara-com-doacao-do-mpf\/#respond"]}]},{"@type":"WebPage","@id":"https:\/\/cleitonpinheiro.com.br\/site\/fundacao-cultural-de-palmas-reforca-acervo-da-biblioteca-jaime-camara-com-doacao-do-mpf\/","url":"https:\/\/cleitonpinheiro.com.br\/site\/fundacao-cultural-de-palmas-reforca-acervo-da-biblioteca-jaime-camara-com-doacao-do-mpf\/","name":"Funda\u00e7\u00e3o Cultural de Palmas refor\u00e7a acervo da Biblioteca Jaime C\u00e2mara com doa\u00e7\u00e3o do MPF - PORTAL DE NOT\u00cdCIAS CLEITON PINHEIRO","isPartOf":{"@id":"https:\/\/cleitonpinheiro.com.br\/site\/#website"},"primaryImageOfPage":{"@id":"https:\/\/cleitonpinheiro.com.br\/site\/fundacao-cultural-de-palmas-reforca-acervo-da-biblioteca-jaime-camara-com-doacao-do-mpf\/#primaryimage"},"image":{"@id":"https:\/\/cleitonpinheiro.com.br\/site\/fundacao-cultural-de-palmas-reforca-acervo-da-biblioteca-jaime-camara-com-doacao-do-mpf\/#primaryimage"},"thumbnailUrl":"https:\/\/cleitonpinheiro.com.br\/site\/wp-content\/uploads\/2025\/10\/campanha-doe-um-livro.png","datePublished":"2026-04-01T21:23:02+00:00","dateModified":"2026-04-01T21:23:11+00:00","breadcrumb":{"@id":"https:\/\/cleitonpinheiro.com.br\/site\/fundacao-cultural-de-palmas-reforca-acervo-da-biblioteca-jaime-camara-com-doacao-do-mpf\/#breadcrumb"},"inLanguage":"pt-BR","potentialAction":[{"@type":"ReadAction","target":["https:\/\/cleitonpinheiro.com.br\/site\/fundacao-cultural-de-palmas-reforca-acervo-da-biblioteca-jaime-camara-com-doacao-do-mpf\/"]}]},{"@type":"ImageObject","inLanguage":"pt-BR","@id":"https:\/\/cleitonpinheiro.com.br\/site\/fundacao-cultural-de-palmas-reforca-acervo-da-biblioteca-jaime-camara-com-doacao-do-mpf\/#primaryimage","url":"https:\/\/cleitonpinheiro.com.br\/site\/wp-content\/uploads\/2025\/10\/campanha-doe-um-livro.png","contentUrl":"https:\/\/cleitonpinheiro.com.br\/site\/wp-content\/uploads\/2025\/10\/campanha-doe-um-livro.png","width":930,"height":605},{"@type":"BreadcrumbList","@id":"https:\/\/cleitonpinheiro.com.br\/site\/fundacao-cultural-de-palmas-reforca-acervo-da-biblioteca-jaime-camara-com-doacao-do-mpf\/#breadcrumb","itemListElement":[{"@type":"ListItem","position":1,"name":"In\u00edcio","item":"https:\/\/cleitonpinheiro.com.br\/site\/"},{"@type":"ListItem","position":2,"name":"Funda\u00e7\u00e3o Cultural de Palmas refor\u00e7a acervo da Biblioteca Jaime C\u00e2mara com doa\u00e7\u00e3o do MPF"}]},{"@type":"WebSite","@id":"https:\/\/cleitonpinheiro.com.br\/site\/#website","url":"https:\/\/cleitonpinheiro.com.br\/site\/","name":"PORTAL DE NOT\u00cdCIAS CLEITON PINHEIRO","description":"FALANDO A VERDADE","publisher":{"@id":"https:\/\/cleitonpinheiro.com.br\/site\/#organization"},"potentialAction":[{"@type":"SearchAction","target":{"@type":"EntryPoint","urlTemplate":"https:\/\/cleitonpinheiro.com.br\/site\/?s={search_term_string}"},"query-input":{"@type":"PropertyValueSpecification","valueRequired":true,"valueName":"search_term_string"}}],"inLanguage":"pt-BR"},{"@type":"Organization","@id":"https:\/\/cleitonpinheiro.com.br\/site\/#organization","name":"CPNOT\u00cdCIAS","url":"https:\/\/cleitonpinheiro.com.br\/site\/","logo":{"@type":"ImageObject","inLanguage":"pt-BR","@id":"https:\/\/cleitonpinheiro.com.br\/site\/#\/schema\/logo\/image\/","url":"https:\/\/cleitonpinheiro.com.br\/site\/wp-content\/uploads\/2022\/08\/Logo-pequena-2.png","contentUrl":"https:\/\/cleitonpinheiro.com.br\/site\/wp-content\/uploads\/2022\/08\/Logo-pequena-2.png","width":500,"height":500,"caption":"CPNOT\u00cdCIAS"},"image":{"@id":"https:\/\/cleitonpinheiro.com.br\/site\/#\/schema\/logo\/image\/"},"sameAs":["https:\/\/www.facebook.com\/portalcpnoticias\/"]},{"@type":"Person","@id":"https:\/\/cleitonpinheiro.com.br\/site\/#\/schema\/person\/62fd4eb98fcc8bd3fc477aaff264af51","name":"Cleiton Pinheiro","image":{"@type":"ImageObject","inLanguage":"pt-BR","@id":"https:\/\/cleitonpinheiro.com.br\/site\/#\/schema\/person\/image\/","url":"https:\/\/secure.gravatar.com\/avatar\/15642ec35b78fe5eed3cfa8e4a3f3211d73a3df4f35f0566b4324958cba1b1b9?s=96&r=g","contentUrl":"https:\/\/secure.gravatar.com\/avatar\/15642ec35b78fe5eed3cfa8e4a3f3211d73a3df4f35f0566b4324958cba1b1b9?s=96&r=g","caption":"Cleiton Pinheiro"},"url":"https:\/\/cleitonpinheiro.com.br\/site\/author\/cleiton\/"}]}},"views":38,"_links":{"self":[{"href":"https:\/\/cleitonpinheiro.com.br\/site\/wp-json\/wp\/v2\/posts\/88140","targetHints":{"allow":["GET"]}}],"collection":[{"href":"https:\/\/cleitonpinheiro.com.br\/site\/wp-json\/wp\/v2\/posts"}],"about":[{"href":"https:\/\/cleitonpinheiro.com.br\/site\/wp-json\/wp\/v2\/types\/post"}],"author":[{"embeddable":true,"href":"https:\/\/cleitonpinheiro.com.br\/site\/wp-json\/wp\/v2\/users\/10"}],"replies":[{"embeddable":true,"href":"https:\/\/cleitonpinheiro.com.br\/site\/wp-json\/wp\/v2\/comments?post=88140"}],"version-history":[{"count":1,"href":"https:\/\/cleitonpinheiro.com.br\/site\/wp-json\/wp\/v2\/posts\/88140\/revisions"}],"predecessor-version":[{"id":88141,"href":"https:\/\/cleitonpinheiro.com.br\/site\/wp-json\/wp\/v2\/posts\/88140\/revisions\/88141"}],"wp:attachment":[{"href":"https:\/\/cleitonpinheiro.com.br\/site\/wp-json\/wp\/v2\/media?parent=88140"}],"wp:term":[{"taxonomy":"category","embeddable":true,"href":"https:\/\/cleitonpinheiro.com.br\/site\/wp-json\/wp\/v2\/categories?post=88140"},{"taxonomy":"post_tag","embeddable":true,"href":"https:\/\/cleitonpinheiro.com.br\/site\/wp-json\/wp\/v2\/tags?post=88140"}],"curies":[{"name":"wp","href":"https:\/\/api.w.org\/{rel}","templated":true}]}}