{"id":88142,"date":"2026-04-01T18:27:40","date_gmt":"2026-04-01T21:27:40","guid":{"rendered":"https:\/\/cleitonpinheiro.com.br\/site\/?p=88142"},"modified":"2026-04-01T18:27:49","modified_gmt":"2026-04-01T21:27:49","slug":"petrobras-reajusta-preco-do-querosene-de-aviacao-em-55","status":"publish","type":"post","link":"https:\/\/cleitonpinheiro.com.br\/site\/petrobras-reajusta-preco-do-querosene-de-aviacao-em-55\/","title":{"rendered":"Petrobras reajusta pre\u00e7o do querosene de avia\u00e7\u00e3o em 55%"},"content":{"rendered":"\n<figure class=\"wp-block-image size-large\"><img fetchpriority=\"high\" decoding=\"async\" width=\"1024\" height=\"613\" src=\"https:\/\/cleitonpinheiro.com.br\/site\/wp-content\/uploads\/2025\/07\/refinaria_duque_de_caxias_-_reduc-1024x613.webp\" alt=\"\" class=\"wp-image-86416\" srcset=\"https:\/\/cleitonpinheiro.com.br\/site\/wp-content\/uploads\/2025\/07\/refinaria_duque_de_caxias_-_reduc-1024x613.webp 1024w, https:\/\/cleitonpinheiro.com.br\/site\/wp-content\/uploads\/2025\/07\/refinaria_duque_de_caxias_-_reduc-300x179.webp 300w, https:\/\/cleitonpinheiro.com.br\/site\/wp-content\/uploads\/2025\/07\/refinaria_duque_de_caxias_-_reduc-768x459.webp 768w, https:\/\/cleitonpinheiro.com.br\/site\/wp-content\/uploads\/2025\/07\/refinaria_duque_de_caxias_-_reduc.webp 1170w\" sizes=\"(max-width: 1024px) 100vw, 1024px\" \/><figcaption class=\"wp-element-caption\">\u00a9 Andr\u00e9 Motta de Souza \/ Ag\u00eancia Petrobras<br><\/figcaption><\/figure>\n\n\n\n<p>A Petrobras anunciou nesta quarta-feira (1\u00ba) o reajuste m\u00e9dio de 55% no pre\u00e7o do querosene de avia\u00e7\u00e3o (QAV), combust\u00edvel derivado do petr\u00f3leo que abastece avi\u00f5es e helic\u00f3pteros e \u00e9 um dos principais custos das companhias a\u00e9reas.<\/p>\n\n\n\n<p>O pre\u00e7o do QAV \u00e9 estipulado pela Petrobras mensalmente, sempre no dia 1\u00ba. O reajuste deste m\u00eas acontece no momento em que o mundo enfrenta uma escalada no pre\u00e7o do barril do petr\u00f3leo por causa da guerra no Ir\u00e3.<\/p>\n\n\n\n<p>No in\u00edcio de mar\u00e7o, o reajuste m\u00e9dio do QAV havia sido de 9%; e em fevereiro, de -1%, ou seja, o combust\u00edvel tinha ficado mais barato.<\/p>\n\n\n\n<p>De acordo com a Ag\u00eancia Nacional de Avia\u00e7\u00e3o Civil (Anac), \u00f3rg\u00e3o regulador do setor a\u00e9reo, combust\u00edveis representaram cerca de 30% dos custos totais das companhias a\u00e9reas.<\/p>\n\n\n\n<p><strong>Refinarias<br><\/strong>A tabela com os novos pre\u00e7os est\u00e1 publicada no site da companhia.<\/p>\n\n\n\n<p>A rela\u00e7\u00e3o traz 14 pontos de venda. Os reajustes variam de 53,4% a 56,3%. Em Ipojuca, regi\u00e3o metropolitana do Recife, onde fica a refinaria Abreu e Lima, o pre\u00e7o do litro passou de R$ 3,49 para R$ 5,40.<\/p>\n\n\n\n<p>O valor mais em conta \u00e9 em S\u00e3o Lu\u00eds, que passou de R$ 3,45 para R$ 5,38 o litro.<\/p>\n\n\n\n<p>A Petrobras comercializa para as distribuidoras o QAV produzido nas refinarias da empresa ou importado. Uma vez comprado pelas distribuidoras, as empresas transportam o combust\u00edvel e vendem para companhias de transporte e outros consumidores finais nos aeroportos ou ainda para revendedores.<\/p>\n\n\n\n<p>A Petrobras tem participa\u00e7\u00e3o de cerca de 85% da produ\u00e7\u00e3o do QAV, mas o mercado \u00e9 aberto \u00e0 livre concorr\u00eancia, sem restri\u00e7\u00f5es para outras empresas atuarem como produtoras ou importadoras.<\/p>\n\n\n\n<p><strong>Guerra e petr\u00f3leo<br><\/strong>A guerra no Ir\u00e3 foi desencadeada em 28 de fevereiro, com ataques dos Estados Unidos e de Israel ao Ir\u00e3.<\/p>\n\n\n\n<p>A regi\u00e3o concentra pa\u00edses produtores de petr\u00f3leo e rotas estrat\u00e9gicas, como o Estreito de Ormuz \u2500 por onde passam 20% da produ\u00e7\u00e3o mundial \u2500, o que levou distor\u00e7\u00f5es \u00e0 cadeia de petr\u00f3leo e escalada de pre\u00e7os no mercado global.<\/p>\n\n\n\n<p>Nesta quarta-feira, o pre\u00e7o do barril tipo Brent (refer\u00eancia internacional de pre\u00e7o) est\u00e1 sendo negociado pouco acima de US$ 101 (cerca de R$ 520). Antes da guerra, o \u00f3leo era cotado perto de US$ 70.<\/p>\n\n\n\n<p><\/p>\n\n\n\n<p><\/p>\n","protected":false},"excerpt":{"rendered":"<p>A Petrobras anunciou nesta quarta-feira (1\u00ba) o reajuste m\u00e9dio de 55% no pre\u00e7o do querosene de avia\u00e7\u00e3o (QAV), combust\u00edvel derivado do petr\u00f3leo que abastece avi\u00f5es e helic\u00f3pteros e \u00e9 um dos principais custos das companhias a\u00e9reas. O pre\u00e7o do QAV \u00e9 estipulado pela Petrobras mensalmente, sempre no dia 1\u00ba. O reajuste deste m\u00eas acontece no [&hellip;]<\/p>\n","protected":false},"author":10,"featured_media":86416,"comment_status":"open","ping_status":"open","sticky":false,"template":"","format":"standard","meta":{"_acf_changed":false,"footnotes":""},"categories":[19,898,21],"tags":[],"class_list":["post-88142","post","type-post","status-publish","format-standard","has-post-thumbnail","hentry","category-brasil-mundo","category-manchete-segundaria","category-todas-noticias"],"acf":[],"yoast_head":"<!-- This site is optimized with the Yoast SEO plugin v24.4 - https:\/\/yoast.com\/wordpress\/plugins\/seo\/ -->\n<title>Petrobras reajusta pre\u00e7o do querosene de avia\u00e7\u00e3o em 55% - PORTAL DE NOT\u00cdCIAS CLEITON PINHEIRO<\/title>\n<meta name=\"robots\" content=\"index, follow, max-snippet:-1, max-image-preview:large, max-video-preview:-1\" \/>\n<link rel=\"canonical\" href=\"https:\/\/cleitonpinheiro.com.br\/site\/petrobras-reajusta-preco-do-querosene-de-aviacao-em-55\/\" \/>\n<meta property=\"og:locale\" content=\"pt_BR\" \/>\n<meta property=\"og:type\" content=\"article\" \/>\n<meta property=\"og:title\" content=\"Petrobras reajusta pre\u00e7o do querosene de avia\u00e7\u00e3o em 55% - PORTAL DE NOT\u00cdCIAS CLEITON PINHEIRO\" \/>\n<meta property=\"og:description\" content=\"A Petrobras anunciou nesta quarta-feira (1\u00ba) o reajuste m\u00e9dio de 55% no pre\u00e7o do querosene de avia\u00e7\u00e3o (QAV), combust\u00edvel derivado do petr\u00f3leo que abastece avi\u00f5es e helic\u00f3pteros e \u00e9 um dos principais custos das companhias a\u00e9reas. O pre\u00e7o do QAV \u00e9 estipulado pela Petrobras mensalmente, sempre no dia 1\u00ba. O reajuste deste m\u00eas acontece no [&hellip;]\" \/>\n<meta property=\"og:url\" content=\"https:\/\/cleitonpinheiro.com.br\/site\/petrobras-reajusta-preco-do-querosene-de-aviacao-em-55\/\" \/>\n<meta property=\"og:site_name\" content=\"PORTAL DE NOT\u00cdCIAS CLEITON PINHEIRO\" \/>\n<meta property=\"article:publisher\" content=\"https:\/\/www.facebook.com\/portalcpnoticias\/\" \/>\n<meta property=\"article:published_time\" content=\"2026-04-01T21:27:40+00:00\" \/>\n<meta property=\"article:modified_time\" content=\"2026-04-01T21:27:49+00:00\" \/>\n<meta property=\"og:image\" content=\"https:\/\/cleitonpinheiro.com.br\/site\/wp-content\/uploads\/2025\/07\/refinaria_duque_de_caxias_-_reduc.webp\" \/>\n\t<meta property=\"og:image:width\" content=\"1170\" \/>\n\t<meta property=\"og:image:height\" content=\"700\" \/>\n\t<meta property=\"og:image:type\" content=\"image\/webp\" \/>\n<meta name=\"author\" content=\"Cleiton Pinheiro\" \/>\n<meta name=\"twitter:card\" content=\"summary_large_image\" \/>\n<meta name=\"twitter:label1\" content=\"Escrito por\" \/>\n\t<meta name=\"twitter:data1\" content=\"Cleiton Pinheiro\" \/>\n\t<meta name=\"twitter:label2\" content=\"Est. tempo de leitura\" \/>\n\t<meta name=\"twitter:data2\" content=\"3 minutos\" \/>\n<script type=\"application\/ld+json\" class=\"yoast-schema-graph\">{\"@context\":\"https:\/\/schema.org\",\"@graph\":[{\"@type\":\"Article\",\"@id\":\"https:\/\/cleitonpinheiro.com.br\/site\/petrobras-reajusta-preco-do-querosene-de-aviacao-em-55\/#article\",\"isPartOf\":{\"@id\":\"https:\/\/cleitonpinheiro.com.br\/site\/petrobras-reajusta-preco-do-querosene-de-aviacao-em-55\/\"},\"author\":{\"name\":\"Cleiton Pinheiro\",\"@id\":\"https:\/\/cleitonpinheiro.com.br\/site\/#\/schema\/person\/62fd4eb98fcc8bd3fc477aaff264af51\"},\"headline\":\"Petrobras reajusta pre\u00e7o do querosene de avia\u00e7\u00e3o em 55%\",\"datePublished\":\"2026-04-01T21:27:40+00:00\",\"dateModified\":\"2026-04-01T21:27:49+00:00\",\"mainEntityOfPage\":{\"@id\":\"https:\/\/cleitonpinheiro.com.br\/site\/petrobras-reajusta-preco-do-querosene-de-aviacao-em-55\/\"},\"wordCount\":401,\"commentCount\":0,\"publisher\":{\"@id\":\"https:\/\/cleitonpinheiro.com.br\/site\/#organization\"},\"image\":{\"@id\":\"https:\/\/cleitonpinheiro.com.br\/site\/petrobras-reajusta-preco-do-querosene-de-aviacao-em-55\/#primaryimage\"},\"thumbnailUrl\":\"https:\/\/cleitonpinheiro.com.br\/site\/wp-content\/uploads\/2025\/07\/refinaria_duque_de_caxias_-_reduc.webp\",\"articleSection\":[\"BRASIL \/ MUNDO\",\"MANCHETE SEGUND\u00c1RIA\",\"TODAS NOTICIAS\"],\"inLanguage\":\"pt-BR\",\"potentialAction\":[{\"@type\":\"CommentAction\",\"name\":\"Comment\",\"target\":[\"https:\/\/cleitonpinheiro.com.br\/site\/petrobras-reajusta-preco-do-querosene-de-aviacao-em-55\/#respond\"]}]},{\"@type\":\"WebPage\",\"@id\":\"https:\/\/cleitonpinheiro.com.br\/site\/petrobras-reajusta-preco-do-querosene-de-aviacao-em-55\/\",\"url\":\"https:\/\/cleitonpinheiro.com.br\/site\/petrobras-reajusta-preco-do-querosene-de-aviacao-em-55\/\",\"name\":\"Petrobras reajusta pre\u00e7o do querosene de avia\u00e7\u00e3o em 55% - PORTAL DE NOT\u00cdCIAS CLEITON PINHEIRO\",\"isPartOf\":{\"@id\":\"https:\/\/cleitonpinheiro.com.br\/site\/#website\"},\"primaryImageOfPage\":{\"@id\":\"https:\/\/cleitonpinheiro.com.br\/site\/petrobras-reajusta-preco-do-querosene-de-aviacao-em-55\/#primaryimage\"},\"image\":{\"@id\":\"https:\/\/cleitonpinheiro.com.br\/site\/petrobras-reajusta-preco-do-querosene-de-aviacao-em-55\/#primaryimage\"},\"thumbnailUrl\":\"https:\/\/cleitonpinheiro.com.br\/site\/wp-content\/uploads\/2025\/07\/refinaria_duque_de_caxias_-_reduc.webp\",\"datePublished\":\"2026-04-01T21:27:40+00:00\",\"dateModified\":\"2026-04-01T21:27:49+00:00\",\"breadcrumb\":{\"@id\":\"https:\/\/cleitonpinheiro.com.br\/site\/petrobras-reajusta-preco-do-querosene-de-aviacao-em-55\/#breadcrumb\"},\"inLanguage\":\"pt-BR\",\"potentialAction\":[{\"@type\":\"ReadAction\",\"target\":[\"https:\/\/cleitonpinheiro.com.br\/site\/petrobras-reajusta-preco-do-querosene-de-aviacao-em-55\/\"]}]},{\"@type\":\"ImageObject\",\"inLanguage\":\"pt-BR\",\"@id\":\"https:\/\/cleitonpinheiro.com.br\/site\/petrobras-reajusta-preco-do-querosene-de-aviacao-em-55\/#primaryimage\",\"url\":\"https:\/\/cleitonpinheiro.com.br\/site\/wp-content\/uploads\/2025\/07\/refinaria_duque_de_caxias_-_reduc.webp\",\"contentUrl\":\"https:\/\/cleitonpinheiro.com.br\/site\/wp-content\/uploads\/2025\/07\/refinaria_duque_de_caxias_-_reduc.webp\",\"width\":1170,\"height\":700,\"caption\":\"\u00a9 Andr\u00e9 Motta de Souza \/ Ag\u00eancia Petrobras\"},{\"@type\":\"BreadcrumbList\",\"@id\":\"https:\/\/cleitonpinheiro.com.br\/site\/petrobras-reajusta-preco-do-querosene-de-aviacao-em-55\/#breadcrumb\",\"itemListElement\":[{\"@type\":\"ListItem\",\"position\":1,\"name\":\"In\u00edcio\",\"item\":\"https:\/\/cleitonpinheiro.com.br\/site\/\"},{\"@type\":\"ListItem\",\"position\":2,\"name\":\"Petrobras reajusta pre\u00e7o do querosene de avia\u00e7\u00e3o em 55%\"}]},{\"@type\":\"WebSite\",\"@id\":\"https:\/\/cleitonpinheiro.com.br\/site\/#website\",\"url\":\"https:\/\/cleitonpinheiro.com.br\/site\/\",\"name\":\"PORTAL DE NOT\u00cdCIAS CLEITON PINHEIRO\",\"description\":\"FALANDO A VERDADE\",\"publisher\":{\"@id\":\"https:\/\/cleitonpinheiro.com.br\/site\/#organization\"},\"potentialAction\":[{\"@type\":\"SearchAction\",\"target\":{\"@type\":\"EntryPoint\",\"urlTemplate\":\"https:\/\/cleitonpinheiro.com.br\/site\/?s={search_term_string}\"},\"query-input\":{\"@type\":\"PropertyValueSpecification\",\"valueRequired\":true,\"valueName\":\"search_term_string\"}}],\"inLanguage\":\"pt-BR\"},{\"@type\":\"Organization\",\"@id\":\"https:\/\/cleitonpinheiro.com.br\/site\/#organization\",\"name\":\"CPNOT\u00cdCIAS\",\"url\":\"https:\/\/cleitonpinheiro.com.br\/site\/\",\"logo\":{\"@type\":\"ImageObject\",\"inLanguage\":\"pt-BR\",\"@id\":\"https:\/\/cleitonpinheiro.com.br\/site\/#\/schema\/logo\/image\/\",\"url\":\"https:\/\/cleitonpinheiro.com.br\/site\/wp-content\/uploads\/2022\/08\/Logo-pequena-2.png\",\"contentUrl\":\"https:\/\/cleitonpinheiro.com.br\/site\/wp-content\/uploads\/2022\/08\/Logo-pequena-2.png\",\"width\":500,\"height\":500,\"caption\":\"CPNOT\u00cdCIAS\"},\"image\":{\"@id\":\"https:\/\/cleitonpinheiro.com.br\/site\/#\/schema\/logo\/image\/\"},\"sameAs\":[\"https:\/\/www.facebook.com\/portalcpnoticias\/\"]},{\"@type\":\"Person\",\"@id\":\"https:\/\/cleitonpinheiro.com.br\/site\/#\/schema\/person\/62fd4eb98fcc8bd3fc477aaff264af51\",\"name\":\"Cleiton Pinheiro\",\"image\":{\"@type\":\"ImageObject\",\"inLanguage\":\"pt-BR\",\"@id\":\"https:\/\/cleitonpinheiro.com.br\/site\/#\/schema\/person\/image\/\",\"url\":\"https:\/\/secure.gravatar.com\/avatar\/15642ec35b78fe5eed3cfa8e4a3f3211d73a3df4f35f0566b4324958cba1b1b9?s=96&r=g\",\"contentUrl\":\"https:\/\/secure.gravatar.com\/avatar\/15642ec35b78fe5eed3cfa8e4a3f3211d73a3df4f35f0566b4324958cba1b1b9?s=96&r=g\",\"caption\":\"Cleiton Pinheiro\"},\"url\":\"https:\/\/cleitonpinheiro.com.br\/site\/author\/cleiton\/\"}]}<\/script>\n<!-- \/ Yoast SEO plugin. -->","yoast_head_json":{"title":"Petrobras reajusta pre\u00e7o do querosene de avia\u00e7\u00e3o em 55% - PORTAL DE NOT\u00cdCIAS CLEITON PINHEIRO","robots":{"index":"index","follow":"follow","max-snippet":"max-snippet:-1","max-image-preview":"max-image-preview:large","max-video-preview":"max-video-preview:-1"},"canonical":"https:\/\/cleitonpinheiro.com.br\/site\/petrobras-reajusta-preco-do-querosene-de-aviacao-em-55\/","og_locale":"pt_BR","og_type":"article","og_title":"Petrobras reajusta pre\u00e7o do querosene de avia\u00e7\u00e3o em 55% - PORTAL DE NOT\u00cdCIAS CLEITON PINHEIRO","og_description":"A Petrobras anunciou nesta quarta-feira (1\u00ba) o reajuste m\u00e9dio de 55% no pre\u00e7o do querosene de avia\u00e7\u00e3o (QAV), combust\u00edvel derivado do petr\u00f3leo que abastece avi\u00f5es e helic\u00f3pteros e \u00e9 um dos principais custos das companhias a\u00e9reas. O pre\u00e7o do QAV \u00e9 estipulado pela Petrobras mensalmente, sempre no dia 1\u00ba. O reajuste deste m\u00eas acontece no [&hellip;]","og_url":"https:\/\/cleitonpinheiro.com.br\/site\/petrobras-reajusta-preco-do-querosene-de-aviacao-em-55\/","og_site_name":"PORTAL DE NOT\u00cdCIAS CLEITON PINHEIRO","article_publisher":"https:\/\/www.facebook.com\/portalcpnoticias\/","article_published_time":"2026-04-01T21:27:40+00:00","article_modified_time":"2026-04-01T21:27:49+00:00","og_image":[{"width":1170,"height":700,"url":"https:\/\/cleitonpinheiro.com.br\/site\/wp-content\/uploads\/2025\/07\/refinaria_duque_de_caxias_-_reduc.webp","type":"image\/webp"}],"author":"Cleiton Pinheiro","twitter_card":"summary_large_image","twitter_misc":{"Escrito por":"Cleiton Pinheiro","Est. tempo de leitura":"3 minutos"},"schema":{"@context":"https:\/\/schema.org","@graph":[{"@type":"Article","@id":"https:\/\/cleitonpinheiro.com.br\/site\/petrobras-reajusta-preco-do-querosene-de-aviacao-em-55\/#article","isPartOf":{"@id":"https:\/\/cleitonpinheiro.com.br\/site\/petrobras-reajusta-preco-do-querosene-de-aviacao-em-55\/"},"author":{"name":"Cleiton Pinheiro","@id":"https:\/\/cleitonpinheiro.com.br\/site\/#\/schema\/person\/62fd4eb98fcc8bd3fc477aaff264af51"},"headline":"Petrobras reajusta pre\u00e7o do querosene de avia\u00e7\u00e3o em 55%","datePublished":"2026-04-01T21:27:40+00:00","dateModified":"2026-04-01T21:27:49+00:00","mainEntityOfPage":{"@id":"https:\/\/cleitonpinheiro.com.br\/site\/petrobras-reajusta-preco-do-querosene-de-aviacao-em-55\/"},"wordCount":401,"commentCount":0,"publisher":{"@id":"https:\/\/cleitonpinheiro.com.br\/site\/#organization"},"image":{"@id":"https:\/\/cleitonpinheiro.com.br\/site\/petrobras-reajusta-preco-do-querosene-de-aviacao-em-55\/#primaryimage"},"thumbnailUrl":"https:\/\/cleitonpinheiro.com.br\/site\/wp-content\/uploads\/2025\/07\/refinaria_duque_de_caxias_-_reduc.webp","articleSection":["BRASIL \/ MUNDO","MANCHETE SEGUND\u00c1RIA","TODAS NOTICIAS"],"inLanguage":"pt-BR","potentialAction":[{"@type":"CommentAction","name":"Comment","target":["https:\/\/cleitonpinheiro.com.br\/site\/petrobras-reajusta-preco-do-querosene-de-aviacao-em-55\/#respond"]}]},{"@type":"WebPage","@id":"https:\/\/cleitonpinheiro.com.br\/site\/petrobras-reajusta-preco-do-querosene-de-aviacao-em-55\/","url":"https:\/\/cleitonpinheiro.com.br\/site\/petrobras-reajusta-preco-do-querosene-de-aviacao-em-55\/","name":"Petrobras reajusta pre\u00e7o do querosene de avia\u00e7\u00e3o em 55% - PORTAL DE NOT\u00cdCIAS CLEITON PINHEIRO","isPartOf":{"@id":"https:\/\/cleitonpinheiro.com.br\/site\/#website"},"primaryImageOfPage":{"@id":"https:\/\/cleitonpinheiro.com.br\/site\/petrobras-reajusta-preco-do-querosene-de-aviacao-em-55\/#primaryimage"},"image":{"@id":"https:\/\/cleitonpinheiro.com.br\/site\/petrobras-reajusta-preco-do-querosene-de-aviacao-em-55\/#primaryimage"},"thumbnailUrl":"https:\/\/cleitonpinheiro.com.br\/site\/wp-content\/uploads\/2025\/07\/refinaria_duque_de_caxias_-_reduc.webp","datePublished":"2026-04-01T21:27:40+00:00","dateModified":"2026-04-01T21:27:49+00:00","breadcrumb":{"@id":"https:\/\/cleitonpinheiro.com.br\/site\/petrobras-reajusta-preco-do-querosene-de-aviacao-em-55\/#breadcrumb"},"inLanguage":"pt-BR","potentialAction":[{"@type":"ReadAction","target":["https:\/\/cleitonpinheiro.com.br\/site\/petrobras-reajusta-preco-do-querosene-de-aviacao-em-55\/"]}]},{"@type":"ImageObject","inLanguage":"pt-BR","@id":"https:\/\/cleitonpinheiro.com.br\/site\/petrobras-reajusta-preco-do-querosene-de-aviacao-em-55\/#primaryimage","url":"https:\/\/cleitonpinheiro.com.br\/site\/wp-content\/uploads\/2025\/07\/refinaria_duque_de_caxias_-_reduc.webp","contentUrl":"https:\/\/cleitonpinheiro.com.br\/site\/wp-content\/uploads\/2025\/07\/refinaria_duque_de_caxias_-_reduc.webp","width":1170,"height":700,"caption":"\u00a9 Andr\u00e9 Motta de Souza \/ Ag\u00eancia Petrobras"},{"@type":"BreadcrumbList","@id":"https:\/\/cleitonpinheiro.com.br\/site\/petrobras-reajusta-preco-do-querosene-de-aviacao-em-55\/#breadcrumb","itemListElement":[{"@type":"ListItem","position":1,"name":"In\u00edcio","item":"https:\/\/cleitonpinheiro.com.br\/site\/"},{"@type":"ListItem","position":2,"name":"Petrobras reajusta pre\u00e7o do querosene de avia\u00e7\u00e3o em 55%"}]},{"@type":"WebSite","@id":"https:\/\/cleitonpinheiro.com.br\/site\/#website","url":"https:\/\/cleitonpinheiro.com.br\/site\/","name":"PORTAL DE NOT\u00cdCIAS CLEITON PINHEIRO","description":"FALANDO A VERDADE","publisher":{"@id":"https:\/\/cleitonpinheiro.com.br\/site\/#organization"},"potentialAction":[{"@type":"SearchAction","target":{"@type":"EntryPoint","urlTemplate":"https:\/\/cleitonpinheiro.com.br\/site\/?s={search_term_string}"},"query-input":{"@type":"PropertyValueSpecification","valueRequired":true,"valueName":"search_term_string"}}],"inLanguage":"pt-BR"},{"@type":"Organization","@id":"https:\/\/cleitonpinheiro.com.br\/site\/#organization","name":"CPNOT\u00cdCIAS","url":"https:\/\/cleitonpinheiro.com.br\/site\/","logo":{"@type":"ImageObject","inLanguage":"pt-BR","@id":"https:\/\/cleitonpinheiro.com.br\/site\/#\/schema\/logo\/image\/","url":"https:\/\/cleitonpinheiro.com.br\/site\/wp-content\/uploads\/2022\/08\/Logo-pequena-2.png","contentUrl":"https:\/\/cleitonpinheiro.com.br\/site\/wp-content\/uploads\/2022\/08\/Logo-pequena-2.png","width":500,"height":500,"caption":"CPNOT\u00cdCIAS"},"image":{"@id":"https:\/\/cleitonpinheiro.com.br\/site\/#\/schema\/logo\/image\/"},"sameAs":["https:\/\/www.facebook.com\/portalcpnoticias\/"]},{"@type":"Person","@id":"https:\/\/cleitonpinheiro.com.br\/site\/#\/schema\/person\/62fd4eb98fcc8bd3fc477aaff264af51","name":"Cleiton Pinheiro","image":{"@type":"ImageObject","inLanguage":"pt-BR","@id":"https:\/\/cleitonpinheiro.com.br\/site\/#\/schema\/person\/image\/","url":"https:\/\/secure.gravatar.com\/avatar\/15642ec35b78fe5eed3cfa8e4a3f3211d73a3df4f35f0566b4324958cba1b1b9?s=96&r=g","contentUrl":"https:\/\/secure.gravatar.com\/avatar\/15642ec35b78fe5eed3cfa8e4a3f3211d73a3df4f35f0566b4324958cba1b1b9?s=96&r=g","caption":"Cleiton Pinheiro"},"url":"https:\/\/cleitonpinheiro.com.br\/site\/author\/cleiton\/"}]}},"views":28,"_links":{"self":[{"href":"https:\/\/cleitonpinheiro.com.br\/site\/wp-json\/wp\/v2\/posts\/88142","targetHints":{"allow":["GET"]}}],"collection":[{"href":"https:\/\/cleitonpinheiro.com.br\/site\/wp-json\/wp\/v2\/posts"}],"about":[{"href":"https:\/\/cleitonpinheiro.com.br\/site\/wp-json\/wp\/v2\/types\/post"}],"author":[{"embeddable":true,"href":"https:\/\/cleitonpinheiro.com.br\/site\/wp-json\/wp\/v2\/users\/10"}],"replies":[{"embeddable":true,"href":"https:\/\/cleitonpinheiro.com.br\/site\/wp-json\/wp\/v2\/comments?post=88142"}],"version-history":[{"count":1,"href":"https:\/\/cleitonpinheiro.com.br\/site\/wp-json\/wp\/v2\/posts\/88142\/revisions"}],"predecessor-version":[{"id":88143,"href":"https:\/\/cleitonpinheiro.com.br\/site\/wp-json\/wp\/v2\/posts\/88142\/revisions\/88143"}],"wp:featuredmedia":[{"embeddable":true,"href":"https:\/\/cleitonpinheiro.com.br\/site\/wp-json\/wp\/v2\/media\/86416"}],"wp:attachment":[{"href":"https:\/\/cleitonpinheiro.com.br\/site\/wp-json\/wp\/v2\/media?parent=88142"}],"wp:term":[{"taxonomy":"category","embeddable":true,"href":"https:\/\/cleitonpinheiro.com.br\/site\/wp-json\/wp\/v2\/categories?post=88142"},{"taxonomy":"post_tag","embeddable":true,"href":"https:\/\/cleitonpinheiro.com.br\/site\/wp-json\/wp\/v2\/tags?post=88142"}],"curies":[{"name":"wp","href":"https:\/\/api.w.org\/{rel}","templated":true}]}}