{"id":88144,"date":"2026-04-06T21:44:22","date_gmt":"2026-04-07T00:44:22","guid":{"rendered":"https:\/\/cleitonpinheiro.com.br\/site\/?p=88144"},"modified":"2026-04-06T21:44:35","modified_gmt":"2026-04-07T00:44:35","slug":"gestao-compartilhada-das-upas-em-palmas-comeca-dia-13-de-abril-com-ampliacao-de-servicos","status":"publish","type":"post","link":"https:\/\/cleitonpinheiro.com.br\/site\/gestao-compartilhada-das-upas-em-palmas-comeca-dia-13-de-abril-com-ampliacao-de-servicos\/","title":{"rendered":"Gest\u00e3o compartilhada das UPAs em Palmas come\u00e7a dia 13 de abril com amplia\u00e7\u00e3o de servi\u00e7os"},"content":{"rendered":"\n<figure class=\"wp-block-image size-large\"><img fetchpriority=\"high\" decoding=\"async\" width=\"1024\" height=\"576\" src=\"https:\/\/cleitonpinheiro.com.br\/site\/wp-content\/uploads\/2026\/03\/WhatsApp_Image_2026-03-25_at_12.02.44-1024x576.jpeg\" alt=\"\" class=\"wp-image-88101\" srcset=\"https:\/\/cleitonpinheiro.com.br\/site\/wp-content\/uploads\/2026\/03\/WhatsApp_Image_2026-03-25_at_12.02.44-1024x576.jpeg 1024w, https:\/\/cleitonpinheiro.com.br\/site\/wp-content\/uploads\/2026\/03\/WhatsApp_Image_2026-03-25_at_12.02.44-300x169.jpeg 300w, https:\/\/cleitonpinheiro.com.br\/site\/wp-content\/uploads\/2026\/03\/WhatsApp_Image_2026-03-25_at_12.02.44-768x432.jpeg 768w, https:\/\/cleitonpinheiro.com.br\/site\/wp-content\/uploads\/2026\/03\/WhatsApp_Image_2026-03-25_at_12.02.44-1536x864.jpeg 1536w, https:\/\/cleitonpinheiro.com.br\/site\/wp-content\/uploads\/2026\/03\/WhatsApp_Image_2026-03-25_at_12.02.44.jpeg 1600w\" sizes=\"(max-width: 1024px) 100vw, 1024px\" \/><\/figure>\n\n\n\n<p>A Prefeitura de Palmas inicia, na pr\u00f3xima segunda-feira, 13, o novo modelo de gest\u00e3o compartilhada das Unidades de Pronto Atendimento (UPAs) Norte e Sul. A parceria da Secretaria Municipal de Sa\u00fade (Semus) com a entidade filantr\u00f3pica Irmandade Santa Casa de Miseric\u00f3rdia de Itatiba \u00e9 uma estrat\u00e9gia desenhada para acabar com a falta de profissionais e escalas incompletas, garantir abastecimento regular de insumos e medicamentos e a introdu\u00e7\u00e3o de especialidades in\u00e9ditas: ortopedia e pediatria.<\/p>\n\n\n\n<p>Diferente do modelo anterior, a gest\u00e3o compartilhada com a Santa Casa de Itatiba ser\u00e1 monitorada por rigorosos indicadores de desempenho. Se o atendimento n\u00e3o for \u00e1gil ou se o cidad\u00e3o n\u00e3o estiver satisfeito, a Prefeitura aplica reten\u00e7\u00f5es financeiras ao termo de colabora\u00e7\u00e3o. O objetivo \u00e9 assegurar que o \u00edndice de satisfa\u00e7\u00e3o do usu\u00e1rio seja sempre superior a 80%. E a participa\u00e7\u00e3o do cidad\u00e3o na fiscaliza\u00e7\u00e3o ser\u00e1 essencial para garantir as melhorias nas UPAs.<\/p>\n\n\n\n<p>O investimento de R$ 5,8 milh\u00f5es mensais por unidade garantir\u00e1 uma estrutura completa, onde as equipes de sa\u00fade ter\u00e3o melhores condi\u00e7\u00f5es de trabalho e a popula\u00e7\u00e3o receber\u00e1 um atendimento digno e com efici\u00eancia nas UPAs.<\/p>\n\n\n\n<p>Com a gest\u00e3o compartilhada em opera\u00e7\u00e3o, a Semus inicia a implanta\u00e7\u00e3o dos postos de sa\u00fade \u2018Corujinha\u2019, onde 11 unidades passar\u00e3o a funcionar at\u00e9 meia-noite. Essa amplia\u00e7\u00e3o ser\u00e1 poss\u00edvel porque os servidores concursados que atuam nas UPAs ser\u00e3o realocados para atenderem na Aten\u00e7\u00e3o Prim\u00e1ria.<\/p>\n","protected":false},"excerpt":{"rendered":"<p>A Prefeitura de Palmas inicia, na pr\u00f3xima segunda-feira, 13, o novo modelo de gest\u00e3o compartilhada das Unidades de Pronto Atendimento (UPAs) Norte e Sul. A parceria da Secretaria Municipal de Sa\u00fade (Semus) com a entidade filantr\u00f3pica Irmandade Santa Casa de Miseric\u00f3rdia de Itatiba \u00e9 uma estrat\u00e9gia desenhada para acabar com a falta de profissionais e [&hellip;]<\/p>\n","protected":false},"author":10,"featured_media":88101,"comment_status":"open","ping_status":"open","sticky":false,"template":"","format":"standard","meta":{"_acf_changed":false,"footnotes":""},"categories":[22,898,21],"tags":[],"class_list":["post-88144","post","type-post","status-publish","format-standard","has-post-thumbnail","hentry","category-cidades","category-manchete-segundaria","category-todas-noticias"],"acf":[],"yoast_head":"<!-- This site is optimized with the Yoast SEO plugin v24.4 - https:\/\/yoast.com\/wordpress\/plugins\/seo\/ -->\n<title>Gest\u00e3o compartilhada das UPAs em Palmas come\u00e7a dia 13 de abril com amplia\u00e7\u00e3o de servi\u00e7os - PORTAL DE NOT\u00cdCIAS CLEITON PINHEIRO<\/title>\n<meta name=\"robots\" content=\"index, follow, max-snippet:-1, max-image-preview:large, max-video-preview:-1\" \/>\n<link rel=\"canonical\" href=\"https:\/\/cleitonpinheiro.com.br\/site\/gestao-compartilhada-das-upas-em-palmas-comeca-dia-13-de-abril-com-ampliacao-de-servicos\/\" \/>\n<meta property=\"og:locale\" content=\"pt_BR\" \/>\n<meta property=\"og:type\" content=\"article\" \/>\n<meta property=\"og:title\" content=\"Gest\u00e3o compartilhada das UPAs em Palmas come\u00e7a dia 13 de abril com amplia\u00e7\u00e3o de servi\u00e7os - PORTAL DE NOT\u00cdCIAS CLEITON PINHEIRO\" \/>\n<meta property=\"og:description\" content=\"A Prefeitura de Palmas inicia, na pr\u00f3xima segunda-feira, 13, o novo modelo de gest\u00e3o compartilhada das Unidades de Pronto Atendimento (UPAs) Norte e Sul. A parceria da Secretaria Municipal de Sa\u00fade (Semus) com a entidade filantr\u00f3pica Irmandade Santa Casa de Miseric\u00f3rdia de Itatiba \u00e9 uma estrat\u00e9gia desenhada para acabar com a falta de profissionais e [&hellip;]\" \/>\n<meta property=\"og:url\" content=\"https:\/\/cleitonpinheiro.com.br\/site\/gestao-compartilhada-das-upas-em-palmas-comeca-dia-13-de-abril-com-ampliacao-de-servicos\/\" \/>\n<meta property=\"og:site_name\" content=\"PORTAL DE NOT\u00cdCIAS CLEITON PINHEIRO\" \/>\n<meta property=\"article:publisher\" content=\"https:\/\/www.facebook.com\/portalcpnoticias\/\" \/>\n<meta property=\"article:published_time\" content=\"2026-04-07T00:44:22+00:00\" \/>\n<meta property=\"article:modified_time\" content=\"2026-04-07T00:44:35+00:00\" \/>\n<meta property=\"og:image\" content=\"https:\/\/cleitonpinheiro.com.br\/site\/wp-content\/uploads\/2026\/03\/WhatsApp_Image_2026-03-25_at_12.02.44.jpeg\" \/>\n\t<meta property=\"og:image:width\" content=\"1600\" \/>\n\t<meta property=\"og:image:height\" content=\"900\" \/>\n\t<meta property=\"og:image:type\" content=\"image\/jpeg\" \/>\n<meta name=\"author\" content=\"Cleiton Pinheiro\" \/>\n<meta name=\"twitter:card\" content=\"summary_large_image\" \/>\n<meta name=\"twitter:label1\" content=\"Escrito por\" \/>\n\t<meta name=\"twitter:data1\" content=\"Cleiton Pinheiro\" \/>\n\t<meta name=\"twitter:label2\" content=\"Est. tempo de leitura\" \/>\n\t<meta name=\"twitter:data2\" content=\"2 minutos\" \/>\n<script type=\"application\/ld+json\" class=\"yoast-schema-graph\">{\"@context\":\"https:\/\/schema.org\",\"@graph\":[{\"@type\":\"Article\",\"@id\":\"https:\/\/cleitonpinheiro.com.br\/site\/gestao-compartilhada-das-upas-em-palmas-comeca-dia-13-de-abril-com-ampliacao-de-servicos\/#article\",\"isPartOf\":{\"@id\":\"https:\/\/cleitonpinheiro.com.br\/site\/gestao-compartilhada-das-upas-em-palmas-comeca-dia-13-de-abril-com-ampliacao-de-servicos\/\"},\"author\":{\"name\":\"Cleiton Pinheiro\",\"@id\":\"https:\/\/cleitonpinheiro.com.br\/site\/#\/schema\/person\/62fd4eb98fcc8bd3fc477aaff264af51\"},\"headline\":\"Gest\u00e3o compartilhada das UPAs em Palmas come\u00e7a dia 13 de abril com amplia\u00e7\u00e3o de servi\u00e7os\",\"datePublished\":\"2026-04-07T00:44:22+00:00\",\"dateModified\":\"2026-04-07T00:44:35+00:00\",\"mainEntityOfPage\":{\"@id\":\"https:\/\/cleitonpinheiro.com.br\/site\/gestao-compartilhada-das-upas-em-palmas-comeca-dia-13-de-abril-com-ampliacao-de-servicos\/\"},\"wordCount\":271,\"commentCount\":0,\"publisher\":{\"@id\":\"https:\/\/cleitonpinheiro.com.br\/site\/#organization\"},\"image\":{\"@id\":\"https:\/\/cleitonpinheiro.com.br\/site\/gestao-compartilhada-das-upas-em-palmas-comeca-dia-13-de-abril-com-ampliacao-de-servicos\/#primaryimage\"},\"thumbnailUrl\":\"https:\/\/cleitonpinheiro.com.br\/site\/wp-content\/uploads\/2026\/03\/WhatsApp_Image_2026-03-25_at_12.02.44.jpeg\",\"articleSection\":[\"CIDADES\",\"MANCHETE SEGUND\u00c1RIA\",\"TODAS NOTICIAS\"],\"inLanguage\":\"pt-BR\",\"potentialAction\":[{\"@type\":\"CommentAction\",\"name\":\"Comment\",\"target\":[\"https:\/\/cleitonpinheiro.com.br\/site\/gestao-compartilhada-das-upas-em-palmas-comeca-dia-13-de-abril-com-ampliacao-de-servicos\/#respond\"]}]},{\"@type\":\"WebPage\",\"@id\":\"https:\/\/cleitonpinheiro.com.br\/site\/gestao-compartilhada-das-upas-em-palmas-comeca-dia-13-de-abril-com-ampliacao-de-servicos\/\",\"url\":\"https:\/\/cleitonpinheiro.com.br\/site\/gestao-compartilhada-das-upas-em-palmas-comeca-dia-13-de-abril-com-ampliacao-de-servicos\/\",\"name\":\"Gest\u00e3o compartilhada das UPAs em Palmas come\u00e7a dia 13 de abril com amplia\u00e7\u00e3o de servi\u00e7os - PORTAL DE NOT\u00cdCIAS CLEITON PINHEIRO\",\"isPartOf\":{\"@id\":\"https:\/\/cleitonpinheiro.com.br\/site\/#website\"},\"primaryImageOfPage\":{\"@id\":\"https:\/\/cleitonpinheiro.com.br\/site\/gestao-compartilhada-das-upas-em-palmas-comeca-dia-13-de-abril-com-ampliacao-de-servicos\/#primaryimage\"},\"image\":{\"@id\":\"https:\/\/cleitonpinheiro.com.br\/site\/gestao-compartilhada-das-upas-em-palmas-comeca-dia-13-de-abril-com-ampliacao-de-servicos\/#primaryimage\"},\"thumbnailUrl\":\"https:\/\/cleitonpinheiro.com.br\/site\/wp-content\/uploads\/2026\/03\/WhatsApp_Image_2026-03-25_at_12.02.44.jpeg\",\"datePublished\":\"2026-04-07T00:44:22+00:00\",\"dateModified\":\"2026-04-07T00:44:35+00:00\",\"breadcrumb\":{\"@id\":\"https:\/\/cleitonpinheiro.com.br\/site\/gestao-compartilhada-das-upas-em-palmas-comeca-dia-13-de-abril-com-ampliacao-de-servicos\/#breadcrumb\"},\"inLanguage\":\"pt-BR\",\"potentialAction\":[{\"@type\":\"ReadAction\",\"target\":[\"https:\/\/cleitonpinheiro.com.br\/site\/gestao-compartilhada-das-upas-em-palmas-comeca-dia-13-de-abril-com-ampliacao-de-servicos\/\"]}]},{\"@type\":\"ImageObject\",\"inLanguage\":\"pt-BR\",\"@id\":\"https:\/\/cleitonpinheiro.com.br\/site\/gestao-compartilhada-das-upas-em-palmas-comeca-dia-13-de-abril-com-ampliacao-de-servicos\/#primaryimage\",\"url\":\"https:\/\/cleitonpinheiro.com.br\/site\/wp-content\/uploads\/2026\/03\/WhatsApp_Image_2026-03-25_at_12.02.44.jpeg\",\"contentUrl\":\"https:\/\/cleitonpinheiro.com.br\/site\/wp-content\/uploads\/2026\/03\/WhatsApp_Image_2026-03-25_at_12.02.44.jpeg\",\"width\":1600,\"height\":900},{\"@type\":\"BreadcrumbList\",\"@id\":\"https:\/\/cleitonpinheiro.com.br\/site\/gestao-compartilhada-das-upas-em-palmas-comeca-dia-13-de-abril-com-ampliacao-de-servicos\/#breadcrumb\",\"itemListElement\":[{\"@type\":\"ListItem\",\"position\":1,\"name\":\"In\u00edcio\",\"item\":\"https:\/\/cleitonpinheiro.com.br\/site\/\"},{\"@type\":\"ListItem\",\"position\":2,\"name\":\"Gest\u00e3o compartilhada das UPAs em Palmas come\u00e7a dia 13 de abril com amplia\u00e7\u00e3o de servi\u00e7os\"}]},{\"@type\":\"WebSite\",\"@id\":\"https:\/\/cleitonpinheiro.com.br\/site\/#website\",\"url\":\"https:\/\/cleitonpinheiro.com.br\/site\/\",\"name\":\"PORTAL DE NOT\u00cdCIAS CLEITON PINHEIRO\",\"description\":\"FALANDO A VERDADE\",\"publisher\":{\"@id\":\"https:\/\/cleitonpinheiro.com.br\/site\/#organization\"},\"potentialAction\":[{\"@type\":\"SearchAction\",\"target\":{\"@type\":\"EntryPoint\",\"urlTemplate\":\"https:\/\/cleitonpinheiro.com.br\/site\/?s={search_term_string}\"},\"query-input\":{\"@type\":\"PropertyValueSpecification\",\"valueRequired\":true,\"valueName\":\"search_term_string\"}}],\"inLanguage\":\"pt-BR\"},{\"@type\":\"Organization\",\"@id\":\"https:\/\/cleitonpinheiro.com.br\/site\/#organization\",\"name\":\"CPNOT\u00cdCIAS\",\"url\":\"https:\/\/cleitonpinheiro.com.br\/site\/\",\"logo\":{\"@type\":\"ImageObject\",\"inLanguage\":\"pt-BR\",\"@id\":\"https:\/\/cleitonpinheiro.com.br\/site\/#\/schema\/logo\/image\/\",\"url\":\"https:\/\/cleitonpinheiro.com.br\/site\/wp-content\/uploads\/2022\/08\/Logo-pequena-2.png\",\"contentUrl\":\"https:\/\/cleitonpinheiro.com.br\/site\/wp-content\/uploads\/2022\/08\/Logo-pequena-2.png\",\"width\":500,\"height\":500,\"caption\":\"CPNOT\u00cdCIAS\"},\"image\":{\"@id\":\"https:\/\/cleitonpinheiro.com.br\/site\/#\/schema\/logo\/image\/\"},\"sameAs\":[\"https:\/\/www.facebook.com\/portalcpnoticias\/\"]},{\"@type\":\"Person\",\"@id\":\"https:\/\/cleitonpinheiro.com.br\/site\/#\/schema\/person\/62fd4eb98fcc8bd3fc477aaff264af51\",\"name\":\"Cleiton Pinheiro\",\"image\":{\"@type\":\"ImageObject\",\"inLanguage\":\"pt-BR\",\"@id\":\"https:\/\/cleitonpinheiro.com.br\/site\/#\/schema\/person\/image\/\",\"url\":\"https:\/\/secure.gravatar.com\/avatar\/15642ec35b78fe5eed3cfa8e4a3f3211d73a3df4f35f0566b4324958cba1b1b9?s=96&r=g\",\"contentUrl\":\"https:\/\/secure.gravatar.com\/avatar\/15642ec35b78fe5eed3cfa8e4a3f3211d73a3df4f35f0566b4324958cba1b1b9?s=96&r=g\",\"caption\":\"Cleiton Pinheiro\"},\"url\":\"https:\/\/cleitonpinheiro.com.br\/site\/author\/cleiton\/\"}]}<\/script>\n<!-- \/ Yoast SEO plugin. -->","yoast_head_json":{"title":"Gest\u00e3o compartilhada das UPAs em Palmas come\u00e7a dia 13 de abril com amplia\u00e7\u00e3o de servi\u00e7os - PORTAL DE NOT\u00cdCIAS CLEITON PINHEIRO","robots":{"index":"index","follow":"follow","max-snippet":"max-snippet:-1","max-image-preview":"max-image-preview:large","max-video-preview":"max-video-preview:-1"},"canonical":"https:\/\/cleitonpinheiro.com.br\/site\/gestao-compartilhada-das-upas-em-palmas-comeca-dia-13-de-abril-com-ampliacao-de-servicos\/","og_locale":"pt_BR","og_type":"article","og_title":"Gest\u00e3o compartilhada das UPAs em Palmas come\u00e7a dia 13 de abril com amplia\u00e7\u00e3o de servi\u00e7os - PORTAL DE NOT\u00cdCIAS CLEITON PINHEIRO","og_description":"A Prefeitura de Palmas inicia, na pr\u00f3xima segunda-feira, 13, o novo modelo de gest\u00e3o compartilhada das Unidades de Pronto Atendimento (UPAs) Norte e Sul. A parceria da Secretaria Municipal de Sa\u00fade (Semus) com a entidade filantr\u00f3pica Irmandade Santa Casa de Miseric\u00f3rdia de Itatiba \u00e9 uma estrat\u00e9gia desenhada para acabar com a falta de profissionais e [&hellip;]","og_url":"https:\/\/cleitonpinheiro.com.br\/site\/gestao-compartilhada-das-upas-em-palmas-comeca-dia-13-de-abril-com-ampliacao-de-servicos\/","og_site_name":"PORTAL DE NOT\u00cdCIAS CLEITON PINHEIRO","article_publisher":"https:\/\/www.facebook.com\/portalcpnoticias\/","article_published_time":"2026-04-07T00:44:22+00:00","article_modified_time":"2026-04-07T00:44:35+00:00","og_image":[{"width":1600,"height":900,"url":"https:\/\/cleitonpinheiro.com.br\/site\/wp-content\/uploads\/2026\/03\/WhatsApp_Image_2026-03-25_at_12.02.44.jpeg","type":"image\/jpeg"}],"author":"Cleiton Pinheiro","twitter_card":"summary_large_image","twitter_misc":{"Escrito por":"Cleiton Pinheiro","Est. tempo de leitura":"2 minutos"},"schema":{"@context":"https:\/\/schema.org","@graph":[{"@type":"Article","@id":"https:\/\/cleitonpinheiro.com.br\/site\/gestao-compartilhada-das-upas-em-palmas-comeca-dia-13-de-abril-com-ampliacao-de-servicos\/#article","isPartOf":{"@id":"https:\/\/cleitonpinheiro.com.br\/site\/gestao-compartilhada-das-upas-em-palmas-comeca-dia-13-de-abril-com-ampliacao-de-servicos\/"},"author":{"name":"Cleiton Pinheiro","@id":"https:\/\/cleitonpinheiro.com.br\/site\/#\/schema\/person\/62fd4eb98fcc8bd3fc477aaff264af51"},"headline":"Gest\u00e3o compartilhada das UPAs em Palmas come\u00e7a dia 13 de abril com amplia\u00e7\u00e3o de servi\u00e7os","datePublished":"2026-04-07T00:44:22+00:00","dateModified":"2026-04-07T00:44:35+00:00","mainEntityOfPage":{"@id":"https:\/\/cleitonpinheiro.com.br\/site\/gestao-compartilhada-das-upas-em-palmas-comeca-dia-13-de-abril-com-ampliacao-de-servicos\/"},"wordCount":271,"commentCount":0,"publisher":{"@id":"https:\/\/cleitonpinheiro.com.br\/site\/#organization"},"image":{"@id":"https:\/\/cleitonpinheiro.com.br\/site\/gestao-compartilhada-das-upas-em-palmas-comeca-dia-13-de-abril-com-ampliacao-de-servicos\/#primaryimage"},"thumbnailUrl":"https:\/\/cleitonpinheiro.com.br\/site\/wp-content\/uploads\/2026\/03\/WhatsApp_Image_2026-03-25_at_12.02.44.jpeg","articleSection":["CIDADES","MANCHETE SEGUND\u00c1RIA","TODAS NOTICIAS"],"inLanguage":"pt-BR","potentialAction":[{"@type":"CommentAction","name":"Comment","target":["https:\/\/cleitonpinheiro.com.br\/site\/gestao-compartilhada-das-upas-em-palmas-comeca-dia-13-de-abril-com-ampliacao-de-servicos\/#respond"]}]},{"@type":"WebPage","@id":"https:\/\/cleitonpinheiro.com.br\/site\/gestao-compartilhada-das-upas-em-palmas-comeca-dia-13-de-abril-com-ampliacao-de-servicos\/","url":"https:\/\/cleitonpinheiro.com.br\/site\/gestao-compartilhada-das-upas-em-palmas-comeca-dia-13-de-abril-com-ampliacao-de-servicos\/","name":"Gest\u00e3o compartilhada das UPAs em Palmas come\u00e7a dia 13 de abril com amplia\u00e7\u00e3o de servi\u00e7os - PORTAL DE NOT\u00cdCIAS CLEITON PINHEIRO","isPartOf":{"@id":"https:\/\/cleitonpinheiro.com.br\/site\/#website"},"primaryImageOfPage":{"@id":"https:\/\/cleitonpinheiro.com.br\/site\/gestao-compartilhada-das-upas-em-palmas-comeca-dia-13-de-abril-com-ampliacao-de-servicos\/#primaryimage"},"image":{"@id":"https:\/\/cleitonpinheiro.com.br\/site\/gestao-compartilhada-das-upas-em-palmas-comeca-dia-13-de-abril-com-ampliacao-de-servicos\/#primaryimage"},"thumbnailUrl":"https:\/\/cleitonpinheiro.com.br\/site\/wp-content\/uploads\/2026\/03\/WhatsApp_Image_2026-03-25_at_12.02.44.jpeg","datePublished":"2026-04-07T00:44:22+00:00","dateModified":"2026-04-07T00:44:35+00:00","breadcrumb":{"@id":"https:\/\/cleitonpinheiro.com.br\/site\/gestao-compartilhada-das-upas-em-palmas-comeca-dia-13-de-abril-com-ampliacao-de-servicos\/#breadcrumb"},"inLanguage":"pt-BR","potentialAction":[{"@type":"ReadAction","target":["https:\/\/cleitonpinheiro.com.br\/site\/gestao-compartilhada-das-upas-em-palmas-comeca-dia-13-de-abril-com-ampliacao-de-servicos\/"]}]},{"@type":"ImageObject","inLanguage":"pt-BR","@id":"https:\/\/cleitonpinheiro.com.br\/site\/gestao-compartilhada-das-upas-em-palmas-comeca-dia-13-de-abril-com-ampliacao-de-servicos\/#primaryimage","url":"https:\/\/cleitonpinheiro.com.br\/site\/wp-content\/uploads\/2026\/03\/WhatsApp_Image_2026-03-25_at_12.02.44.jpeg","contentUrl":"https:\/\/cleitonpinheiro.com.br\/site\/wp-content\/uploads\/2026\/03\/WhatsApp_Image_2026-03-25_at_12.02.44.jpeg","width":1600,"height":900},{"@type":"BreadcrumbList","@id":"https:\/\/cleitonpinheiro.com.br\/site\/gestao-compartilhada-das-upas-em-palmas-comeca-dia-13-de-abril-com-ampliacao-de-servicos\/#breadcrumb","itemListElement":[{"@type":"ListItem","position":1,"name":"In\u00edcio","item":"https:\/\/cleitonpinheiro.com.br\/site\/"},{"@type":"ListItem","position":2,"name":"Gest\u00e3o compartilhada das UPAs em Palmas come\u00e7a dia 13 de abril com amplia\u00e7\u00e3o de servi\u00e7os"}]},{"@type":"WebSite","@id":"https:\/\/cleitonpinheiro.com.br\/site\/#website","url":"https:\/\/cleitonpinheiro.com.br\/site\/","name":"PORTAL DE NOT\u00cdCIAS CLEITON PINHEIRO","description":"FALANDO A VERDADE","publisher":{"@id":"https:\/\/cleitonpinheiro.com.br\/site\/#organization"},"potentialAction":[{"@type":"SearchAction","target":{"@type":"EntryPoint","urlTemplate":"https:\/\/cleitonpinheiro.com.br\/site\/?s={search_term_string}"},"query-input":{"@type":"PropertyValueSpecification","valueRequired":true,"valueName":"search_term_string"}}],"inLanguage":"pt-BR"},{"@type":"Organization","@id":"https:\/\/cleitonpinheiro.com.br\/site\/#organization","name":"CPNOT\u00cdCIAS","url":"https:\/\/cleitonpinheiro.com.br\/site\/","logo":{"@type":"ImageObject","inLanguage":"pt-BR","@id":"https:\/\/cleitonpinheiro.com.br\/site\/#\/schema\/logo\/image\/","url":"https:\/\/cleitonpinheiro.com.br\/site\/wp-content\/uploads\/2022\/08\/Logo-pequena-2.png","contentUrl":"https:\/\/cleitonpinheiro.com.br\/site\/wp-content\/uploads\/2022\/08\/Logo-pequena-2.png","width":500,"height":500,"caption":"CPNOT\u00cdCIAS"},"image":{"@id":"https:\/\/cleitonpinheiro.com.br\/site\/#\/schema\/logo\/image\/"},"sameAs":["https:\/\/www.facebook.com\/portalcpnoticias\/"]},{"@type":"Person","@id":"https:\/\/cleitonpinheiro.com.br\/site\/#\/schema\/person\/62fd4eb98fcc8bd3fc477aaff264af51","name":"Cleiton Pinheiro","image":{"@type":"ImageObject","inLanguage":"pt-BR","@id":"https:\/\/cleitonpinheiro.com.br\/site\/#\/schema\/person\/image\/","url":"https:\/\/secure.gravatar.com\/avatar\/15642ec35b78fe5eed3cfa8e4a3f3211d73a3df4f35f0566b4324958cba1b1b9?s=96&r=g","contentUrl":"https:\/\/secure.gravatar.com\/avatar\/15642ec35b78fe5eed3cfa8e4a3f3211d73a3df4f35f0566b4324958cba1b1b9?s=96&r=g","caption":"Cleiton Pinheiro"},"url":"https:\/\/cleitonpinheiro.com.br\/site\/author\/cleiton\/"}]}},"views":42,"_links":{"self":[{"href":"https:\/\/cleitonpinheiro.com.br\/site\/wp-json\/wp\/v2\/posts\/88144","targetHints":{"allow":["GET"]}}],"collection":[{"href":"https:\/\/cleitonpinheiro.com.br\/site\/wp-json\/wp\/v2\/posts"}],"about":[{"href":"https:\/\/cleitonpinheiro.com.br\/site\/wp-json\/wp\/v2\/types\/post"}],"author":[{"embeddable":true,"href":"https:\/\/cleitonpinheiro.com.br\/site\/wp-json\/wp\/v2\/users\/10"}],"replies":[{"embeddable":true,"href":"https:\/\/cleitonpinheiro.com.br\/site\/wp-json\/wp\/v2\/comments?post=88144"}],"version-history":[{"count":1,"href":"https:\/\/cleitonpinheiro.com.br\/site\/wp-json\/wp\/v2\/posts\/88144\/revisions"}],"predecessor-version":[{"id":88145,"href":"https:\/\/cleitonpinheiro.com.br\/site\/wp-json\/wp\/v2\/posts\/88144\/revisions\/88145"}],"wp:featuredmedia":[{"embeddable":true,"href":"https:\/\/cleitonpinheiro.com.br\/site\/wp-json\/wp\/v2\/media\/88101"}],"wp:attachment":[{"href":"https:\/\/cleitonpinheiro.com.br\/site\/wp-json\/wp\/v2\/media?parent=88144"}],"wp:term":[{"taxonomy":"category","embeddable":true,"href":"https:\/\/cleitonpinheiro.com.br\/site\/wp-json\/wp\/v2\/categories?post=88144"},{"taxonomy":"post_tag","embeddable":true,"href":"https:\/\/cleitonpinheiro.com.br\/site\/wp-json\/wp\/v2\/tags?post=88144"}],"curies":[{"name":"wp","href":"https:\/\/api.w.org\/{rel}","templated":true}]}}