{"id":88147,"date":"2026-04-07T21:57:09","date_gmt":"2026-04-08T00:57:09","guid":{"rendered":"https:\/\/cleitonpinheiro.com.br\/site\/?p=88147"},"modified":"2026-04-07T22:10:47","modified_gmt":"2026-04-08T01:10:47","slug":"pt-reune-todas-as-tribos-de-sem-terra-a-ruralista","status":"publish","type":"post","link":"https:\/\/cleitonpinheiro.com.br\/site\/pt-reune-todas-as-tribos-de-sem-terra-a-ruralista\/","title":{"rendered":"PT re\u00fane todas as tribos; de sem terra a ruralista"},"content":{"rendered":"\n<figure class=\"wp-block-image size-full\"><img fetchpriority=\"high\" decoding=\"async\" width=\"828\" height=\"708\" src=\"https:\/\/cleitonpinheiro.com.br\/site\/wp-content\/uploads\/2026\/04\/PSX_20260404_154719.jpg\" alt=\"\" class=\"wp-image-88148\" srcset=\"https:\/\/cleitonpinheiro.com.br\/site\/wp-content\/uploads\/2026\/04\/PSX_20260404_154719.jpg 828w, https:\/\/cleitonpinheiro.com.br\/site\/wp-content\/uploads\/2026\/04\/PSX_20260404_154719-300x257.jpg 300w, https:\/\/cleitonpinheiro.com.br\/site\/wp-content\/uploads\/2026\/04\/PSX_20260404_154719-768x657.jpg 768w\" sizes=\"(max-width: 828px) 100vw, 828px\" \/><figcaption class=\"wp-element-caption\">Na foto que sela essa filia\u00e7\u00e3o, enquanto os dois petistas fazem o L com a m\u00e3o, a ex-senadora faz o J<\/figcaption><\/figure>\n\n\n\n<p>Com a filia\u00e7\u00e3o da ex-senadora, ex-ministra, ex-presidente da Confedera\u00e7\u00e3o da Agricultura e Pecu\u00e1ria do Brasil (CNA) K\u00e1tia Abreu ao PT passamos a ver um cen\u00e1rio pol\u00edtico bem dist\u00f3pico. O partido que re\u00fane integrantes do Movimento dos Trabalhadores Sem Terra (MST), inclusive com pr\u00e9-candidato ao parlamento pelo grupo, precisar\u00e1 gerenciar esse conflito, antes externo, agora dentro do partido.<\/p>\n\n\n\n<p>Em 2009, em discurso no Senado, K\u00e1tia Abreu disse sobre o MST e da gest\u00e3o do presidente Lula: &#8220;eles n\u00e3o t\u00eam medo de nada. Eles n\u00e3o t\u00eam limites. O Governo (Federal) est\u00e1 amparando, algumas vezes silenciosamente, outras vezes por interm\u00e9dio do Incra e do MDA, repassando recursos p\u00fablicos a cooperativas de fachada, que foram criadas para que os recursos chegassem at\u00e9 o MST&#8221;. <\/p>\n\n\n\n<p>Em 2014, em carta a ent\u00e3o presidenta Dilma Rouseff o MST repudiou a indica\u00e7\u00e3o de K\u00e1tia Abreu ao Minist\u00e9rio da Agricultura e Pecu\u00e1ria. Trecho da nota: &#8220;Para n\u00f3s, essa indica\u00e7\u00e3o \u00e9 contr\u00e1ria \u00e0s reivindica\u00e7\u00f5es dos movimentos sociais brasileiros. Nossa preocupa\u00e7\u00e3o n\u00e3o est\u00e1 apenas na suposta chegada da referida Senadora ao Minist\u00e9rio da Agricultura e sua prov\u00e1vel facilita\u00e7\u00e3o na libera\u00e7\u00e3o de agrot\u00f3xicos e transg\u00eanicos, t\u00e3o nocivos \u00e0 sa\u00fade da popula\u00e7\u00e3o brasileira, mas sim de toda a sua repulsa aos Movimentos Sociais que provavelmente sofrer\u00e3o mais ainda com a criminaliza\u00e7\u00e3o das lutas e da pobreza.&#8221;<\/p>\n\n\n\n<p><strong>N\u00e3o parece ser tarefa f\u00e1cil unir esses opostos!<\/strong><\/p>\n\n\n\n<p>A chegada da ex-senadora ao PT levou setor do partido &#8211; tend\u00eancia Articula\u00e7\u00e3o de Esquerda &#8211; a questionar essa filia\u00e7\u00e3o. O caso foi levado para a Executiva Nacional da sigla, que decidiu numa vota\u00e7\u00e3o de 22 a 2, pela manuten\u00e7\u00e3o da nova filiada. <\/p>\n","protected":false},"excerpt":{"rendered":"<p>Com a filia\u00e7\u00e3o da ex-senadora, ex-ministra, ex-presidente da Confedera\u00e7\u00e3o da Agricultura e Pecu\u00e1ria do Brasil (CNA) K\u00e1tia Abreu ao PT passamos a ver um cen\u00e1rio pol\u00edtico bem dist\u00f3pico. O partido que re\u00fane integrantes do Movimento dos Trabalhadores Sem Terra (MST), inclusive com pr\u00e9-candidato ao parlamento pelo grupo, precisar\u00e1 gerenciar esse conflito, antes externo, agora dentro [&hellip;]<\/p>\n","protected":false},"author":10,"featured_media":88148,"comment_status":"open","ping_status":"open","sticky":false,"template":"","format":"standard","meta":{"_acf_changed":false,"footnotes":""},"categories":[898,23,21],"tags":[],"class_list":["post-88147","post","type-post","status-publish","format-standard","has-post-thumbnail","hentry","category-manchete-segundaria","category-politica","category-todas-noticias"],"acf":[],"yoast_head":"<!-- This site is optimized with the Yoast SEO plugin v24.4 - https:\/\/yoast.com\/wordpress\/plugins\/seo\/ -->\n<title>PT re\u00fane todas as tribos; de sem terra a ruralista - PORTAL DE NOT\u00cdCIAS CLEITON PINHEIRO<\/title>\n<meta name=\"robots\" content=\"index, follow, max-snippet:-1, max-image-preview:large, max-video-preview:-1\" \/>\n<link rel=\"canonical\" href=\"https:\/\/cleitonpinheiro.com.br\/site\/pt-reune-todas-as-tribos-de-sem-terra-a-ruralista\/\" \/>\n<meta property=\"og:locale\" content=\"pt_BR\" \/>\n<meta property=\"og:type\" content=\"article\" \/>\n<meta property=\"og:title\" content=\"PT re\u00fane todas as tribos; de sem terra a ruralista - PORTAL DE NOT\u00cdCIAS CLEITON PINHEIRO\" \/>\n<meta property=\"og:description\" content=\"Com a filia\u00e7\u00e3o da ex-senadora, ex-ministra, ex-presidente da Confedera\u00e7\u00e3o da Agricultura e Pecu\u00e1ria do Brasil (CNA) K\u00e1tia Abreu ao PT passamos a ver um cen\u00e1rio pol\u00edtico bem dist\u00f3pico. O partido que re\u00fane integrantes do Movimento dos Trabalhadores Sem Terra (MST), inclusive com pr\u00e9-candidato ao parlamento pelo grupo, precisar\u00e1 gerenciar esse conflito, antes externo, agora dentro [&hellip;]\" \/>\n<meta property=\"og:url\" content=\"https:\/\/cleitonpinheiro.com.br\/site\/pt-reune-todas-as-tribos-de-sem-terra-a-ruralista\/\" \/>\n<meta property=\"og:site_name\" content=\"PORTAL DE NOT\u00cdCIAS CLEITON PINHEIRO\" \/>\n<meta property=\"article:publisher\" content=\"https:\/\/www.facebook.com\/portalcpnoticias\/\" \/>\n<meta property=\"article:published_time\" content=\"2026-04-08T00:57:09+00:00\" \/>\n<meta property=\"article:modified_time\" content=\"2026-04-08T01:10:47+00:00\" \/>\n<meta property=\"og:image\" content=\"https:\/\/cleitonpinheiro.com.br\/site\/wp-content\/uploads\/2026\/04\/PSX_20260404_154719.jpg\" \/>\n\t<meta property=\"og:image:width\" content=\"828\" \/>\n\t<meta property=\"og:image:height\" content=\"708\" \/>\n\t<meta property=\"og:image:type\" content=\"image\/jpeg\" \/>\n<meta name=\"author\" content=\"Cleiton Pinheiro\" \/>\n<meta name=\"twitter:card\" content=\"summary_large_image\" \/>\n<meta name=\"twitter:label1\" content=\"Escrito por\" \/>\n\t<meta name=\"twitter:data1\" content=\"Cleiton Pinheiro\" \/>\n\t<meta name=\"twitter:label2\" content=\"Est. tempo de leitura\" \/>\n\t<meta name=\"twitter:data2\" content=\"2 minutos\" \/>\n<script type=\"application\/ld+json\" class=\"yoast-schema-graph\">{\"@context\":\"https:\/\/schema.org\",\"@graph\":[{\"@type\":\"Article\",\"@id\":\"https:\/\/cleitonpinheiro.com.br\/site\/pt-reune-todas-as-tribos-de-sem-terra-a-ruralista\/#article\",\"isPartOf\":{\"@id\":\"https:\/\/cleitonpinheiro.com.br\/site\/pt-reune-todas-as-tribos-de-sem-terra-a-ruralista\/\"},\"author\":{\"name\":\"Cleiton Pinheiro\",\"@id\":\"https:\/\/cleitonpinheiro.com.br\/site\/#\/schema\/person\/62fd4eb98fcc8bd3fc477aaff264af51\"},\"headline\":\"PT re\u00fane todas as tribos; de sem terra a ruralista\",\"datePublished\":\"2026-04-08T00:57:09+00:00\",\"dateModified\":\"2026-04-08T01:10:47+00:00\",\"mainEntityOfPage\":{\"@id\":\"https:\/\/cleitonpinheiro.com.br\/site\/pt-reune-todas-as-tribos-de-sem-terra-a-ruralista\/\"},\"wordCount\":338,\"commentCount\":0,\"publisher\":{\"@id\":\"https:\/\/cleitonpinheiro.com.br\/site\/#organization\"},\"image\":{\"@id\":\"https:\/\/cleitonpinheiro.com.br\/site\/pt-reune-todas-as-tribos-de-sem-terra-a-ruralista\/#primaryimage\"},\"thumbnailUrl\":\"https:\/\/cleitonpinheiro.com.br\/site\/wp-content\/uploads\/2026\/04\/PSX_20260404_154719.jpg\",\"articleSection\":[\"MANCHETE SEGUND\u00c1RIA\",\"POL\u00cdTICA\",\"TODAS NOTICIAS\"],\"inLanguage\":\"pt-BR\",\"potentialAction\":[{\"@type\":\"CommentAction\",\"name\":\"Comment\",\"target\":[\"https:\/\/cleitonpinheiro.com.br\/site\/pt-reune-todas-as-tribos-de-sem-terra-a-ruralista\/#respond\"]}]},{\"@type\":\"WebPage\",\"@id\":\"https:\/\/cleitonpinheiro.com.br\/site\/pt-reune-todas-as-tribos-de-sem-terra-a-ruralista\/\",\"url\":\"https:\/\/cleitonpinheiro.com.br\/site\/pt-reune-todas-as-tribos-de-sem-terra-a-ruralista\/\",\"name\":\"PT re\u00fane todas as tribos; de sem terra a ruralista - PORTAL DE NOT\u00cdCIAS CLEITON PINHEIRO\",\"isPartOf\":{\"@id\":\"https:\/\/cleitonpinheiro.com.br\/site\/#website\"},\"primaryImageOfPage\":{\"@id\":\"https:\/\/cleitonpinheiro.com.br\/site\/pt-reune-todas-as-tribos-de-sem-terra-a-ruralista\/#primaryimage\"},\"image\":{\"@id\":\"https:\/\/cleitonpinheiro.com.br\/site\/pt-reune-todas-as-tribos-de-sem-terra-a-ruralista\/#primaryimage\"},\"thumbnailUrl\":\"https:\/\/cleitonpinheiro.com.br\/site\/wp-content\/uploads\/2026\/04\/PSX_20260404_154719.jpg\",\"datePublished\":\"2026-04-08T00:57:09+00:00\",\"dateModified\":\"2026-04-08T01:10:47+00:00\",\"breadcrumb\":{\"@id\":\"https:\/\/cleitonpinheiro.com.br\/site\/pt-reune-todas-as-tribos-de-sem-terra-a-ruralista\/#breadcrumb\"},\"inLanguage\":\"pt-BR\",\"potentialAction\":[{\"@type\":\"ReadAction\",\"target\":[\"https:\/\/cleitonpinheiro.com.br\/site\/pt-reune-todas-as-tribos-de-sem-terra-a-ruralista\/\"]}]},{\"@type\":\"ImageObject\",\"inLanguage\":\"pt-BR\",\"@id\":\"https:\/\/cleitonpinheiro.com.br\/site\/pt-reune-todas-as-tribos-de-sem-terra-a-ruralista\/#primaryimage\",\"url\":\"https:\/\/cleitonpinheiro.com.br\/site\/wp-content\/uploads\/2026\/04\/PSX_20260404_154719.jpg\",\"contentUrl\":\"https:\/\/cleitonpinheiro.com.br\/site\/wp-content\/uploads\/2026\/04\/PSX_20260404_154719.jpg\",\"width\":828,\"height\":708,\"caption\":\"Na foto que sela essa filia\u00e7\u00e3o, enquanto os dois petistas fazem o L com a m\u00e3o, a ex-senadora faz o J\"},{\"@type\":\"BreadcrumbList\",\"@id\":\"https:\/\/cleitonpinheiro.com.br\/site\/pt-reune-todas-as-tribos-de-sem-terra-a-ruralista\/#breadcrumb\",\"itemListElement\":[{\"@type\":\"ListItem\",\"position\":1,\"name\":\"In\u00edcio\",\"item\":\"https:\/\/cleitonpinheiro.com.br\/site\/\"},{\"@type\":\"ListItem\",\"position\":2,\"name\":\"PT re\u00fane todas as tribos; de sem terra a ruralista\"}]},{\"@type\":\"WebSite\",\"@id\":\"https:\/\/cleitonpinheiro.com.br\/site\/#website\",\"url\":\"https:\/\/cleitonpinheiro.com.br\/site\/\",\"name\":\"PORTAL DE NOT\u00cdCIAS CLEITON PINHEIRO\",\"description\":\"FALANDO A VERDADE\",\"publisher\":{\"@id\":\"https:\/\/cleitonpinheiro.com.br\/site\/#organization\"},\"potentialAction\":[{\"@type\":\"SearchAction\",\"target\":{\"@type\":\"EntryPoint\",\"urlTemplate\":\"https:\/\/cleitonpinheiro.com.br\/site\/?s={search_term_string}\"},\"query-input\":{\"@type\":\"PropertyValueSpecification\",\"valueRequired\":true,\"valueName\":\"search_term_string\"}}],\"inLanguage\":\"pt-BR\"},{\"@type\":\"Organization\",\"@id\":\"https:\/\/cleitonpinheiro.com.br\/site\/#organization\",\"name\":\"CPNOT\u00cdCIAS\",\"url\":\"https:\/\/cleitonpinheiro.com.br\/site\/\",\"logo\":{\"@type\":\"ImageObject\",\"inLanguage\":\"pt-BR\",\"@id\":\"https:\/\/cleitonpinheiro.com.br\/site\/#\/schema\/logo\/image\/\",\"url\":\"https:\/\/cleitonpinheiro.com.br\/site\/wp-content\/uploads\/2022\/08\/Logo-pequena-2.png\",\"contentUrl\":\"https:\/\/cleitonpinheiro.com.br\/site\/wp-content\/uploads\/2022\/08\/Logo-pequena-2.png\",\"width\":500,\"height\":500,\"caption\":\"CPNOT\u00cdCIAS\"},\"image\":{\"@id\":\"https:\/\/cleitonpinheiro.com.br\/site\/#\/schema\/logo\/image\/\"},\"sameAs\":[\"https:\/\/www.facebook.com\/portalcpnoticias\/\"]},{\"@type\":\"Person\",\"@id\":\"https:\/\/cleitonpinheiro.com.br\/site\/#\/schema\/person\/62fd4eb98fcc8bd3fc477aaff264af51\",\"name\":\"Cleiton Pinheiro\",\"image\":{\"@type\":\"ImageObject\",\"inLanguage\":\"pt-BR\",\"@id\":\"https:\/\/cleitonpinheiro.com.br\/site\/#\/schema\/person\/image\/\",\"url\":\"https:\/\/secure.gravatar.com\/avatar\/15642ec35b78fe5eed3cfa8e4a3f3211d73a3df4f35f0566b4324958cba1b1b9?s=96&r=g\",\"contentUrl\":\"https:\/\/secure.gravatar.com\/avatar\/15642ec35b78fe5eed3cfa8e4a3f3211d73a3df4f35f0566b4324958cba1b1b9?s=96&r=g\",\"caption\":\"Cleiton Pinheiro\"},\"url\":\"https:\/\/cleitonpinheiro.com.br\/site\/author\/cleiton\/\"}]}<\/script>\n<!-- \/ Yoast SEO plugin. -->","yoast_head_json":{"title":"PT re\u00fane todas as tribos; de sem terra a ruralista - PORTAL DE NOT\u00cdCIAS CLEITON PINHEIRO","robots":{"index":"index","follow":"follow","max-snippet":"max-snippet:-1","max-image-preview":"max-image-preview:large","max-video-preview":"max-video-preview:-1"},"canonical":"https:\/\/cleitonpinheiro.com.br\/site\/pt-reune-todas-as-tribos-de-sem-terra-a-ruralista\/","og_locale":"pt_BR","og_type":"article","og_title":"PT re\u00fane todas as tribos; de sem terra a ruralista - PORTAL DE NOT\u00cdCIAS CLEITON PINHEIRO","og_description":"Com a filia\u00e7\u00e3o da ex-senadora, ex-ministra, ex-presidente da Confedera\u00e7\u00e3o da Agricultura e Pecu\u00e1ria do Brasil (CNA) K\u00e1tia Abreu ao PT passamos a ver um cen\u00e1rio pol\u00edtico bem dist\u00f3pico. O partido que re\u00fane integrantes do Movimento dos Trabalhadores Sem Terra (MST), inclusive com pr\u00e9-candidato ao parlamento pelo grupo, precisar\u00e1 gerenciar esse conflito, antes externo, agora dentro [&hellip;]","og_url":"https:\/\/cleitonpinheiro.com.br\/site\/pt-reune-todas-as-tribos-de-sem-terra-a-ruralista\/","og_site_name":"PORTAL DE NOT\u00cdCIAS CLEITON PINHEIRO","article_publisher":"https:\/\/www.facebook.com\/portalcpnoticias\/","article_published_time":"2026-04-08T00:57:09+00:00","article_modified_time":"2026-04-08T01:10:47+00:00","og_image":[{"width":828,"height":708,"url":"https:\/\/cleitonpinheiro.com.br\/site\/wp-content\/uploads\/2026\/04\/PSX_20260404_154719.jpg","type":"image\/jpeg"}],"author":"Cleiton Pinheiro","twitter_card":"summary_large_image","twitter_misc":{"Escrito por":"Cleiton Pinheiro","Est. tempo de leitura":"2 minutos"},"schema":{"@context":"https:\/\/schema.org","@graph":[{"@type":"Article","@id":"https:\/\/cleitonpinheiro.com.br\/site\/pt-reune-todas-as-tribos-de-sem-terra-a-ruralista\/#article","isPartOf":{"@id":"https:\/\/cleitonpinheiro.com.br\/site\/pt-reune-todas-as-tribos-de-sem-terra-a-ruralista\/"},"author":{"name":"Cleiton Pinheiro","@id":"https:\/\/cleitonpinheiro.com.br\/site\/#\/schema\/person\/62fd4eb98fcc8bd3fc477aaff264af51"},"headline":"PT re\u00fane todas as tribos; de sem terra a ruralista","datePublished":"2026-04-08T00:57:09+00:00","dateModified":"2026-04-08T01:10:47+00:00","mainEntityOfPage":{"@id":"https:\/\/cleitonpinheiro.com.br\/site\/pt-reune-todas-as-tribos-de-sem-terra-a-ruralista\/"},"wordCount":338,"commentCount":0,"publisher":{"@id":"https:\/\/cleitonpinheiro.com.br\/site\/#organization"},"image":{"@id":"https:\/\/cleitonpinheiro.com.br\/site\/pt-reune-todas-as-tribos-de-sem-terra-a-ruralista\/#primaryimage"},"thumbnailUrl":"https:\/\/cleitonpinheiro.com.br\/site\/wp-content\/uploads\/2026\/04\/PSX_20260404_154719.jpg","articleSection":["MANCHETE SEGUND\u00c1RIA","POL\u00cdTICA","TODAS NOTICIAS"],"inLanguage":"pt-BR","potentialAction":[{"@type":"CommentAction","name":"Comment","target":["https:\/\/cleitonpinheiro.com.br\/site\/pt-reune-todas-as-tribos-de-sem-terra-a-ruralista\/#respond"]}]},{"@type":"WebPage","@id":"https:\/\/cleitonpinheiro.com.br\/site\/pt-reune-todas-as-tribos-de-sem-terra-a-ruralista\/","url":"https:\/\/cleitonpinheiro.com.br\/site\/pt-reune-todas-as-tribos-de-sem-terra-a-ruralista\/","name":"PT re\u00fane todas as tribos; de sem terra a ruralista - PORTAL DE NOT\u00cdCIAS CLEITON PINHEIRO","isPartOf":{"@id":"https:\/\/cleitonpinheiro.com.br\/site\/#website"},"primaryImageOfPage":{"@id":"https:\/\/cleitonpinheiro.com.br\/site\/pt-reune-todas-as-tribos-de-sem-terra-a-ruralista\/#primaryimage"},"image":{"@id":"https:\/\/cleitonpinheiro.com.br\/site\/pt-reune-todas-as-tribos-de-sem-terra-a-ruralista\/#primaryimage"},"thumbnailUrl":"https:\/\/cleitonpinheiro.com.br\/site\/wp-content\/uploads\/2026\/04\/PSX_20260404_154719.jpg","datePublished":"2026-04-08T00:57:09+00:00","dateModified":"2026-04-08T01:10:47+00:00","breadcrumb":{"@id":"https:\/\/cleitonpinheiro.com.br\/site\/pt-reune-todas-as-tribos-de-sem-terra-a-ruralista\/#breadcrumb"},"inLanguage":"pt-BR","potentialAction":[{"@type":"ReadAction","target":["https:\/\/cleitonpinheiro.com.br\/site\/pt-reune-todas-as-tribos-de-sem-terra-a-ruralista\/"]}]},{"@type":"ImageObject","inLanguage":"pt-BR","@id":"https:\/\/cleitonpinheiro.com.br\/site\/pt-reune-todas-as-tribos-de-sem-terra-a-ruralista\/#primaryimage","url":"https:\/\/cleitonpinheiro.com.br\/site\/wp-content\/uploads\/2026\/04\/PSX_20260404_154719.jpg","contentUrl":"https:\/\/cleitonpinheiro.com.br\/site\/wp-content\/uploads\/2026\/04\/PSX_20260404_154719.jpg","width":828,"height":708,"caption":"Na foto que sela essa filia\u00e7\u00e3o, enquanto os dois petistas fazem o L com a m\u00e3o, a ex-senadora faz o J"},{"@type":"BreadcrumbList","@id":"https:\/\/cleitonpinheiro.com.br\/site\/pt-reune-todas-as-tribos-de-sem-terra-a-ruralista\/#breadcrumb","itemListElement":[{"@type":"ListItem","position":1,"name":"In\u00edcio","item":"https:\/\/cleitonpinheiro.com.br\/site\/"},{"@type":"ListItem","position":2,"name":"PT re\u00fane todas as tribos; de sem terra a ruralista"}]},{"@type":"WebSite","@id":"https:\/\/cleitonpinheiro.com.br\/site\/#website","url":"https:\/\/cleitonpinheiro.com.br\/site\/","name":"PORTAL DE NOT\u00cdCIAS CLEITON PINHEIRO","description":"FALANDO A VERDADE","publisher":{"@id":"https:\/\/cleitonpinheiro.com.br\/site\/#organization"},"potentialAction":[{"@type":"SearchAction","target":{"@type":"EntryPoint","urlTemplate":"https:\/\/cleitonpinheiro.com.br\/site\/?s={search_term_string}"},"query-input":{"@type":"PropertyValueSpecification","valueRequired":true,"valueName":"search_term_string"}}],"inLanguage":"pt-BR"},{"@type":"Organization","@id":"https:\/\/cleitonpinheiro.com.br\/site\/#organization","name":"CPNOT\u00cdCIAS","url":"https:\/\/cleitonpinheiro.com.br\/site\/","logo":{"@type":"ImageObject","inLanguage":"pt-BR","@id":"https:\/\/cleitonpinheiro.com.br\/site\/#\/schema\/logo\/image\/","url":"https:\/\/cleitonpinheiro.com.br\/site\/wp-content\/uploads\/2022\/08\/Logo-pequena-2.png","contentUrl":"https:\/\/cleitonpinheiro.com.br\/site\/wp-content\/uploads\/2022\/08\/Logo-pequena-2.png","width":500,"height":500,"caption":"CPNOT\u00cdCIAS"},"image":{"@id":"https:\/\/cleitonpinheiro.com.br\/site\/#\/schema\/logo\/image\/"},"sameAs":["https:\/\/www.facebook.com\/portalcpnoticias\/"]},{"@type":"Person","@id":"https:\/\/cleitonpinheiro.com.br\/site\/#\/schema\/person\/62fd4eb98fcc8bd3fc477aaff264af51","name":"Cleiton Pinheiro","image":{"@type":"ImageObject","inLanguage":"pt-BR","@id":"https:\/\/cleitonpinheiro.com.br\/site\/#\/schema\/person\/image\/","url":"https:\/\/secure.gravatar.com\/avatar\/15642ec35b78fe5eed3cfa8e4a3f3211d73a3df4f35f0566b4324958cba1b1b9?s=96&r=g","contentUrl":"https:\/\/secure.gravatar.com\/avatar\/15642ec35b78fe5eed3cfa8e4a3f3211d73a3df4f35f0566b4324958cba1b1b9?s=96&r=g","caption":"Cleiton Pinheiro"},"url":"https:\/\/cleitonpinheiro.com.br\/site\/author\/cleiton\/"}]}},"views":35,"_links":{"self":[{"href":"https:\/\/cleitonpinheiro.com.br\/site\/wp-json\/wp\/v2\/posts\/88147","targetHints":{"allow":["GET"]}}],"collection":[{"href":"https:\/\/cleitonpinheiro.com.br\/site\/wp-json\/wp\/v2\/posts"}],"about":[{"href":"https:\/\/cleitonpinheiro.com.br\/site\/wp-json\/wp\/v2\/types\/post"}],"author":[{"embeddable":true,"href":"https:\/\/cleitonpinheiro.com.br\/site\/wp-json\/wp\/v2\/users\/10"}],"replies":[{"embeddable":true,"href":"https:\/\/cleitonpinheiro.com.br\/site\/wp-json\/wp\/v2\/comments?post=88147"}],"version-history":[{"count":1,"href":"https:\/\/cleitonpinheiro.com.br\/site\/wp-json\/wp\/v2\/posts\/88147\/revisions"}],"predecessor-version":[{"id":88149,"href":"https:\/\/cleitonpinheiro.com.br\/site\/wp-json\/wp\/v2\/posts\/88147\/revisions\/88149"}],"wp:featuredmedia":[{"embeddable":true,"href":"https:\/\/cleitonpinheiro.com.br\/site\/wp-json\/wp\/v2\/media\/88148"}],"wp:attachment":[{"href":"https:\/\/cleitonpinheiro.com.br\/site\/wp-json\/wp\/v2\/media?parent=88147"}],"wp:term":[{"taxonomy":"category","embeddable":true,"href":"https:\/\/cleitonpinheiro.com.br\/site\/wp-json\/wp\/v2\/categories?post=88147"},{"taxonomy":"post_tag","embeddable":true,"href":"https:\/\/cleitonpinheiro.com.br\/site\/wp-json\/wp\/v2\/tags?post=88147"}],"curies":[{"name":"wp","href":"https:\/\/api.w.org\/{rel}","templated":true}]}}