{"id":88303,"date":"2026-04-28T09:16:35","date_gmt":"2026-04-28T12:16:35","guid":{"rendered":"https:\/\/cleitonpinheiro.com.br\/site\/?p=88303"},"modified":"2026-04-28T09:32:37","modified_gmt":"2026-04-28T12:32:37","slug":"apos-moradores-reclamarem-e-se-mobilizarem-prefeitura-de-palmas-decide-interromper-obras-de-abrigo-de-animais-na-604-norte","status":"publish","type":"post","link":"https:\/\/cleitonpinheiro.com.br\/site\/apos-moradores-reclamarem-e-se-mobilizarem-prefeitura-de-palmas-decide-interromper-obras-de-abrigo-de-animais-na-604-norte\/","title":{"rendered":"Ap\u00f3s moradores reclamarem e se mobilizarem, Prefeitura de Palmas decide interromper obras de Abrigo de Animais, na 604 Norte"},"content":{"rendered":"\t\t<div data-elementor-type=\"wp-post\" data-elementor-id=\"88303\" class=\"elementor elementor-88303\" data-elementor-post-type=\"post\">\n\t\t\t\t\t\t<section class=\"elementor-section elementor-top-section elementor-element elementor-element-3f3b14af elementor-section-boxed elementor-section-height-default elementor-section-height-default\" data-id=\"3f3b14af\" data-element_type=\"section\">\n\t\t\t\t\t\t<div class=\"elementor-container elementor-column-gap-default\">\n\t\t\t\t\t<div class=\"elementor-column elementor-col-100 elementor-top-column elementor-element elementor-element-1cfc329d\" data-id=\"1cfc329d\" data-element_type=\"column\">\n\t\t\t<div class=\"elementor-widget-wrap elementor-element-populated\">\n\t\t\t\t\t\t<div class=\"elementor-element elementor-element-5372f86 elementor-widget elementor-widget-text-editor\" data-id=\"5372f86\" data-element_type=\"widget\" data-widget_type=\"text-editor.default\">\n\t\t\t\t<div class=\"elementor-widget-container\">\n\t\t\t\t\t\t\t\t\t<p><\/p>\n<p>Moradores da quadra 604 Norte (Arne 71) procuraram o <em><b>Portal CP Not\u00edcias<\/b><\/em> na tarde da \u00faltima segunda-feira, 27 de abril, para demonstrar insatisfa\u00e7\u00e3o com o andamento das obras da poss\u00edvel instala\u00e7\u00e3o de um Canil Municipal, da Prefeitura de Palmas. \u201cS\u00e3o os pr\u00f3prios trabalhadores do local que confirmaram que a estrutura \u00e9 para a instala\u00e7\u00e3o de um Canil da Prefeitura, um abrigo de animais. Estamos preocupados, pois \u00e9 uma \u00e1rea estritamente residencial. Al\u00e9m dos ru\u00eddos constantes e do odor forte, tamb\u00e9m pode trazer risco sanit\u00e1rio aqui pra gente\u201d, relatou um dos moradores que preferiu n\u00e3o se identificar.<\/p>\n<p><\/p>\n<p><\/p>\n<p><img fetchpriority=\"high\" decoding=\"async\" class=\"size-medium wp-image-88304 alignleft\" src=\"https:\/\/cleitonpinheiro.com.br\/site\/wp-content\/uploads\/2026\/04\/WhatsApp-Image-2026-04-27-at-14.05.53-300x250.jpeg\" alt=\"\" width=\"300\" height=\"250\" srcset=\"https:\/\/cleitonpinheiro.com.br\/site\/wp-content\/uploads\/2026\/04\/WhatsApp-Image-2026-04-27-at-14.05.53-300x250.jpeg 300w, https:\/\/cleitonpinheiro.com.br\/site\/wp-content\/uploads\/2026\/04\/WhatsApp-Image-2026-04-27-at-14.05.53.jpeg 590w\" sizes=\"(max-width: 300px) 100vw, 300px\" \/>Outro morador disse que alguns vizinhos chegaram a denunciar o caso ao Minist\u00e9rio P\u00fablico Estadual (MP-TO). Segundo ele, toda a mobiliza\u00e7\u00e3o vem sendo feita de forma digital, nos grupos da quadra e nas redes sociais. Uma faixa de protesto tamb\u00e9m foi colocada e refor\u00e7ava que os moradores da 604 Norte n\u00e3o concordam com a instala\u00e7\u00e3o do Canil em \u00e1rea residencial.<\/p>\n<p><\/p>\n<p><\/p>\n<p>Nos grupos, os moradores enfatizam que, mesmo que n\u00e3o esteja em funcionamento, <em>\u201ca instala\u00e7\u00e3o do canil pode gerar intenso impacto ambiental urbano, sendo necess\u00e1ria a verifica\u00e7\u00e3o do licenciamento urban\u00edstico, ambiental e sanit\u00e1rio.\u201d<\/em><\/p>\n<p><\/p>\n<p>Veja o <a href=\"https:\/\/cleitonpinheiro.com.br\/site\/wp-content\/uploads\/2026\/04\/WhatsApp-Video-2026-04-27-at-14.03.34.mp4\">v\u00eddeo enviado pelos moradores<\/a> e que mostra a obra em andamento.<\/p>\n<p><\/p>\n<p><\/p>\n<p><strong>O QUE DIZ A PREFEITURA<\/strong><\/p>\n<p><\/p>\n<p>Questionada, a Prefeitura de Palmas, por meio da Secretaria de Comunica\u00e7\u00e3o (SECOM), encaminhou nota ao <em>Portal CP Not\u00edcias<\/em> informando que ouviu as manifesta\u00e7\u00f5es da comunidade da 604 Norte e decidiu interromper as obras do abrigo de animais. <em>\u201cA gest\u00e3o municipal refor\u00e7a que a iniciativa ainda est\u00e1 em fase de estudo e planejamento t\u00e9cnico, n\u00e3o havendo defini\u00e7\u00e3o final quanto \u00e0 estrutura, localiza\u00e7\u00e3o ou cronograma de execu\u00e7\u00e3o. Todas as etapas relacionadas ao projeto seguem em avalia\u00e7\u00e3o, considerando crit\u00e9rios de viabilidade, impacto urbano, aspectos sanit\u00e1rios e interesse p\u00fablico<\/em>\u201d, informou.<\/p>\n<p><\/p>\n<p><\/p>\n<p>Confira a nota na \u00edntegra:<\/p>\n<p><\/p>\n<p><\/p>\n<p><strong><em>Nota<\/em><\/strong><\/p>\n<p><\/p>\n<p><em>A Prefeitura de Palmas informa que ouviu as manifesta\u00e7\u00f5es apresentadas pela comunidade da Quadra 604 Norte e&nbsp; decidiu interromper a implanta\u00e7\u00e3o do abrigo tempor\u00e1rio voltado ao acolhimento de animais v\u00edtimas de maus tratos.<\/em><\/p>\n<p><\/p>\n<p><em>A gest\u00e3o municipal refor\u00e7a que a iniciativa ainda est\u00e1 em fase de estudo e planejamento t\u00e9cnico, n\u00e3o havendo defini\u00e7\u00e3o final quanto \u00e0 estrutura, localiza\u00e7\u00e3o ou cronograma de execu\u00e7\u00e3o. Todas as etapas relacionadas ao projeto seguem em avalia\u00e7\u00e3o, considerando crit\u00e9rios de viabilidade, impacto urbano, aspectos sanit\u00e1rios e interesse p\u00fablico.<\/em><\/p>\n<p><\/p>\n<p><em>A Prefeitura destaca ainda que qualquer iniciativa vinculada \u00e0 pol\u00edtica p\u00fablica de prote\u00e7\u00e3o e bem-estar animal ser\u00e1 conduzida com responsabilidade, observando a legisla\u00e7\u00e3o vigente e o di\u00e1logo com a popula\u00e7\u00e3o.<\/em><\/p>\n<p><\/p>\n<p><em>(Da Reda\u00e7\u00e3o, Portal CP Not\u00edcias)<\/em><\/p>\n<p><\/p>\n<p><\/p>\t\t\t\t\t\t\t\t<\/div>\n\t\t\t\t<\/div>\n\t\t\t\t\t<\/div>\n\t\t<\/div>\n\t\t\t\t\t<\/div>\n\t\t<\/section>\n\t\t\t\t<\/div>\n\t\t","protected":false},"excerpt":{"rendered":"<p>Moradores da quadra 604 Norte (Arne 71) procuraram o Portal CP Not\u00edcias na tarde da \u00faltima segunda-feira, 27 de abril, para demonstrar insatisfa\u00e7\u00e3o com o andamento das obras da poss\u00edvel instala\u00e7\u00e3o de um Canil Municipal, da Prefeitura de Palmas. \u201cS\u00e3o os pr\u00f3prios trabalhadores do local que confirmaram que a estrutura \u00e9 para a instala\u00e7\u00e3o de [&hellip;]<\/p>\n","protected":false},"author":10,"featured_media":88304,"comment_status":"open","ping_status":"open","sticky":false,"template":"","format":"standard","meta":{"_acf_changed":false,"footnotes":""},"categories":[22,898],"tags":[1412,1413,1415,47],"class_list":["post-88303","post","type-post","status-publish","format-standard","has-post-thumbnail","hentry","category-cidades","category-manchete-segundaria","tag-604-norte","tag-abrigo-municipal","tag-canil","tag-palmas"],"acf":[],"yoast_head":"<!-- This site is optimized with the Yoast SEO plugin v24.4 - https:\/\/yoast.com\/wordpress\/plugins\/seo\/ -->\n<title>Ap\u00f3s moradores reclamarem e se mobilizarem, Prefeitura de Palmas decide interromper obras de Abrigo de Animais, na 604 Norte - PORTAL DE NOT\u00cdCIAS CLEITON PINHEIRO<\/title>\n<meta name=\"robots\" content=\"index, follow, max-snippet:-1, max-image-preview:large, max-video-preview:-1\" \/>\n<link rel=\"canonical\" href=\"https:\/\/cleitonpinheiro.com.br\/site\/apos-moradores-reclamarem-e-se-mobilizarem-prefeitura-de-palmas-decide-interromper-obras-de-abrigo-de-animais-na-604-norte\/\" \/>\n<meta property=\"og:locale\" content=\"pt_BR\" \/>\n<meta property=\"og:type\" content=\"article\" \/>\n<meta property=\"og:title\" content=\"Ap\u00f3s moradores reclamarem e se mobilizarem, Prefeitura de Palmas decide interromper obras de Abrigo de Animais, na 604 Norte - PORTAL DE NOT\u00cdCIAS CLEITON PINHEIRO\" \/>\n<meta property=\"og:description\" content=\"Moradores da quadra 604 Norte (Arne 71) procuraram o Portal CP Not\u00edcias na tarde da \u00faltima segunda-feira, 27 de abril, para demonstrar insatisfa\u00e7\u00e3o com o andamento das obras da poss\u00edvel instala\u00e7\u00e3o de um Canil Municipal, da Prefeitura de Palmas. \u201cS\u00e3o os pr\u00f3prios trabalhadores do local que confirmaram que a estrutura \u00e9 para a instala\u00e7\u00e3o de [&hellip;]\" \/>\n<meta property=\"og:url\" content=\"https:\/\/cleitonpinheiro.com.br\/site\/apos-moradores-reclamarem-e-se-mobilizarem-prefeitura-de-palmas-decide-interromper-obras-de-abrigo-de-animais-na-604-norte\/\" \/>\n<meta property=\"og:site_name\" content=\"PORTAL DE NOT\u00cdCIAS CLEITON PINHEIRO\" \/>\n<meta property=\"article:publisher\" content=\"https:\/\/www.facebook.com\/portalcpnoticias\/\" \/>\n<meta property=\"article:published_time\" content=\"2026-04-28T12:16:35+00:00\" \/>\n<meta property=\"article:modified_time\" content=\"2026-04-28T12:32:37+00:00\" \/>\n<meta property=\"og:image\" content=\"https:\/\/cleitonpinheiro.com.br\/site\/wp-content\/uploads\/2026\/04\/WhatsApp-Image-2026-04-27-at-14.05.53.jpeg\" \/>\n\t<meta property=\"og:image:width\" content=\"590\" \/>\n\t<meta property=\"og:image:height\" content=\"492\" \/>\n\t<meta property=\"og:image:type\" content=\"image\/jpeg\" \/>\n<meta name=\"author\" content=\"Cleiton Pinheiro\" \/>\n<meta name=\"twitter:card\" content=\"summary_large_image\" \/>\n<meta name=\"twitter:label1\" content=\"Escrito por\" \/>\n\t<meta name=\"twitter:data1\" content=\"Cleiton Pinheiro\" \/>\n\t<meta name=\"twitter:label2\" content=\"Est. tempo de leitura\" \/>\n\t<meta name=\"twitter:data2\" content=\"3 minutos\" \/>\n<script type=\"application\/ld+json\" class=\"yoast-schema-graph\">{\"@context\":\"https:\/\/schema.org\",\"@graph\":[{\"@type\":\"Article\",\"@id\":\"https:\/\/cleitonpinheiro.com.br\/site\/apos-moradores-reclamarem-e-se-mobilizarem-prefeitura-de-palmas-decide-interromper-obras-de-abrigo-de-animais-na-604-norte\/#article\",\"isPartOf\":{\"@id\":\"https:\/\/cleitonpinheiro.com.br\/site\/apos-moradores-reclamarem-e-se-mobilizarem-prefeitura-de-palmas-decide-interromper-obras-de-abrigo-de-animais-na-604-norte\/\"},\"author\":{\"name\":\"Cleiton Pinheiro\",\"@id\":\"https:\/\/cleitonpinheiro.com.br\/site\/#\/schema\/person\/62fd4eb98fcc8bd3fc477aaff264af51\"},\"headline\":\"Ap\u00f3s moradores reclamarem e se mobilizarem, Prefeitura de Palmas decide interromper obras de Abrigo de Animais, na 604 Norte\",\"datePublished\":\"2026-04-28T12:16:35+00:00\",\"dateModified\":\"2026-04-28T12:32:37+00:00\",\"mainEntityOfPage\":{\"@id\":\"https:\/\/cleitonpinheiro.com.br\/site\/apos-moradores-reclamarem-e-se-mobilizarem-prefeitura-de-palmas-decide-interromper-obras-de-abrigo-de-animais-na-604-norte\/\"},\"wordCount\":486,\"commentCount\":0,\"publisher\":{\"@id\":\"https:\/\/cleitonpinheiro.com.br\/site\/#organization\"},\"image\":{\"@id\":\"https:\/\/cleitonpinheiro.com.br\/site\/apos-moradores-reclamarem-e-se-mobilizarem-prefeitura-de-palmas-decide-interromper-obras-de-abrigo-de-animais-na-604-norte\/#primaryimage\"},\"thumbnailUrl\":\"https:\/\/cleitonpinheiro.com.br\/site\/wp-content\/uploads\/2026\/04\/WhatsApp-Image-2026-04-27-at-14.05.53.jpeg\",\"keywords\":[\"604 norte\",\"abrigo municipal\",\"canil\",\"palmas\"],\"articleSection\":[\"CIDADES\",\"MANCHETE SEGUND\u00c1RIA\"],\"inLanguage\":\"pt-BR\",\"potentialAction\":[{\"@type\":\"CommentAction\",\"name\":\"Comment\",\"target\":[\"https:\/\/cleitonpinheiro.com.br\/site\/apos-moradores-reclamarem-e-se-mobilizarem-prefeitura-de-palmas-decide-interromper-obras-de-abrigo-de-animais-na-604-norte\/#respond\"]}]},{\"@type\":\"WebPage\",\"@id\":\"https:\/\/cleitonpinheiro.com.br\/site\/apos-moradores-reclamarem-e-se-mobilizarem-prefeitura-de-palmas-decide-interromper-obras-de-abrigo-de-animais-na-604-norte\/\",\"url\":\"https:\/\/cleitonpinheiro.com.br\/site\/apos-moradores-reclamarem-e-se-mobilizarem-prefeitura-de-palmas-decide-interromper-obras-de-abrigo-de-animais-na-604-norte\/\",\"name\":\"Ap\u00f3s moradores reclamarem e se mobilizarem, Prefeitura de Palmas decide interromper obras de Abrigo de Animais, na 604 Norte - PORTAL DE NOT\u00cdCIAS CLEITON PINHEIRO\",\"isPartOf\":{\"@id\":\"https:\/\/cleitonpinheiro.com.br\/site\/#website\"},\"primaryImageOfPage\":{\"@id\":\"https:\/\/cleitonpinheiro.com.br\/site\/apos-moradores-reclamarem-e-se-mobilizarem-prefeitura-de-palmas-decide-interromper-obras-de-abrigo-de-animais-na-604-norte\/#primaryimage\"},\"image\":{\"@id\":\"https:\/\/cleitonpinheiro.com.br\/site\/apos-moradores-reclamarem-e-se-mobilizarem-prefeitura-de-palmas-decide-interromper-obras-de-abrigo-de-animais-na-604-norte\/#primaryimage\"},\"thumbnailUrl\":\"https:\/\/cleitonpinheiro.com.br\/site\/wp-content\/uploads\/2026\/04\/WhatsApp-Image-2026-04-27-at-14.05.53.jpeg\",\"datePublished\":\"2026-04-28T12:16:35+00:00\",\"dateModified\":\"2026-04-28T12:32:37+00:00\",\"breadcrumb\":{\"@id\":\"https:\/\/cleitonpinheiro.com.br\/site\/apos-moradores-reclamarem-e-se-mobilizarem-prefeitura-de-palmas-decide-interromper-obras-de-abrigo-de-animais-na-604-norte\/#breadcrumb\"},\"inLanguage\":\"pt-BR\",\"potentialAction\":[{\"@type\":\"ReadAction\",\"target\":[\"https:\/\/cleitonpinheiro.com.br\/site\/apos-moradores-reclamarem-e-se-mobilizarem-prefeitura-de-palmas-decide-interromper-obras-de-abrigo-de-animais-na-604-norte\/\"]}]},{\"@type\":\"ImageObject\",\"inLanguage\":\"pt-BR\",\"@id\":\"https:\/\/cleitonpinheiro.com.br\/site\/apos-moradores-reclamarem-e-se-mobilizarem-prefeitura-de-palmas-decide-interromper-obras-de-abrigo-de-animais-na-604-norte\/#primaryimage\",\"url\":\"https:\/\/cleitonpinheiro.com.br\/site\/wp-content\/uploads\/2026\/04\/WhatsApp-Image-2026-04-27-at-14.05.53.jpeg\",\"contentUrl\":\"https:\/\/cleitonpinheiro.com.br\/site\/wp-content\/uploads\/2026\/04\/WhatsApp-Image-2026-04-27-at-14.05.53.jpeg\",\"width\":590,\"height\":492},{\"@type\":\"BreadcrumbList\",\"@id\":\"https:\/\/cleitonpinheiro.com.br\/site\/apos-moradores-reclamarem-e-se-mobilizarem-prefeitura-de-palmas-decide-interromper-obras-de-abrigo-de-animais-na-604-norte\/#breadcrumb\",\"itemListElement\":[{\"@type\":\"ListItem\",\"position\":1,\"name\":\"In\u00edcio\",\"item\":\"https:\/\/cleitonpinheiro.com.br\/site\/\"},{\"@type\":\"ListItem\",\"position\":2,\"name\":\"Ap\u00f3s moradores reclamarem e se mobilizarem, Prefeitura de Palmas decide interromper obras de Abrigo de Animais, na 604 Norte\"}]},{\"@type\":\"WebSite\",\"@id\":\"https:\/\/cleitonpinheiro.com.br\/site\/#website\",\"url\":\"https:\/\/cleitonpinheiro.com.br\/site\/\",\"name\":\"PORTAL DE NOT\u00cdCIAS CLEITON PINHEIRO\",\"description\":\"FALANDO A VERDADE\",\"publisher\":{\"@id\":\"https:\/\/cleitonpinheiro.com.br\/site\/#organization\"},\"potentialAction\":[{\"@type\":\"SearchAction\",\"target\":{\"@type\":\"EntryPoint\",\"urlTemplate\":\"https:\/\/cleitonpinheiro.com.br\/site\/?s={search_term_string}\"},\"query-input\":{\"@type\":\"PropertyValueSpecification\",\"valueRequired\":true,\"valueName\":\"search_term_string\"}}],\"inLanguage\":\"pt-BR\"},{\"@type\":\"Organization\",\"@id\":\"https:\/\/cleitonpinheiro.com.br\/site\/#organization\",\"name\":\"CPNOT\u00cdCIAS\",\"url\":\"https:\/\/cleitonpinheiro.com.br\/site\/\",\"logo\":{\"@type\":\"ImageObject\",\"inLanguage\":\"pt-BR\",\"@id\":\"https:\/\/cleitonpinheiro.com.br\/site\/#\/schema\/logo\/image\/\",\"url\":\"https:\/\/cleitonpinheiro.com.br\/site\/wp-content\/uploads\/2022\/08\/Logo-pequena-2.png\",\"contentUrl\":\"https:\/\/cleitonpinheiro.com.br\/site\/wp-content\/uploads\/2022\/08\/Logo-pequena-2.png\",\"width\":500,\"height\":500,\"caption\":\"CPNOT\u00cdCIAS\"},\"image\":{\"@id\":\"https:\/\/cleitonpinheiro.com.br\/site\/#\/schema\/logo\/image\/\"},\"sameAs\":[\"https:\/\/www.facebook.com\/portalcpnoticias\/\"]},{\"@type\":\"Person\",\"@id\":\"https:\/\/cleitonpinheiro.com.br\/site\/#\/schema\/person\/62fd4eb98fcc8bd3fc477aaff264af51\",\"name\":\"Cleiton Pinheiro\",\"image\":{\"@type\":\"ImageObject\",\"inLanguage\":\"pt-BR\",\"@id\":\"https:\/\/cleitonpinheiro.com.br\/site\/#\/schema\/person\/image\/\",\"url\":\"https:\/\/secure.gravatar.com\/avatar\/15642ec35b78fe5eed3cfa8e4a3f3211d73a3df4f35f0566b4324958cba1b1b9?s=96&r=g\",\"contentUrl\":\"https:\/\/secure.gravatar.com\/avatar\/15642ec35b78fe5eed3cfa8e4a3f3211d73a3df4f35f0566b4324958cba1b1b9?s=96&r=g\",\"caption\":\"Cleiton Pinheiro\"},\"url\":\"https:\/\/cleitonpinheiro.com.br\/site\/author\/cleiton\/\"}]}<\/script>\n<!-- \/ Yoast SEO plugin. -->","yoast_head_json":{"title":"Ap\u00f3s moradores reclamarem e se mobilizarem, Prefeitura de Palmas decide interromper obras de Abrigo de Animais, na 604 Norte - PORTAL DE NOT\u00cdCIAS CLEITON PINHEIRO","robots":{"index":"index","follow":"follow","max-snippet":"max-snippet:-1","max-image-preview":"max-image-preview:large","max-video-preview":"max-video-preview:-1"},"canonical":"https:\/\/cleitonpinheiro.com.br\/site\/apos-moradores-reclamarem-e-se-mobilizarem-prefeitura-de-palmas-decide-interromper-obras-de-abrigo-de-animais-na-604-norte\/","og_locale":"pt_BR","og_type":"article","og_title":"Ap\u00f3s moradores reclamarem e se mobilizarem, Prefeitura de Palmas decide interromper obras de Abrigo de Animais, na 604 Norte - PORTAL DE NOT\u00cdCIAS CLEITON PINHEIRO","og_description":"Moradores da quadra 604 Norte (Arne 71) procuraram o Portal CP Not\u00edcias na tarde da \u00faltima segunda-feira, 27 de abril, para demonstrar insatisfa\u00e7\u00e3o com o andamento das obras da poss\u00edvel instala\u00e7\u00e3o de um Canil Municipal, da Prefeitura de Palmas. \u201cS\u00e3o os pr\u00f3prios trabalhadores do local que confirmaram que a estrutura \u00e9 para a instala\u00e7\u00e3o de [&hellip;]","og_url":"https:\/\/cleitonpinheiro.com.br\/site\/apos-moradores-reclamarem-e-se-mobilizarem-prefeitura-de-palmas-decide-interromper-obras-de-abrigo-de-animais-na-604-norte\/","og_site_name":"PORTAL DE NOT\u00cdCIAS CLEITON PINHEIRO","article_publisher":"https:\/\/www.facebook.com\/portalcpnoticias\/","article_published_time":"2026-04-28T12:16:35+00:00","article_modified_time":"2026-04-28T12:32:37+00:00","og_image":[{"width":590,"height":492,"url":"https:\/\/cleitonpinheiro.com.br\/site\/wp-content\/uploads\/2026\/04\/WhatsApp-Image-2026-04-27-at-14.05.53.jpeg","type":"image\/jpeg"}],"author":"Cleiton Pinheiro","twitter_card":"summary_large_image","twitter_misc":{"Escrito por":"Cleiton Pinheiro","Est. tempo de leitura":"3 minutos"},"schema":{"@context":"https:\/\/schema.org","@graph":[{"@type":"Article","@id":"https:\/\/cleitonpinheiro.com.br\/site\/apos-moradores-reclamarem-e-se-mobilizarem-prefeitura-de-palmas-decide-interromper-obras-de-abrigo-de-animais-na-604-norte\/#article","isPartOf":{"@id":"https:\/\/cleitonpinheiro.com.br\/site\/apos-moradores-reclamarem-e-se-mobilizarem-prefeitura-de-palmas-decide-interromper-obras-de-abrigo-de-animais-na-604-norte\/"},"author":{"name":"Cleiton Pinheiro","@id":"https:\/\/cleitonpinheiro.com.br\/site\/#\/schema\/person\/62fd4eb98fcc8bd3fc477aaff264af51"},"headline":"Ap\u00f3s moradores reclamarem e se mobilizarem, Prefeitura de Palmas decide interromper obras de Abrigo de Animais, na 604 Norte","datePublished":"2026-04-28T12:16:35+00:00","dateModified":"2026-04-28T12:32:37+00:00","mainEntityOfPage":{"@id":"https:\/\/cleitonpinheiro.com.br\/site\/apos-moradores-reclamarem-e-se-mobilizarem-prefeitura-de-palmas-decide-interromper-obras-de-abrigo-de-animais-na-604-norte\/"},"wordCount":486,"commentCount":0,"publisher":{"@id":"https:\/\/cleitonpinheiro.com.br\/site\/#organization"},"image":{"@id":"https:\/\/cleitonpinheiro.com.br\/site\/apos-moradores-reclamarem-e-se-mobilizarem-prefeitura-de-palmas-decide-interromper-obras-de-abrigo-de-animais-na-604-norte\/#primaryimage"},"thumbnailUrl":"https:\/\/cleitonpinheiro.com.br\/site\/wp-content\/uploads\/2026\/04\/WhatsApp-Image-2026-04-27-at-14.05.53.jpeg","keywords":["604 norte","abrigo municipal","canil","palmas"],"articleSection":["CIDADES","MANCHETE SEGUND\u00c1RIA"],"inLanguage":"pt-BR","potentialAction":[{"@type":"CommentAction","name":"Comment","target":["https:\/\/cleitonpinheiro.com.br\/site\/apos-moradores-reclamarem-e-se-mobilizarem-prefeitura-de-palmas-decide-interromper-obras-de-abrigo-de-animais-na-604-norte\/#respond"]}]},{"@type":"WebPage","@id":"https:\/\/cleitonpinheiro.com.br\/site\/apos-moradores-reclamarem-e-se-mobilizarem-prefeitura-de-palmas-decide-interromper-obras-de-abrigo-de-animais-na-604-norte\/","url":"https:\/\/cleitonpinheiro.com.br\/site\/apos-moradores-reclamarem-e-se-mobilizarem-prefeitura-de-palmas-decide-interromper-obras-de-abrigo-de-animais-na-604-norte\/","name":"Ap\u00f3s moradores reclamarem e se mobilizarem, Prefeitura de Palmas decide interromper obras de Abrigo de Animais, na 604 Norte - PORTAL DE NOT\u00cdCIAS CLEITON PINHEIRO","isPartOf":{"@id":"https:\/\/cleitonpinheiro.com.br\/site\/#website"},"primaryImageOfPage":{"@id":"https:\/\/cleitonpinheiro.com.br\/site\/apos-moradores-reclamarem-e-se-mobilizarem-prefeitura-de-palmas-decide-interromper-obras-de-abrigo-de-animais-na-604-norte\/#primaryimage"},"image":{"@id":"https:\/\/cleitonpinheiro.com.br\/site\/apos-moradores-reclamarem-e-se-mobilizarem-prefeitura-de-palmas-decide-interromper-obras-de-abrigo-de-animais-na-604-norte\/#primaryimage"},"thumbnailUrl":"https:\/\/cleitonpinheiro.com.br\/site\/wp-content\/uploads\/2026\/04\/WhatsApp-Image-2026-04-27-at-14.05.53.jpeg","datePublished":"2026-04-28T12:16:35+00:00","dateModified":"2026-04-28T12:32:37+00:00","breadcrumb":{"@id":"https:\/\/cleitonpinheiro.com.br\/site\/apos-moradores-reclamarem-e-se-mobilizarem-prefeitura-de-palmas-decide-interromper-obras-de-abrigo-de-animais-na-604-norte\/#breadcrumb"},"inLanguage":"pt-BR","potentialAction":[{"@type":"ReadAction","target":["https:\/\/cleitonpinheiro.com.br\/site\/apos-moradores-reclamarem-e-se-mobilizarem-prefeitura-de-palmas-decide-interromper-obras-de-abrigo-de-animais-na-604-norte\/"]}]},{"@type":"ImageObject","inLanguage":"pt-BR","@id":"https:\/\/cleitonpinheiro.com.br\/site\/apos-moradores-reclamarem-e-se-mobilizarem-prefeitura-de-palmas-decide-interromper-obras-de-abrigo-de-animais-na-604-norte\/#primaryimage","url":"https:\/\/cleitonpinheiro.com.br\/site\/wp-content\/uploads\/2026\/04\/WhatsApp-Image-2026-04-27-at-14.05.53.jpeg","contentUrl":"https:\/\/cleitonpinheiro.com.br\/site\/wp-content\/uploads\/2026\/04\/WhatsApp-Image-2026-04-27-at-14.05.53.jpeg","width":590,"height":492},{"@type":"BreadcrumbList","@id":"https:\/\/cleitonpinheiro.com.br\/site\/apos-moradores-reclamarem-e-se-mobilizarem-prefeitura-de-palmas-decide-interromper-obras-de-abrigo-de-animais-na-604-norte\/#breadcrumb","itemListElement":[{"@type":"ListItem","position":1,"name":"In\u00edcio","item":"https:\/\/cleitonpinheiro.com.br\/site\/"},{"@type":"ListItem","position":2,"name":"Ap\u00f3s moradores reclamarem e se mobilizarem, Prefeitura de Palmas decide interromper obras de Abrigo de Animais, na 604 Norte"}]},{"@type":"WebSite","@id":"https:\/\/cleitonpinheiro.com.br\/site\/#website","url":"https:\/\/cleitonpinheiro.com.br\/site\/","name":"PORTAL DE NOT\u00cdCIAS CLEITON PINHEIRO","description":"FALANDO A VERDADE","publisher":{"@id":"https:\/\/cleitonpinheiro.com.br\/site\/#organization"},"potentialAction":[{"@type":"SearchAction","target":{"@type":"EntryPoint","urlTemplate":"https:\/\/cleitonpinheiro.com.br\/site\/?s={search_term_string}"},"query-input":{"@type":"PropertyValueSpecification","valueRequired":true,"valueName":"search_term_string"}}],"inLanguage":"pt-BR"},{"@type":"Organization","@id":"https:\/\/cleitonpinheiro.com.br\/site\/#organization","name":"CPNOT\u00cdCIAS","url":"https:\/\/cleitonpinheiro.com.br\/site\/","logo":{"@type":"ImageObject","inLanguage":"pt-BR","@id":"https:\/\/cleitonpinheiro.com.br\/site\/#\/schema\/logo\/image\/","url":"https:\/\/cleitonpinheiro.com.br\/site\/wp-content\/uploads\/2022\/08\/Logo-pequena-2.png","contentUrl":"https:\/\/cleitonpinheiro.com.br\/site\/wp-content\/uploads\/2022\/08\/Logo-pequena-2.png","width":500,"height":500,"caption":"CPNOT\u00cdCIAS"},"image":{"@id":"https:\/\/cleitonpinheiro.com.br\/site\/#\/schema\/logo\/image\/"},"sameAs":["https:\/\/www.facebook.com\/portalcpnoticias\/"]},{"@type":"Person","@id":"https:\/\/cleitonpinheiro.com.br\/site\/#\/schema\/person\/62fd4eb98fcc8bd3fc477aaff264af51","name":"Cleiton Pinheiro","image":{"@type":"ImageObject","inLanguage":"pt-BR","@id":"https:\/\/cleitonpinheiro.com.br\/site\/#\/schema\/person\/image\/","url":"https:\/\/secure.gravatar.com\/avatar\/15642ec35b78fe5eed3cfa8e4a3f3211d73a3df4f35f0566b4324958cba1b1b9?s=96&r=g","contentUrl":"https:\/\/secure.gravatar.com\/avatar\/15642ec35b78fe5eed3cfa8e4a3f3211d73a3df4f35f0566b4324958cba1b1b9?s=96&r=g","caption":"Cleiton Pinheiro"},"url":"https:\/\/cleitonpinheiro.com.br\/site\/author\/cleiton\/"}]}},"views":33,"_links":{"self":[{"href":"https:\/\/cleitonpinheiro.com.br\/site\/wp-json\/wp\/v2\/posts\/88303","targetHints":{"allow":["GET"]}}],"collection":[{"href":"https:\/\/cleitonpinheiro.com.br\/site\/wp-json\/wp\/v2\/posts"}],"about":[{"href":"https:\/\/cleitonpinheiro.com.br\/site\/wp-json\/wp\/v2\/types\/post"}],"author":[{"embeddable":true,"href":"https:\/\/cleitonpinheiro.com.br\/site\/wp-json\/wp\/v2\/users\/10"}],"replies":[{"embeddable":true,"href":"https:\/\/cleitonpinheiro.com.br\/site\/wp-json\/wp\/v2\/comments?post=88303"}],"version-history":[{"count":12,"href":"https:\/\/cleitonpinheiro.com.br\/site\/wp-json\/wp\/v2\/posts\/88303\/revisions"}],"predecessor-version":[{"id":88318,"href":"https:\/\/cleitonpinheiro.com.br\/site\/wp-json\/wp\/v2\/posts\/88303\/revisions\/88318"}],"wp:featuredmedia":[{"embeddable":true,"href":"https:\/\/cleitonpinheiro.com.br\/site\/wp-json\/wp\/v2\/media\/88304"}],"wp:attachment":[{"href":"https:\/\/cleitonpinheiro.com.br\/site\/wp-json\/wp\/v2\/media?parent=88303"}],"wp:term":[{"taxonomy":"category","embeddable":true,"href":"https:\/\/cleitonpinheiro.com.br\/site\/wp-json\/wp\/v2\/categories?post=88303"},{"taxonomy":"post_tag","embeddable":true,"href":"https:\/\/cleitonpinheiro.com.br\/site\/wp-json\/wp\/v2\/tags?post=88303"}],"curies":[{"name":"wp","href":"https:\/\/api.w.org\/{rel}","templated":true}]}}