{"id":88326,"date":"2026-04-30T15:33:40","date_gmt":"2026-04-30T18:33:40","guid":{"rendered":"https:\/\/cleitonpinheiro.com.br\/site\/?p=88326"},"modified":"2026-04-30T15:33:44","modified_gmt":"2026-04-30T18:33:44","slug":"governo-do-to-celebra-dia-internacional-dos-trabalhadores-e-destaca-avancos-historicos","status":"publish","type":"post","link":"https:\/\/cleitonpinheiro.com.br\/site\/governo-do-to-celebra-dia-internacional-dos-trabalhadores-e-destaca-avancos-historicos\/","title":{"rendered":"Governo do TO celebra Dia Internacional dos Trabalhadores e destaca avan\u00e7os hist\u00f3ricos"},"content":{"rendered":"\n<figure class=\"wp-block-image size-large\"><img fetchpriority=\"high\" decoding=\"async\" width=\"1024\" height=\"585\" src=\"https:\/\/cleitonpinheiro.com.br\/site\/wp-content\/uploads\/2026\/04\/F1-Servicos-atendimento-Digital-Governo-do-Tocantins.-Foto-Joao-Di-Pietro-GovTO-1024x585.jpg\" alt=\"\" class=\"wp-image-88327\" srcset=\"https:\/\/cleitonpinheiro.com.br\/site\/wp-content\/uploads\/2026\/04\/F1-Servicos-atendimento-Digital-Governo-do-Tocantins.-Foto-Joao-Di-Pietro-GovTO-1024x585.jpg 1024w, https:\/\/cleitonpinheiro.com.br\/site\/wp-content\/uploads\/2026\/04\/F1-Servicos-atendimento-Digital-Governo-do-Tocantins.-Foto-Joao-Di-Pietro-GovTO-300x171.jpg 300w, https:\/\/cleitonpinheiro.com.br\/site\/wp-content\/uploads\/2026\/04\/F1-Servicos-atendimento-Digital-Governo-do-Tocantins.-Foto-Joao-Di-Pietro-GovTO-768x439.jpg 768w, https:\/\/cleitonpinheiro.com.br\/site\/wp-content\/uploads\/2026\/04\/F1-Servicos-atendimento-Digital-Governo-do-Tocantins.-Foto-Joao-Di-Pietro-GovTO-1536x877.jpg 1536w, https:\/\/cleitonpinheiro.com.br\/site\/wp-content\/uploads\/2026\/04\/F1-Servicos-atendimento-Digital-Governo-do-Tocantins.-Foto-Joao-Di-Pietro-GovTO.jpg 1600w\" sizes=\"(max-width: 1024px) 100vw, 1024px\" \/><figcaption class=\"wp-element-caption\">Foto: Jo\u00e3o Di Petro\/Governo do Tocantins<\/figcaption><\/figure>\n\n\n\n<p>Na semana do Dia do Trabalhador, celebrado em 1\u00ba de maio, o Governo do Tocantins destaca a consolida\u00e7\u00e3o, nos \u00faltimos seis anos, de uma pol\u00edtica estruturada de valoriza\u00e7\u00e3o dos servidores p\u00fablicos, marcada pela regulariza\u00e7\u00e3o de direitos hist\u00f3ricos, pela amplia\u00e7\u00e3o de benef\u00edcios e pela condu\u00e7\u00e3o do maior ciclo de concursos p\u00fablicos da hist\u00f3ria do estado. As a\u00e7\u00f5es refletem uma gest\u00e3o pautada na responsabilidade fiscal e no foco em resultados, com impacto direto na qualidade dos servi\u00e7os prestados \u00e0 popula\u00e7\u00e3o.<\/p>\n\n\n\n<p>Desde 2021, a gest\u00e3o estadual vem promovendo um avan\u00e7o consistente na organiza\u00e7\u00e3o administrativa e na garantia de direitos do funcionalismo. Ao longo do per\u00edodo, mais de 139 mil progress\u00f5es foram concedidas, com autoriza\u00e7\u00e3o, em abril de 2026, para o pagamento a outros 9 mil servidores aptos, totalizando cerca de 149 mil registros entre concess\u00f5es e autoriza\u00e7\u00f5es. Somente em 2025, mais de 7,7 mil progress\u00f5es funcionais foram publicadas.<br><br>O Governo do Tocantins alterou a Lei do Plano de Cargos, Carreiras e Remunera\u00e7\u00e3o (PCCR)&nbsp; do Quadro da Sa\u00fade do Poder Executivo e ampliou de 10.229 para 15.219 o n\u00famero de servidores da Secretaria de Estado da Sa\u00fade, para possibilitar a realiza\u00e7\u00e3o do concurso p\u00fablico.<\/p>\n\n\n\n<p>O governador Wanderlei Barbosa destaca que as medidas representam uma mudan\u00e7a concreta na rela\u00e7\u00e3o do Estado com o servidor p\u00fablico. \u201cValorizar o servidor \u00e9 reconhecer o papel de quem garante o funcionamento do Governo do Tocantins todos os dias. Trabalhamos com responsabilidade fiscal para assegurar direitos, organizar a gest\u00e3o e melhorar as condi\u00e7\u00f5es de trabalho, sempre com foco no atendimento \u00e0 popula\u00e7\u00e3o\u201d, afirma.<\/p>\n\n\n\n<p>Outro avan\u00e7o foi a garantia das datas-bases ao longo da atual gest\u00e3o, com recomposi\u00e7\u00e3o acumulada de 26,76%, al\u00e9m da organiza\u00e7\u00e3o da folha de pagamento, que trouxe mais previsibilidade e seguran\u00e7a financeira aos servidores.<\/p>\n\n\n\n<p>O secret\u00e1rio de Estado da Administra\u00e7\u00e3o, Paulo C\u00e9sar Benfica Filho, ressalta que os resultados s\u00e3o fruto de decis\u00f5es estruturadas e planejamento t\u00e9cnico. \u201cA orienta\u00e7\u00e3o do governador Wanderlei Barbosa \u00e9 garantir direitos, organizar passivos hist\u00f3ricos e ampliar pol\u00edticas que tenham impacto direto na vida do servidor. At\u00e9 dezembro deste ano, todas as progress\u00f5es e datas-bases estar\u00e3o em dia, fato que n\u00e3o acontecia h\u00e1 12 anos\u201d, enfatiza.<br><br><strong>Benef\u00edcios e impacto direto<\/strong><br><br>As pol\u00edticas de valoriza\u00e7\u00e3o avan\u00e7aram de forma concreta no cotidiano do servidor. O aux\u00edlio-alimenta\u00e7\u00e3o foi reajustado em 67% e subiu de R$ 300 para R$ 500, alcan\u00e7ando cerca de 20 mil profissionais. Tamb\u00e9m foram institu\u00eddas indeniza\u00e7\u00f5es de R$ 1 mil para categorias espec\u00edficas.<\/p>\n\n\n\n<p>O Clube de Benef\u00edcios foi ampliado e passou a contar com mais de 130 empresas parceiras em mais de 20 munic\u00edpios, fortalecendo o acesso a servi\u00e7os essenciais e ampliando o alcance das pol\u00edticas de apoio ao servidor.<br><br><strong>Sa\u00fade e qualidade de vida<\/strong><br><br>Na \u00e1rea da sa\u00fade, o &nbsp;Plano de Assist\u00eancia \u00e0 Sa\u00fade dos Servidores P\u00fablicos do Estado do Tocantins (Servir)atende mais de 86 mil benefici\u00e1rios, com rede superior a 400 prestadores credenciados e mais de 3 milh\u00f5es de procedimentos realizados em 2025.<\/p>\n\n\n\n<p>As a\u00e7\u00f5es de cuidado foram ampliadas com programas voltados \u00e0 sa\u00fade mental, \u00e0 preven\u00e7\u00e3o de doen\u00e7as e ao acompanhamento cont\u00ednuo dos servidores, fortalecendo as condi\u00e7\u00f5es de trabalho e o bem-estar no servi\u00e7o p\u00fablico.&nbsp;Nesse contexto, o Governo do Tocantins tamb\u00e9m tem avan\u00e7ado na promo\u00e7\u00e3o de um ambiente institucional mais seguro, com iniciativas de enfrentamento \u00e0 viol\u00eancia contra a mulher, incluindo campanhas educativas, orienta\u00e7\u00e3o aos servidores e estrutura\u00e7\u00e3o de fluxos de acolhimento e encaminhamento.<\/p>\n\n\n\n<p><strong>Capacita\u00e7\u00e3o e desenvolvimento<\/strong><\/p>\n\n\n\n<p>A pol\u00edtica de capacita\u00e7\u00e3o foi consolidada como eixo estrat\u00e9gico da gest\u00e3o. Mais de 122 mil certifica\u00e7\u00f5es foram emitidas entre 2021 e o primeiro trimestre de 2026, por meio da Escola de Governo. As a\u00e7\u00f5es incluem cursos, forma\u00e7\u00f5es continuadas e parcerias com institui\u00e7\u00f5es nacionais e internacionais, ampliando a qualifica\u00e7\u00e3o dos servidores e contribuindo diretamente para a melhoria dos servi\u00e7os p\u00fablicos.<\/p>\n\n\n\n<p><strong>Moderniza\u00e7\u00e3o e efici\u00eancia<\/strong><\/p>\n\n\n\n<p>A moderniza\u00e7\u00e3o administrativa avan\u00e7ou com a digitaliza\u00e7\u00e3o de processos e a amplia\u00e7\u00e3o dos servi\u00e7os p\u00fablicos digitais. Atualmente, o Estado disponibiliza mais de 700 servi\u00e7os on-line e alcan\u00e7ou o terceiro lugar no \u00cdndice de Oferta de Servi\u00e7os P\u00fablicos Digitais.&nbsp;Tamb\u00e9m foram investidos aproximadamente R$ 12 milh\u00f5es em infraestrutura tecnol\u00f3gica, com a aquisi\u00e7\u00e3o de 3 mil computadores, ampliando a capacidade operacional da gest\u00e3o p\u00fablica.<\/p>\n\n\n\n<p><strong>Maior ciclo de concursos da hist\u00f3ria<\/strong><\/p>\n\n\n\n<p>Como parte da estrat\u00e9gia de fortalecimento da estrutura p\u00fablica, o Governo do Tocantins conduz o maior ciclo de concursos j\u00e1 realizado no estado. Desde 2021, foram ofertadas mais de 12 mil vagas, com mais de 5,5 mil profissionais j\u00e1 convocados e outras mais de 7 mil vagas em andamento ou previstas para 2026.<\/p>\n\n\n\n<p>Na educa\u00e7\u00e3o, o concurso com 5.242 vagas encerrou um intervalo de mais de uma d\u00e9cada sem sele\u00e7\u00e3o, fortalecendo a rede estadual.&nbsp;Na seguran\u00e7a p\u00fablica, mil novos soldados da Pol\u00edcia Militar j\u00e1 foram incorporados, ampliando a presen\u00e7a das For\u00e7as de Seguran\u00e7a em todo o territ\u00f3rio e um novo concurso est\u00e1 em andamento com oferta de 660 vagas.<\/p>\n\n\n\n<p>Na \u00e1rea da sa\u00fade, est\u00e1 previsto concurso com 5.124 vagas distribu\u00eddas em 31 categorias profissionais. Tamb\u00e9m est\u00e3o em andamento os procedimentos para o concurso da Pol\u00edcia Civil, com 452 vagas, al\u00e9m da autoriza\u00e7\u00e3o para elabora\u00e7\u00e3o do edital da Secretaria de Estado da Fazenda (Sefaz), com previs\u00e3o de 200 vagas para auditor fiscal, refor\u00e7ando a estrutura administrativa e a capacidade de atua\u00e7\u00e3o do Estado.<\/p>\n\n\n\n<p>As a\u00e7\u00f5es consolidam um modelo de gest\u00e3o baseado em responsabilidade fiscal, valoriza\u00e7\u00e3o do servidor e amplia\u00e7\u00e3o da capacidade de atendimento do Estado, com reflexos diretos na qualidade dos servi\u00e7os prestados \u00e0 popula\u00e7\u00e3o tocantinense.<\/p>\n\n\n\n<p><strong>Leydiane Lima\/Governo do Tocantins<\/strong><\/p>\n","protected":false},"excerpt":{"rendered":"<p>Na semana do Dia do Trabalhador, celebrado em 1\u00ba de maio, o Governo do Tocantins destaca a consolida\u00e7\u00e3o, nos \u00faltimos seis anos, de uma pol\u00edtica estruturada de valoriza\u00e7\u00e3o dos servidores p\u00fablicos, marcada pela regulariza\u00e7\u00e3o de direitos hist\u00f3ricos, pela amplia\u00e7\u00e3o de benef\u00edcios e pela condu\u00e7\u00e3o do maior ciclo de concursos p\u00fablicos da hist\u00f3ria do estado. As [&hellip;]<\/p>\n","protected":false},"author":10,"featured_media":88327,"comment_status":"open","ping_status":"open","sticky":false,"template":"","format":"standard","meta":{"_acf_changed":false,"footnotes":""},"categories":[25,898,21],"tags":[],"class_list":["post-88326","post","type-post","status-publish","format-standard","has-post-thumbnail","hentry","category-funcionalismo","category-manchete-segundaria","category-todas-noticias"],"acf":[],"yoast_head":"<!-- This site is optimized with the Yoast SEO plugin v24.4 - https:\/\/yoast.com\/wordpress\/plugins\/seo\/ -->\n<title>Governo do TO celebra Dia Internacional dos Trabalhadores e destaca avan\u00e7os hist\u00f3ricos - PORTAL DE NOT\u00cdCIAS CLEITON PINHEIRO<\/title>\n<meta name=\"robots\" content=\"index, follow, max-snippet:-1, max-image-preview:large, max-video-preview:-1\" \/>\n<link rel=\"canonical\" href=\"https:\/\/cleitonpinheiro.com.br\/site\/governo-do-to-celebra-dia-internacional-dos-trabalhadores-e-destaca-avancos-historicos\/\" \/>\n<meta property=\"og:locale\" content=\"pt_BR\" \/>\n<meta property=\"og:type\" content=\"article\" \/>\n<meta property=\"og:title\" content=\"Governo do TO celebra Dia Internacional dos Trabalhadores e destaca avan\u00e7os hist\u00f3ricos - PORTAL DE NOT\u00cdCIAS CLEITON PINHEIRO\" \/>\n<meta property=\"og:description\" content=\"Na semana do Dia do Trabalhador, celebrado em 1\u00ba de maio, o Governo do Tocantins destaca a consolida\u00e7\u00e3o, nos \u00faltimos seis anos, de uma pol\u00edtica estruturada de valoriza\u00e7\u00e3o dos servidores p\u00fablicos, marcada pela regulariza\u00e7\u00e3o de direitos hist\u00f3ricos, pela amplia\u00e7\u00e3o de benef\u00edcios e pela condu\u00e7\u00e3o do maior ciclo de concursos p\u00fablicos da hist\u00f3ria do estado. As [&hellip;]\" \/>\n<meta property=\"og:url\" content=\"https:\/\/cleitonpinheiro.com.br\/site\/governo-do-to-celebra-dia-internacional-dos-trabalhadores-e-destaca-avancos-historicos\/\" \/>\n<meta property=\"og:site_name\" content=\"PORTAL DE NOT\u00cdCIAS CLEITON PINHEIRO\" \/>\n<meta property=\"article:publisher\" content=\"https:\/\/www.facebook.com\/portalcpnoticias\/\" \/>\n<meta property=\"article:published_time\" content=\"2026-04-30T18:33:40+00:00\" \/>\n<meta property=\"article:modified_time\" content=\"2026-04-30T18:33:44+00:00\" \/>\n<meta property=\"og:image\" content=\"https:\/\/cleitonpinheiro.com.br\/site\/wp-content\/uploads\/2026\/04\/F1-Servicos-atendimento-Digital-Governo-do-Tocantins.-Foto-Joao-Di-Pietro-GovTO.jpg\" \/>\n\t<meta property=\"og:image:width\" content=\"1600\" \/>\n\t<meta property=\"og:image:height\" content=\"914\" \/>\n\t<meta property=\"og:image:type\" content=\"image\/jpeg\" \/>\n<meta name=\"author\" content=\"Cleiton Pinheiro\" \/>\n<meta name=\"twitter:card\" content=\"summary_large_image\" \/>\n<meta name=\"twitter:label1\" content=\"Escrito por\" \/>\n\t<meta name=\"twitter:data1\" content=\"Cleiton Pinheiro\" \/>\n\t<meta name=\"twitter:label2\" content=\"Est. tempo de leitura\" \/>\n\t<meta name=\"twitter:data2\" content=\"6 minutos\" \/>\n<script type=\"application\/ld+json\" class=\"yoast-schema-graph\">{\"@context\":\"https:\/\/schema.org\",\"@graph\":[{\"@type\":\"Article\",\"@id\":\"https:\/\/cleitonpinheiro.com.br\/site\/governo-do-to-celebra-dia-internacional-dos-trabalhadores-e-destaca-avancos-historicos\/#article\",\"isPartOf\":{\"@id\":\"https:\/\/cleitonpinheiro.com.br\/site\/governo-do-to-celebra-dia-internacional-dos-trabalhadores-e-destaca-avancos-historicos\/\"},\"author\":{\"name\":\"Cleiton Pinheiro\",\"@id\":\"https:\/\/cleitonpinheiro.com.br\/site\/#\/schema\/person\/62fd4eb98fcc8bd3fc477aaff264af51\"},\"headline\":\"Governo do TO celebra Dia Internacional dos Trabalhadores e destaca avan\u00e7os hist\u00f3ricos\",\"datePublished\":\"2026-04-30T18:33:40+00:00\",\"dateModified\":\"2026-04-30T18:33:44+00:00\",\"mainEntityOfPage\":{\"@id\":\"https:\/\/cleitonpinheiro.com.br\/site\/governo-do-to-celebra-dia-internacional-dos-trabalhadores-e-destaca-avancos-historicos\/\"},\"wordCount\":1025,\"commentCount\":0,\"publisher\":{\"@id\":\"https:\/\/cleitonpinheiro.com.br\/site\/#organization\"},\"image\":{\"@id\":\"https:\/\/cleitonpinheiro.com.br\/site\/governo-do-to-celebra-dia-internacional-dos-trabalhadores-e-destaca-avancos-historicos\/#primaryimage\"},\"thumbnailUrl\":\"https:\/\/cleitonpinheiro.com.br\/site\/wp-content\/uploads\/2026\/04\/F1-Servicos-atendimento-Digital-Governo-do-Tocantins.-Foto-Joao-Di-Pietro-GovTO.jpg\",\"articleSection\":[\"FUNCIONALISMO\",\"MANCHETE SEGUND\u00c1RIA\",\"TODAS NOTICIAS\"],\"inLanguage\":\"pt-BR\",\"potentialAction\":[{\"@type\":\"CommentAction\",\"name\":\"Comment\",\"target\":[\"https:\/\/cleitonpinheiro.com.br\/site\/governo-do-to-celebra-dia-internacional-dos-trabalhadores-e-destaca-avancos-historicos\/#respond\"]}]},{\"@type\":\"WebPage\",\"@id\":\"https:\/\/cleitonpinheiro.com.br\/site\/governo-do-to-celebra-dia-internacional-dos-trabalhadores-e-destaca-avancos-historicos\/\",\"url\":\"https:\/\/cleitonpinheiro.com.br\/site\/governo-do-to-celebra-dia-internacional-dos-trabalhadores-e-destaca-avancos-historicos\/\",\"name\":\"Governo do TO celebra Dia Internacional dos Trabalhadores e destaca avan\u00e7os hist\u00f3ricos - PORTAL DE NOT\u00cdCIAS CLEITON PINHEIRO\",\"isPartOf\":{\"@id\":\"https:\/\/cleitonpinheiro.com.br\/site\/#website\"},\"primaryImageOfPage\":{\"@id\":\"https:\/\/cleitonpinheiro.com.br\/site\/governo-do-to-celebra-dia-internacional-dos-trabalhadores-e-destaca-avancos-historicos\/#primaryimage\"},\"image\":{\"@id\":\"https:\/\/cleitonpinheiro.com.br\/site\/governo-do-to-celebra-dia-internacional-dos-trabalhadores-e-destaca-avancos-historicos\/#primaryimage\"},\"thumbnailUrl\":\"https:\/\/cleitonpinheiro.com.br\/site\/wp-content\/uploads\/2026\/04\/F1-Servicos-atendimento-Digital-Governo-do-Tocantins.-Foto-Joao-Di-Pietro-GovTO.jpg\",\"datePublished\":\"2026-04-30T18:33:40+00:00\",\"dateModified\":\"2026-04-30T18:33:44+00:00\",\"breadcrumb\":{\"@id\":\"https:\/\/cleitonpinheiro.com.br\/site\/governo-do-to-celebra-dia-internacional-dos-trabalhadores-e-destaca-avancos-historicos\/#breadcrumb\"},\"inLanguage\":\"pt-BR\",\"potentialAction\":[{\"@type\":\"ReadAction\",\"target\":[\"https:\/\/cleitonpinheiro.com.br\/site\/governo-do-to-celebra-dia-internacional-dos-trabalhadores-e-destaca-avancos-historicos\/\"]}]},{\"@type\":\"ImageObject\",\"inLanguage\":\"pt-BR\",\"@id\":\"https:\/\/cleitonpinheiro.com.br\/site\/governo-do-to-celebra-dia-internacional-dos-trabalhadores-e-destaca-avancos-historicos\/#primaryimage\",\"url\":\"https:\/\/cleitonpinheiro.com.br\/site\/wp-content\/uploads\/2026\/04\/F1-Servicos-atendimento-Digital-Governo-do-Tocantins.-Foto-Joao-Di-Pietro-GovTO.jpg\",\"contentUrl\":\"https:\/\/cleitonpinheiro.com.br\/site\/wp-content\/uploads\/2026\/04\/F1-Servicos-atendimento-Digital-Governo-do-Tocantins.-Foto-Joao-Di-Pietro-GovTO.jpg\",\"width\":1600,\"height\":914,\"caption\":\"Foto: Jo\u00e3o Di Petro\/Governo do Tocantins\"},{\"@type\":\"BreadcrumbList\",\"@id\":\"https:\/\/cleitonpinheiro.com.br\/site\/governo-do-to-celebra-dia-internacional-dos-trabalhadores-e-destaca-avancos-historicos\/#breadcrumb\",\"itemListElement\":[{\"@type\":\"ListItem\",\"position\":1,\"name\":\"In\u00edcio\",\"item\":\"https:\/\/cleitonpinheiro.com.br\/site\/\"},{\"@type\":\"ListItem\",\"position\":2,\"name\":\"Governo do TO celebra Dia Internacional dos Trabalhadores e destaca avan\u00e7os hist\u00f3ricos\"}]},{\"@type\":\"WebSite\",\"@id\":\"https:\/\/cleitonpinheiro.com.br\/site\/#website\",\"url\":\"https:\/\/cleitonpinheiro.com.br\/site\/\",\"name\":\"PORTAL DE NOT\u00cdCIAS CLEITON PINHEIRO\",\"description\":\"FALANDO A VERDADE\",\"publisher\":{\"@id\":\"https:\/\/cleitonpinheiro.com.br\/site\/#organization\"},\"potentialAction\":[{\"@type\":\"SearchAction\",\"target\":{\"@type\":\"EntryPoint\",\"urlTemplate\":\"https:\/\/cleitonpinheiro.com.br\/site\/?s={search_term_string}\"},\"query-input\":{\"@type\":\"PropertyValueSpecification\",\"valueRequired\":true,\"valueName\":\"search_term_string\"}}],\"inLanguage\":\"pt-BR\"},{\"@type\":\"Organization\",\"@id\":\"https:\/\/cleitonpinheiro.com.br\/site\/#organization\",\"name\":\"CPNOT\u00cdCIAS\",\"url\":\"https:\/\/cleitonpinheiro.com.br\/site\/\",\"logo\":{\"@type\":\"ImageObject\",\"inLanguage\":\"pt-BR\",\"@id\":\"https:\/\/cleitonpinheiro.com.br\/site\/#\/schema\/logo\/image\/\",\"url\":\"https:\/\/cleitonpinheiro.com.br\/site\/wp-content\/uploads\/2022\/08\/Logo-pequena-2.png\",\"contentUrl\":\"https:\/\/cleitonpinheiro.com.br\/site\/wp-content\/uploads\/2022\/08\/Logo-pequena-2.png\",\"width\":500,\"height\":500,\"caption\":\"CPNOT\u00cdCIAS\"},\"image\":{\"@id\":\"https:\/\/cleitonpinheiro.com.br\/site\/#\/schema\/logo\/image\/\"},\"sameAs\":[\"https:\/\/www.facebook.com\/portalcpnoticias\/\"]},{\"@type\":\"Person\",\"@id\":\"https:\/\/cleitonpinheiro.com.br\/site\/#\/schema\/person\/62fd4eb98fcc8bd3fc477aaff264af51\",\"name\":\"Cleiton Pinheiro\",\"image\":{\"@type\":\"ImageObject\",\"inLanguage\":\"pt-BR\",\"@id\":\"https:\/\/cleitonpinheiro.com.br\/site\/#\/schema\/person\/image\/\",\"url\":\"https:\/\/secure.gravatar.com\/avatar\/15642ec35b78fe5eed3cfa8e4a3f3211d73a3df4f35f0566b4324958cba1b1b9?s=96&r=g\",\"contentUrl\":\"https:\/\/secure.gravatar.com\/avatar\/15642ec35b78fe5eed3cfa8e4a3f3211d73a3df4f35f0566b4324958cba1b1b9?s=96&r=g\",\"caption\":\"Cleiton Pinheiro\"},\"url\":\"https:\/\/cleitonpinheiro.com.br\/site\/author\/cleiton\/\"}]}<\/script>\n<!-- \/ Yoast SEO plugin. -->","yoast_head_json":{"title":"Governo do TO celebra Dia Internacional dos Trabalhadores e destaca avan\u00e7os hist\u00f3ricos - PORTAL DE NOT\u00cdCIAS CLEITON PINHEIRO","robots":{"index":"index","follow":"follow","max-snippet":"max-snippet:-1","max-image-preview":"max-image-preview:large","max-video-preview":"max-video-preview:-1"},"canonical":"https:\/\/cleitonpinheiro.com.br\/site\/governo-do-to-celebra-dia-internacional-dos-trabalhadores-e-destaca-avancos-historicos\/","og_locale":"pt_BR","og_type":"article","og_title":"Governo do TO celebra Dia Internacional dos Trabalhadores e destaca avan\u00e7os hist\u00f3ricos - PORTAL DE NOT\u00cdCIAS CLEITON PINHEIRO","og_description":"Na semana do Dia do Trabalhador, celebrado em 1\u00ba de maio, o Governo do Tocantins destaca a consolida\u00e7\u00e3o, nos \u00faltimos seis anos, de uma pol\u00edtica estruturada de valoriza\u00e7\u00e3o dos servidores p\u00fablicos, marcada pela regulariza\u00e7\u00e3o de direitos hist\u00f3ricos, pela amplia\u00e7\u00e3o de benef\u00edcios e pela condu\u00e7\u00e3o do maior ciclo de concursos p\u00fablicos da hist\u00f3ria do estado. As [&hellip;]","og_url":"https:\/\/cleitonpinheiro.com.br\/site\/governo-do-to-celebra-dia-internacional-dos-trabalhadores-e-destaca-avancos-historicos\/","og_site_name":"PORTAL DE NOT\u00cdCIAS CLEITON PINHEIRO","article_publisher":"https:\/\/www.facebook.com\/portalcpnoticias\/","article_published_time":"2026-04-30T18:33:40+00:00","article_modified_time":"2026-04-30T18:33:44+00:00","og_image":[{"width":1600,"height":914,"url":"https:\/\/cleitonpinheiro.com.br\/site\/wp-content\/uploads\/2026\/04\/F1-Servicos-atendimento-Digital-Governo-do-Tocantins.-Foto-Joao-Di-Pietro-GovTO.jpg","type":"image\/jpeg"}],"author":"Cleiton Pinheiro","twitter_card":"summary_large_image","twitter_misc":{"Escrito por":"Cleiton Pinheiro","Est. tempo de leitura":"6 minutos"},"schema":{"@context":"https:\/\/schema.org","@graph":[{"@type":"Article","@id":"https:\/\/cleitonpinheiro.com.br\/site\/governo-do-to-celebra-dia-internacional-dos-trabalhadores-e-destaca-avancos-historicos\/#article","isPartOf":{"@id":"https:\/\/cleitonpinheiro.com.br\/site\/governo-do-to-celebra-dia-internacional-dos-trabalhadores-e-destaca-avancos-historicos\/"},"author":{"name":"Cleiton Pinheiro","@id":"https:\/\/cleitonpinheiro.com.br\/site\/#\/schema\/person\/62fd4eb98fcc8bd3fc477aaff264af51"},"headline":"Governo do TO celebra Dia Internacional dos Trabalhadores e destaca avan\u00e7os hist\u00f3ricos","datePublished":"2026-04-30T18:33:40+00:00","dateModified":"2026-04-30T18:33:44+00:00","mainEntityOfPage":{"@id":"https:\/\/cleitonpinheiro.com.br\/site\/governo-do-to-celebra-dia-internacional-dos-trabalhadores-e-destaca-avancos-historicos\/"},"wordCount":1025,"commentCount":0,"publisher":{"@id":"https:\/\/cleitonpinheiro.com.br\/site\/#organization"},"image":{"@id":"https:\/\/cleitonpinheiro.com.br\/site\/governo-do-to-celebra-dia-internacional-dos-trabalhadores-e-destaca-avancos-historicos\/#primaryimage"},"thumbnailUrl":"https:\/\/cleitonpinheiro.com.br\/site\/wp-content\/uploads\/2026\/04\/F1-Servicos-atendimento-Digital-Governo-do-Tocantins.-Foto-Joao-Di-Pietro-GovTO.jpg","articleSection":["FUNCIONALISMO","MANCHETE SEGUND\u00c1RIA","TODAS NOTICIAS"],"inLanguage":"pt-BR","potentialAction":[{"@type":"CommentAction","name":"Comment","target":["https:\/\/cleitonpinheiro.com.br\/site\/governo-do-to-celebra-dia-internacional-dos-trabalhadores-e-destaca-avancos-historicos\/#respond"]}]},{"@type":"WebPage","@id":"https:\/\/cleitonpinheiro.com.br\/site\/governo-do-to-celebra-dia-internacional-dos-trabalhadores-e-destaca-avancos-historicos\/","url":"https:\/\/cleitonpinheiro.com.br\/site\/governo-do-to-celebra-dia-internacional-dos-trabalhadores-e-destaca-avancos-historicos\/","name":"Governo do TO celebra Dia Internacional dos Trabalhadores e destaca avan\u00e7os hist\u00f3ricos - PORTAL DE NOT\u00cdCIAS CLEITON PINHEIRO","isPartOf":{"@id":"https:\/\/cleitonpinheiro.com.br\/site\/#website"},"primaryImageOfPage":{"@id":"https:\/\/cleitonpinheiro.com.br\/site\/governo-do-to-celebra-dia-internacional-dos-trabalhadores-e-destaca-avancos-historicos\/#primaryimage"},"image":{"@id":"https:\/\/cleitonpinheiro.com.br\/site\/governo-do-to-celebra-dia-internacional-dos-trabalhadores-e-destaca-avancos-historicos\/#primaryimage"},"thumbnailUrl":"https:\/\/cleitonpinheiro.com.br\/site\/wp-content\/uploads\/2026\/04\/F1-Servicos-atendimento-Digital-Governo-do-Tocantins.-Foto-Joao-Di-Pietro-GovTO.jpg","datePublished":"2026-04-30T18:33:40+00:00","dateModified":"2026-04-30T18:33:44+00:00","breadcrumb":{"@id":"https:\/\/cleitonpinheiro.com.br\/site\/governo-do-to-celebra-dia-internacional-dos-trabalhadores-e-destaca-avancos-historicos\/#breadcrumb"},"inLanguage":"pt-BR","potentialAction":[{"@type":"ReadAction","target":["https:\/\/cleitonpinheiro.com.br\/site\/governo-do-to-celebra-dia-internacional-dos-trabalhadores-e-destaca-avancos-historicos\/"]}]},{"@type":"ImageObject","inLanguage":"pt-BR","@id":"https:\/\/cleitonpinheiro.com.br\/site\/governo-do-to-celebra-dia-internacional-dos-trabalhadores-e-destaca-avancos-historicos\/#primaryimage","url":"https:\/\/cleitonpinheiro.com.br\/site\/wp-content\/uploads\/2026\/04\/F1-Servicos-atendimento-Digital-Governo-do-Tocantins.-Foto-Joao-Di-Pietro-GovTO.jpg","contentUrl":"https:\/\/cleitonpinheiro.com.br\/site\/wp-content\/uploads\/2026\/04\/F1-Servicos-atendimento-Digital-Governo-do-Tocantins.-Foto-Joao-Di-Pietro-GovTO.jpg","width":1600,"height":914,"caption":"Foto: Jo\u00e3o Di Petro\/Governo do Tocantins"},{"@type":"BreadcrumbList","@id":"https:\/\/cleitonpinheiro.com.br\/site\/governo-do-to-celebra-dia-internacional-dos-trabalhadores-e-destaca-avancos-historicos\/#breadcrumb","itemListElement":[{"@type":"ListItem","position":1,"name":"In\u00edcio","item":"https:\/\/cleitonpinheiro.com.br\/site\/"},{"@type":"ListItem","position":2,"name":"Governo do TO celebra Dia Internacional dos Trabalhadores e destaca avan\u00e7os hist\u00f3ricos"}]},{"@type":"WebSite","@id":"https:\/\/cleitonpinheiro.com.br\/site\/#website","url":"https:\/\/cleitonpinheiro.com.br\/site\/","name":"PORTAL DE NOT\u00cdCIAS CLEITON PINHEIRO","description":"FALANDO A VERDADE","publisher":{"@id":"https:\/\/cleitonpinheiro.com.br\/site\/#organization"},"potentialAction":[{"@type":"SearchAction","target":{"@type":"EntryPoint","urlTemplate":"https:\/\/cleitonpinheiro.com.br\/site\/?s={search_term_string}"},"query-input":{"@type":"PropertyValueSpecification","valueRequired":true,"valueName":"search_term_string"}}],"inLanguage":"pt-BR"},{"@type":"Organization","@id":"https:\/\/cleitonpinheiro.com.br\/site\/#organization","name":"CPNOT\u00cdCIAS","url":"https:\/\/cleitonpinheiro.com.br\/site\/","logo":{"@type":"ImageObject","inLanguage":"pt-BR","@id":"https:\/\/cleitonpinheiro.com.br\/site\/#\/schema\/logo\/image\/","url":"https:\/\/cleitonpinheiro.com.br\/site\/wp-content\/uploads\/2022\/08\/Logo-pequena-2.png","contentUrl":"https:\/\/cleitonpinheiro.com.br\/site\/wp-content\/uploads\/2022\/08\/Logo-pequena-2.png","width":500,"height":500,"caption":"CPNOT\u00cdCIAS"},"image":{"@id":"https:\/\/cleitonpinheiro.com.br\/site\/#\/schema\/logo\/image\/"},"sameAs":["https:\/\/www.facebook.com\/portalcpnoticias\/"]},{"@type":"Person","@id":"https:\/\/cleitonpinheiro.com.br\/site\/#\/schema\/person\/62fd4eb98fcc8bd3fc477aaff264af51","name":"Cleiton Pinheiro","image":{"@type":"ImageObject","inLanguage":"pt-BR","@id":"https:\/\/cleitonpinheiro.com.br\/site\/#\/schema\/person\/image\/","url":"https:\/\/secure.gravatar.com\/avatar\/15642ec35b78fe5eed3cfa8e4a3f3211d73a3df4f35f0566b4324958cba1b1b9?s=96&r=g","contentUrl":"https:\/\/secure.gravatar.com\/avatar\/15642ec35b78fe5eed3cfa8e4a3f3211d73a3df4f35f0566b4324958cba1b1b9?s=96&r=g","caption":"Cleiton Pinheiro"},"url":"https:\/\/cleitonpinheiro.com.br\/site\/author\/cleiton\/"}]}},"views":18,"_links":{"self":[{"href":"https:\/\/cleitonpinheiro.com.br\/site\/wp-json\/wp\/v2\/posts\/88326","targetHints":{"allow":["GET"]}}],"collection":[{"href":"https:\/\/cleitonpinheiro.com.br\/site\/wp-json\/wp\/v2\/posts"}],"about":[{"href":"https:\/\/cleitonpinheiro.com.br\/site\/wp-json\/wp\/v2\/types\/post"}],"author":[{"embeddable":true,"href":"https:\/\/cleitonpinheiro.com.br\/site\/wp-json\/wp\/v2\/users\/10"}],"replies":[{"embeddable":true,"href":"https:\/\/cleitonpinheiro.com.br\/site\/wp-json\/wp\/v2\/comments?post=88326"}],"version-history":[{"count":1,"href":"https:\/\/cleitonpinheiro.com.br\/site\/wp-json\/wp\/v2\/posts\/88326\/revisions"}],"predecessor-version":[{"id":88328,"href":"https:\/\/cleitonpinheiro.com.br\/site\/wp-json\/wp\/v2\/posts\/88326\/revisions\/88328"}],"wp:featuredmedia":[{"embeddable":true,"href":"https:\/\/cleitonpinheiro.com.br\/site\/wp-json\/wp\/v2\/media\/88327"}],"wp:attachment":[{"href":"https:\/\/cleitonpinheiro.com.br\/site\/wp-json\/wp\/v2\/media?parent=88326"}],"wp:term":[{"taxonomy":"category","embeddable":true,"href":"https:\/\/cleitonpinheiro.com.br\/site\/wp-json\/wp\/v2\/categories?post=88326"},{"taxonomy":"post_tag","embeddable":true,"href":"https:\/\/cleitonpinheiro.com.br\/site\/wp-json\/wp\/v2\/tags?post=88326"}],"curies":[{"name":"wp","href":"https:\/\/api.w.org\/{rel}","templated":true}]}}