{"id":89055,"date":"2026-08-14T14:01:42","date_gmt":"2026-08-14T17:01:42","guid":{"rendered":"https:\/\/cleitonpinheiro.com.br\/site\/?p=89055"},"modified":"2026-08-20T14:04:12","modified_gmt":"2026-08-20T17:04:12","slug":"palmas-cartorio-eleitoral-tera-atendimento-neste-sabado-e-domingo-para-solicitacao-de-voto-em-transito","status":"publish","type":"post","link":"https:\/\/cleitonpinheiro.com.br\/site\/palmas-cartorio-eleitoral-tera-atendimento-neste-sabado-e-domingo-para-solicitacao-de-voto-em-transito\/","title":{"rendered":"Palmas: Cart\u00f3rio Eleitoral ter\u00e1 atendimento neste s\u00e1bado e domingo para solicita\u00e7\u00e3o de voto em tr\u00e2nsito"},"content":{"rendered":"\n<figure class=\"wp-block-image size-large\"><img fetchpriority=\"high\" decoding=\"async\" width=\"1024\" height=\"541\" src=\"https:\/\/cleitonpinheiro.com.br\/site\/wp-content\/uploads\/2026\/08\/unnamed-3-1024x541.png\" alt=\"\" class=\"wp-image-89056\" srcset=\"https:\/\/cleitonpinheiro.com.br\/site\/wp-content\/uploads\/2026\/08\/unnamed-3-1024x541.png 1024w, https:\/\/cleitonpinheiro.com.br\/site\/wp-content\/uploads\/2026\/08\/unnamed-3-300x159.png 300w, https:\/\/cleitonpinheiro.com.br\/site\/wp-content\/uploads\/2026\/08\/unnamed-3-768x406.png 768w, https:\/\/cleitonpinheiro.com.br\/site\/wp-content\/uploads\/2026\/08\/unnamed-3-1536x812.png 1536w, https:\/\/cleitonpinheiro.com.br\/site\/wp-content\/uploads\/2026\/08\/unnamed-3.png 1600w\" sizes=\"(max-width: 1024px) 100vw, 1024px\" \/><\/figure>\n\n\n\n<p class=\"wp-block-paragraph\">Eleitoras, eleitores, mes\u00e1rios e auxiliares de Palmas contar\u00e3o com atendimento especial neste s\u00e1bado e domingo, 15 e 16, para solicita\u00e7\u00e3o de voto em tr\u00e2nsito ou Transfer\u00eancia Tempor\u00e1ria de Eleitor (TTE). O per\u00edodo para solicitar ambas as modalidades encerra na pr\u00f3xima quinta-feira, 20, e com a proximidade do fim do prazo, a 29\u00aa Zona Eleitoral da capital realiza o plant\u00e3o de fim de semana, das 14h \u00e0s 19h.<\/p>\n\n\n\n<p class=\"wp-block-paragraph\">O atendimento \u00e9 exclusivo para os servi\u00e7os de voto em tr\u00e2nsito e TTE. A Central de Atendimento Virtual ao Eleitor (Cave) tamb\u00e9m estar\u00e1 dispon\u00edvel para tirar d\u00favidas, das 9h \u00e0s 19h, por meio do WhatsApp 0800 6486 800.<\/p>\n\n\n\n<p class=\"wp-block-paragraph\">Com o plant\u00e3o, a Justi\u00e7a Eleitoral do Tocantins busca garantir o atendimento \u00e1gil aos cidad\u00e3os que estar\u00e3o fora de seu domic\u00edlio eleitoral no dia da vota\u00e7\u00e3o e aos mes\u00e1rios que atuar\u00e3o em se\u00e7\u00e3o eleitoral diferente daquela \u00e0 qual pertencem.<\/p>\n\n\n\n<p class=\"wp-block-paragraph\"><strong>Voto em tr\u00e2nsito<\/strong><\/p>\n\n\n\n<p class=\"wp-block-paragraph\">O voto em tr\u00e2nsito \u00e9 destinado para quem estar\u00e1 fora do munic\u00edpio do domic\u00edlio eleitoral, mas permanecer\u00e1 em territ\u00f3rio nacional no dia da vota\u00e7\u00e3o. No Tocantins, a modalidade estar\u00e1 dispon\u00edvel apenas em Palmas e Aragua\u00edna, munic\u00edpios que possuem mais de 100 mil eleitores, conforme as regras estabelecidas pelo Tribunal Superior Eleitoral (TSE).<\/p>\n\n\n\n<p class=\"wp-block-paragraph\">Por exemplo, uma pessoa com domic\u00edlio eleitoral em Porto Nacional que saiba que estar\u00e1 em Palmas no dia da elei\u00e7\u00e3o poder\u00e1 solicitar o voto em tr\u00e2nsito e votar normalmente na capital. Como Porto Nacional e Palmas pertencem ao mesmo estado, ser\u00e1 poss\u00edvel votar em todos os cargos em disputa.<\/p>\n\n\n\n<p class=\"wp-block-paragraph\">J\u00e1 quem estiver em outro estado poder\u00e1 votar apenas para presidente da Rep\u00fablica, j\u00e1 que esse \u00e9 o \u00fanico cargo em disputa comum em todo o pa\u00eds. Eleitoras e eleitores inscritos no exterior que estiverem em tr\u00e2nsito no Brasil tamb\u00e9m poder\u00e3o votar para presidente, desde que solicitem a habilita\u00e7\u00e3o dentro do prazo.<\/p>\n\n\n\n<p class=\"wp-block-paragraph\">No momento da solicita\u00e7\u00e3o, o eleitor deve informar o munic\u00edpio onde pretende votar e indicar se deseja apenas no 1\u00ba turno, apenas no 2\u00ba turno ou em ambos.<\/p>\n\n\n\n<p class=\"wp-block-paragraph\">Vale ressaltar que, se o eleitor estiver em uma cidade que n\u00e3o oferece a modalidade, n\u00e3o poder\u00e1 votar fora do munic\u00edpio onde est\u00e1 inscrito, devendo justificar a aus\u00eancia presencialmente ou por meio do aplicativo e-T\u00edtulo.<\/p>\n\n\n\n<p class=\"wp-block-paragraph\"><strong>Transfer\u00eancia Tempor\u00e1ria de Eleitor (TTE)<\/strong><\/p>\n\n\n\n<p class=\"wp-block-paragraph\">A legisla\u00e7\u00e3o eleitoral prev\u00ea a possibilidade de transfer\u00eancia tempor\u00e1ria do local de vota\u00e7\u00e3o para outros grupos de eleitores, incluindo mes\u00e1rios e auxiliares. A TTE \u00e9 um procedimento que permite \u00e0 eleitora ou ao eleitor votar, temporariamente, em uma se\u00e7\u00e3o eleitoral diferente daquela em que est\u00e1 originalmente cadastrado, sem alterar seu domic\u00edlio eleitoral.<\/p>\n\n\n\n<p class=\"wp-block-paragraph\"><strong>No dia da vota\u00e7\u00e3o<\/strong><\/p>\n\n\n\n<p class=\"wp-block-paragraph\">Em ambos os tipos de modalidade tempor\u00e1ria, o eleitor estar\u00e1 desabilitado para votar em sua se\u00e7\u00e3o de origem e habilitado na se\u00e7\u00e3o do local indicado no momento da solicita\u00e7\u00e3o.<\/p>\n\n\n\n<p class=\"wp-block-paragraph\">Texto: Lanne Hadassa (Ascom\/TRE-TO)<\/p>\n","protected":false},"excerpt":{"rendered":"<p>Eleitoras, eleitores, mes\u00e1rios e auxiliares de Palmas contar\u00e3o com atendimento especial neste s\u00e1bado e domingo, 15 e 16, para solicita\u00e7\u00e3o de voto em tr\u00e2nsito ou Transfer\u00eancia Tempor\u00e1ria de Eleitor (TTE). O per\u00edodo para solicitar ambas as modalidades encerra na pr\u00f3xima quinta-feira, 20, e com a proximidade do fim do prazo, a 29\u00aa Zona Eleitoral da [&hellip;]<\/p>\n","protected":false},"author":10,"featured_media":89056,"comment_status":"open","ping_status":"open","sticky":false,"template":"","format":"standard","meta":{"_acf_changed":false,"footnotes":""},"categories":[20,23,21],"tags":[],"class_list":["post-89055","post","type-post","status-publish","format-standard","has-post-thumbnail","hentry","category-noticias-em-destaque","category-politica","category-todas-noticias"],"acf":[],"yoast_head":"<!-- This site is optimized with the Yoast SEO plugin v24.4 - https:\/\/yoast.com\/wordpress\/plugins\/seo\/ -->\n<title>Palmas: Cart\u00f3rio Eleitoral ter\u00e1 atendimento neste s\u00e1bado e domingo para solicita\u00e7\u00e3o de voto em tr\u00e2nsito - PORTAL DE NOT\u00cdCIAS CLEITON PINHEIRO<\/title>\n<meta name=\"robots\" content=\"index, follow, max-snippet:-1, max-image-preview:large, max-video-preview:-1\" \/>\n<link rel=\"canonical\" href=\"https:\/\/cleitonpinheiro.com.br\/site\/palmas-cartorio-eleitoral-tera-atendimento-neste-sabado-e-domingo-para-solicitacao-de-voto-em-transito\/\" \/>\n<meta property=\"og:locale\" content=\"pt_BR\" \/>\n<meta property=\"og:type\" content=\"article\" \/>\n<meta property=\"og:title\" content=\"Palmas: Cart\u00f3rio Eleitoral ter\u00e1 atendimento neste s\u00e1bado e domingo para solicita\u00e7\u00e3o de voto em tr\u00e2nsito - PORTAL DE NOT\u00cdCIAS CLEITON PINHEIRO\" \/>\n<meta property=\"og:description\" content=\"Eleitoras, eleitores, mes\u00e1rios e auxiliares de Palmas contar\u00e3o com atendimento especial neste s\u00e1bado e domingo, 15 e 16, para solicita\u00e7\u00e3o de voto em tr\u00e2nsito ou Transfer\u00eancia Tempor\u00e1ria de Eleitor (TTE). O per\u00edodo para solicitar ambas as modalidades encerra na pr\u00f3xima quinta-feira, 20, e com a proximidade do fim do prazo, a 29\u00aa Zona Eleitoral da [&hellip;]\" \/>\n<meta property=\"og:url\" content=\"https:\/\/cleitonpinheiro.com.br\/site\/palmas-cartorio-eleitoral-tera-atendimento-neste-sabado-e-domingo-para-solicitacao-de-voto-em-transito\/\" \/>\n<meta property=\"og:site_name\" content=\"PORTAL DE NOT\u00cdCIAS CLEITON PINHEIRO\" \/>\n<meta property=\"article:publisher\" content=\"https:\/\/www.facebook.com\/portalcpnoticias\/\" \/>\n<meta property=\"article:published_time\" content=\"2026-08-14T17:01:42+00:00\" \/>\n<meta property=\"article:modified_time\" content=\"2026-08-20T17:04:12+00:00\" \/>\n<meta property=\"og:image\" content=\"https:\/\/cleitonpinheiro.com.br\/site\/wp-content\/uploads\/2026\/08\/unnamed-3.png\" \/>\n\t<meta property=\"og:image:width\" content=\"1600\" \/>\n\t<meta property=\"og:image:height\" content=\"846\" \/>\n\t<meta property=\"og:image:type\" content=\"image\/png\" \/>\n<meta name=\"author\" content=\"Cleiton Pinheiro\" \/>\n<meta name=\"twitter:card\" content=\"summary_large_image\" \/>\n<meta name=\"twitter:label1\" content=\"Escrito por\" \/>\n\t<meta name=\"twitter:data1\" content=\"Cleiton Pinheiro\" \/>\n\t<meta name=\"twitter:label2\" content=\"Est. tempo de leitura\" \/>\n\t<meta name=\"twitter:data2\" content=\"3 minutos\" \/>\n<script type=\"application\/ld+json\" class=\"yoast-schema-graph\">{\"@context\":\"https:\/\/schema.org\",\"@graph\":[{\"@type\":\"Article\",\"@id\":\"https:\/\/cleitonpinheiro.com.br\/site\/palmas-cartorio-eleitoral-tera-atendimento-neste-sabado-e-domingo-para-solicitacao-de-voto-em-transito\/#article\",\"isPartOf\":{\"@id\":\"https:\/\/cleitonpinheiro.com.br\/site\/palmas-cartorio-eleitoral-tera-atendimento-neste-sabado-e-domingo-para-solicitacao-de-voto-em-transito\/\"},\"author\":{\"name\":\"Cleiton Pinheiro\",\"@id\":\"https:\/\/cleitonpinheiro.com.br\/site\/#\/schema\/person\/62fd4eb98fcc8bd3fc477aaff264af51\"},\"headline\":\"Palmas: Cart\u00f3rio Eleitoral ter\u00e1 atendimento neste s\u00e1bado e domingo para solicita\u00e7\u00e3o de voto em tr\u00e2nsito\",\"datePublished\":\"2026-08-14T17:01:42+00:00\",\"dateModified\":\"2026-08-20T17:04:12+00:00\",\"mainEntityOfPage\":{\"@id\":\"https:\/\/cleitonpinheiro.com.br\/site\/palmas-cartorio-eleitoral-tera-atendimento-neste-sabado-e-domingo-para-solicitacao-de-voto-em-transito\/\"},\"wordCount\":525,\"commentCount\":0,\"publisher\":{\"@id\":\"https:\/\/cleitonpinheiro.com.br\/site\/#organization\"},\"image\":{\"@id\":\"https:\/\/cleitonpinheiro.com.br\/site\/palmas-cartorio-eleitoral-tera-atendimento-neste-sabado-e-domingo-para-solicitacao-de-voto-em-transito\/#primaryimage\"},\"thumbnailUrl\":\"https:\/\/cleitonpinheiro.com.br\/site\/wp-content\/uploads\/2026\/08\/unnamed-3.png\",\"articleSection\":[\"NOT\u00cdCIAS EM DESTAQUE\",\"POL\u00cdTICA\",\"TODAS NOTICIAS\"],\"inLanguage\":\"pt-BR\",\"potentialAction\":[{\"@type\":\"CommentAction\",\"name\":\"Comment\",\"target\":[\"https:\/\/cleitonpinheiro.com.br\/site\/palmas-cartorio-eleitoral-tera-atendimento-neste-sabado-e-domingo-para-solicitacao-de-voto-em-transito\/#respond\"]}]},{\"@type\":\"WebPage\",\"@id\":\"https:\/\/cleitonpinheiro.com.br\/site\/palmas-cartorio-eleitoral-tera-atendimento-neste-sabado-e-domingo-para-solicitacao-de-voto-em-transito\/\",\"url\":\"https:\/\/cleitonpinheiro.com.br\/site\/palmas-cartorio-eleitoral-tera-atendimento-neste-sabado-e-domingo-para-solicitacao-de-voto-em-transito\/\",\"name\":\"Palmas: Cart\u00f3rio Eleitoral ter\u00e1 atendimento neste s\u00e1bado e domingo para solicita\u00e7\u00e3o de voto em tr\u00e2nsito - PORTAL DE NOT\u00cdCIAS CLEITON PINHEIRO\",\"isPartOf\":{\"@id\":\"https:\/\/cleitonpinheiro.com.br\/site\/#website\"},\"primaryImageOfPage\":{\"@id\":\"https:\/\/cleitonpinheiro.com.br\/site\/palmas-cartorio-eleitoral-tera-atendimento-neste-sabado-e-domingo-para-solicitacao-de-voto-em-transito\/#primaryimage\"},\"image\":{\"@id\":\"https:\/\/cleitonpinheiro.com.br\/site\/palmas-cartorio-eleitoral-tera-atendimento-neste-sabado-e-domingo-para-solicitacao-de-voto-em-transito\/#primaryimage\"},\"thumbnailUrl\":\"https:\/\/cleitonpinheiro.com.br\/site\/wp-content\/uploads\/2026\/08\/unnamed-3.png\",\"datePublished\":\"2026-08-14T17:01:42+00:00\",\"dateModified\":\"2026-08-20T17:04:12+00:00\",\"breadcrumb\":{\"@id\":\"https:\/\/cleitonpinheiro.com.br\/site\/palmas-cartorio-eleitoral-tera-atendimento-neste-sabado-e-domingo-para-solicitacao-de-voto-em-transito\/#breadcrumb\"},\"inLanguage\":\"pt-BR\",\"potentialAction\":[{\"@type\":\"ReadAction\",\"target\":[\"https:\/\/cleitonpinheiro.com.br\/site\/palmas-cartorio-eleitoral-tera-atendimento-neste-sabado-e-domingo-para-solicitacao-de-voto-em-transito\/\"]}]},{\"@type\":\"ImageObject\",\"inLanguage\":\"pt-BR\",\"@id\":\"https:\/\/cleitonpinheiro.com.br\/site\/palmas-cartorio-eleitoral-tera-atendimento-neste-sabado-e-domingo-para-solicitacao-de-voto-em-transito\/#primaryimage\",\"url\":\"https:\/\/cleitonpinheiro.com.br\/site\/wp-content\/uploads\/2026\/08\/unnamed-3.png\",\"contentUrl\":\"https:\/\/cleitonpinheiro.com.br\/site\/wp-content\/uploads\/2026\/08\/unnamed-3.png\",\"width\":1600,\"height\":846},{\"@type\":\"BreadcrumbList\",\"@id\":\"https:\/\/cleitonpinheiro.com.br\/site\/palmas-cartorio-eleitoral-tera-atendimento-neste-sabado-e-domingo-para-solicitacao-de-voto-em-transito\/#breadcrumb\",\"itemListElement\":[{\"@type\":\"ListItem\",\"position\":1,\"name\":\"In\u00edcio\",\"item\":\"https:\/\/cleitonpinheiro.com.br\/site\/\"},{\"@type\":\"ListItem\",\"position\":2,\"name\":\"Palmas: Cart\u00f3rio Eleitoral ter\u00e1 atendimento neste s\u00e1bado e domingo para solicita\u00e7\u00e3o de voto em tr\u00e2nsito\"}]},{\"@type\":\"WebSite\",\"@id\":\"https:\/\/cleitonpinheiro.com.br\/site\/#website\",\"url\":\"https:\/\/cleitonpinheiro.com.br\/site\/\",\"name\":\"PORTAL DE NOT\u00cdCIAS CLEITON PINHEIRO\",\"description\":\"FALANDO A VERDADE\",\"publisher\":{\"@id\":\"https:\/\/cleitonpinheiro.com.br\/site\/#organization\"},\"potentialAction\":[{\"@type\":\"SearchAction\",\"target\":{\"@type\":\"EntryPoint\",\"urlTemplate\":\"https:\/\/cleitonpinheiro.com.br\/site\/?s={search_term_string}\"},\"query-input\":{\"@type\":\"PropertyValueSpecification\",\"valueRequired\":true,\"valueName\":\"search_term_string\"}}],\"inLanguage\":\"pt-BR\"},{\"@type\":\"Organization\",\"@id\":\"https:\/\/cleitonpinheiro.com.br\/site\/#organization\",\"name\":\"CPNOT\u00cdCIAS\",\"url\":\"https:\/\/cleitonpinheiro.com.br\/site\/\",\"logo\":{\"@type\":\"ImageObject\",\"inLanguage\":\"pt-BR\",\"@id\":\"https:\/\/cleitonpinheiro.com.br\/site\/#\/schema\/logo\/image\/\",\"url\":\"https:\/\/cleitonpinheiro.com.br\/site\/wp-content\/uploads\/2022\/08\/Logo-pequena-2.png\",\"contentUrl\":\"https:\/\/cleitonpinheiro.com.br\/site\/wp-content\/uploads\/2022\/08\/Logo-pequena-2.png\",\"width\":500,\"height\":500,\"caption\":\"CPNOT\u00cdCIAS\"},\"image\":{\"@id\":\"https:\/\/cleitonpinheiro.com.br\/site\/#\/schema\/logo\/image\/\"},\"sameAs\":[\"https:\/\/www.facebook.com\/portalcpnoticias\/\"]},{\"@type\":\"Person\",\"@id\":\"https:\/\/cleitonpinheiro.com.br\/site\/#\/schema\/person\/62fd4eb98fcc8bd3fc477aaff264af51\",\"name\":\"Cleiton Pinheiro\",\"image\":{\"@type\":\"ImageObject\",\"inLanguage\":\"pt-BR\",\"@id\":\"https:\/\/cleitonpinheiro.com.br\/site\/#\/schema\/person\/image\/\",\"url\":\"https:\/\/secure.gravatar.com\/avatar\/15642ec35b78fe5eed3cfa8e4a3f3211d73a3df4f35f0566b4324958cba1b1b9?s=96&r=g\",\"contentUrl\":\"https:\/\/secure.gravatar.com\/avatar\/15642ec35b78fe5eed3cfa8e4a3f3211d73a3df4f35f0566b4324958cba1b1b9?s=96&r=g\",\"caption\":\"Cleiton Pinheiro\"},\"url\":\"https:\/\/cleitonpinheiro.com.br\/site\/author\/cleiton\/\"}]}<\/script>\n<!-- \/ Yoast SEO plugin. -->","yoast_head_json":{"title":"Palmas: Cart\u00f3rio Eleitoral ter\u00e1 atendimento neste s\u00e1bado e domingo para solicita\u00e7\u00e3o de voto em tr\u00e2nsito - PORTAL DE NOT\u00cdCIAS CLEITON PINHEIRO","robots":{"index":"index","follow":"follow","max-snippet":"max-snippet:-1","max-image-preview":"max-image-preview:large","max-video-preview":"max-video-preview:-1"},"canonical":"https:\/\/cleitonpinheiro.com.br\/site\/palmas-cartorio-eleitoral-tera-atendimento-neste-sabado-e-domingo-para-solicitacao-de-voto-em-transito\/","og_locale":"pt_BR","og_type":"article","og_title":"Palmas: Cart\u00f3rio Eleitoral ter\u00e1 atendimento neste s\u00e1bado e domingo para solicita\u00e7\u00e3o de voto em tr\u00e2nsito - PORTAL DE NOT\u00cdCIAS CLEITON PINHEIRO","og_description":"Eleitoras, eleitores, mes\u00e1rios e auxiliares de Palmas contar\u00e3o com atendimento especial neste s\u00e1bado e domingo, 15 e 16, para solicita\u00e7\u00e3o de voto em tr\u00e2nsito ou Transfer\u00eancia Tempor\u00e1ria de Eleitor (TTE). O per\u00edodo para solicitar ambas as modalidades encerra na pr\u00f3xima quinta-feira, 20, e com a proximidade do fim do prazo, a 29\u00aa Zona Eleitoral da [&hellip;]","og_url":"https:\/\/cleitonpinheiro.com.br\/site\/palmas-cartorio-eleitoral-tera-atendimento-neste-sabado-e-domingo-para-solicitacao-de-voto-em-transito\/","og_site_name":"PORTAL DE NOT\u00cdCIAS CLEITON PINHEIRO","article_publisher":"https:\/\/www.facebook.com\/portalcpnoticias\/","article_published_time":"2026-08-14T17:01:42+00:00","article_modified_time":"2026-08-20T17:04:12+00:00","og_image":[{"width":1600,"height":846,"url":"https:\/\/cleitonpinheiro.com.br\/site\/wp-content\/uploads\/2026\/08\/unnamed-3.png","type":"image\/png"}],"author":"Cleiton Pinheiro","twitter_card":"summary_large_image","twitter_misc":{"Escrito por":"Cleiton Pinheiro","Est. tempo de leitura":"3 minutos"},"schema":{"@context":"https:\/\/schema.org","@graph":[{"@type":"Article","@id":"https:\/\/cleitonpinheiro.com.br\/site\/palmas-cartorio-eleitoral-tera-atendimento-neste-sabado-e-domingo-para-solicitacao-de-voto-em-transito\/#article","isPartOf":{"@id":"https:\/\/cleitonpinheiro.com.br\/site\/palmas-cartorio-eleitoral-tera-atendimento-neste-sabado-e-domingo-para-solicitacao-de-voto-em-transito\/"},"author":{"name":"Cleiton Pinheiro","@id":"https:\/\/cleitonpinheiro.com.br\/site\/#\/schema\/person\/62fd4eb98fcc8bd3fc477aaff264af51"},"headline":"Palmas: Cart\u00f3rio Eleitoral ter\u00e1 atendimento neste s\u00e1bado e domingo para solicita\u00e7\u00e3o de voto em tr\u00e2nsito","datePublished":"2026-08-14T17:01:42+00:00","dateModified":"2026-08-20T17:04:12+00:00","mainEntityOfPage":{"@id":"https:\/\/cleitonpinheiro.com.br\/site\/palmas-cartorio-eleitoral-tera-atendimento-neste-sabado-e-domingo-para-solicitacao-de-voto-em-transito\/"},"wordCount":525,"commentCount":0,"publisher":{"@id":"https:\/\/cleitonpinheiro.com.br\/site\/#organization"},"image":{"@id":"https:\/\/cleitonpinheiro.com.br\/site\/palmas-cartorio-eleitoral-tera-atendimento-neste-sabado-e-domingo-para-solicitacao-de-voto-em-transito\/#primaryimage"},"thumbnailUrl":"https:\/\/cleitonpinheiro.com.br\/site\/wp-content\/uploads\/2026\/08\/unnamed-3.png","articleSection":["NOT\u00cdCIAS EM DESTAQUE","POL\u00cdTICA","TODAS NOTICIAS"],"inLanguage":"pt-BR","potentialAction":[{"@type":"CommentAction","name":"Comment","target":["https:\/\/cleitonpinheiro.com.br\/site\/palmas-cartorio-eleitoral-tera-atendimento-neste-sabado-e-domingo-para-solicitacao-de-voto-em-transito\/#respond"]}]},{"@type":"WebPage","@id":"https:\/\/cleitonpinheiro.com.br\/site\/palmas-cartorio-eleitoral-tera-atendimento-neste-sabado-e-domingo-para-solicitacao-de-voto-em-transito\/","url":"https:\/\/cleitonpinheiro.com.br\/site\/palmas-cartorio-eleitoral-tera-atendimento-neste-sabado-e-domingo-para-solicitacao-de-voto-em-transito\/","name":"Palmas: Cart\u00f3rio Eleitoral ter\u00e1 atendimento neste s\u00e1bado e domingo para solicita\u00e7\u00e3o de voto em tr\u00e2nsito - PORTAL DE NOT\u00cdCIAS CLEITON PINHEIRO","isPartOf":{"@id":"https:\/\/cleitonpinheiro.com.br\/site\/#website"},"primaryImageOfPage":{"@id":"https:\/\/cleitonpinheiro.com.br\/site\/palmas-cartorio-eleitoral-tera-atendimento-neste-sabado-e-domingo-para-solicitacao-de-voto-em-transito\/#primaryimage"},"image":{"@id":"https:\/\/cleitonpinheiro.com.br\/site\/palmas-cartorio-eleitoral-tera-atendimento-neste-sabado-e-domingo-para-solicitacao-de-voto-em-transito\/#primaryimage"},"thumbnailUrl":"https:\/\/cleitonpinheiro.com.br\/site\/wp-content\/uploads\/2026\/08\/unnamed-3.png","datePublished":"2026-08-14T17:01:42+00:00","dateModified":"2026-08-20T17:04:12+00:00","breadcrumb":{"@id":"https:\/\/cleitonpinheiro.com.br\/site\/palmas-cartorio-eleitoral-tera-atendimento-neste-sabado-e-domingo-para-solicitacao-de-voto-em-transito\/#breadcrumb"},"inLanguage":"pt-BR","potentialAction":[{"@type":"ReadAction","target":["https:\/\/cleitonpinheiro.com.br\/site\/palmas-cartorio-eleitoral-tera-atendimento-neste-sabado-e-domingo-para-solicitacao-de-voto-em-transito\/"]}]},{"@type":"ImageObject","inLanguage":"pt-BR","@id":"https:\/\/cleitonpinheiro.com.br\/site\/palmas-cartorio-eleitoral-tera-atendimento-neste-sabado-e-domingo-para-solicitacao-de-voto-em-transito\/#primaryimage","url":"https:\/\/cleitonpinheiro.com.br\/site\/wp-content\/uploads\/2026\/08\/unnamed-3.png","contentUrl":"https:\/\/cleitonpinheiro.com.br\/site\/wp-content\/uploads\/2026\/08\/unnamed-3.png","width":1600,"height":846},{"@type":"BreadcrumbList","@id":"https:\/\/cleitonpinheiro.com.br\/site\/palmas-cartorio-eleitoral-tera-atendimento-neste-sabado-e-domingo-para-solicitacao-de-voto-em-transito\/#breadcrumb","itemListElement":[{"@type":"ListItem","position":1,"name":"In\u00edcio","item":"https:\/\/cleitonpinheiro.com.br\/site\/"},{"@type":"ListItem","position":2,"name":"Palmas: Cart\u00f3rio Eleitoral ter\u00e1 atendimento neste s\u00e1bado e domingo para solicita\u00e7\u00e3o de voto em tr\u00e2nsito"}]},{"@type":"WebSite","@id":"https:\/\/cleitonpinheiro.com.br\/site\/#website","url":"https:\/\/cleitonpinheiro.com.br\/site\/","name":"PORTAL DE NOT\u00cdCIAS CLEITON PINHEIRO","description":"FALANDO A VERDADE","publisher":{"@id":"https:\/\/cleitonpinheiro.com.br\/site\/#organization"},"potentialAction":[{"@type":"SearchAction","target":{"@type":"EntryPoint","urlTemplate":"https:\/\/cleitonpinheiro.com.br\/site\/?s={search_term_string}"},"query-input":{"@type":"PropertyValueSpecification","valueRequired":true,"valueName":"search_term_string"}}],"inLanguage":"pt-BR"},{"@type":"Organization","@id":"https:\/\/cleitonpinheiro.com.br\/site\/#organization","name":"CPNOT\u00cdCIAS","url":"https:\/\/cleitonpinheiro.com.br\/site\/","logo":{"@type":"ImageObject","inLanguage":"pt-BR","@id":"https:\/\/cleitonpinheiro.com.br\/site\/#\/schema\/logo\/image\/","url":"https:\/\/cleitonpinheiro.com.br\/site\/wp-content\/uploads\/2022\/08\/Logo-pequena-2.png","contentUrl":"https:\/\/cleitonpinheiro.com.br\/site\/wp-content\/uploads\/2022\/08\/Logo-pequena-2.png","width":500,"height":500,"caption":"CPNOT\u00cdCIAS"},"image":{"@id":"https:\/\/cleitonpinheiro.com.br\/site\/#\/schema\/logo\/image\/"},"sameAs":["https:\/\/www.facebook.com\/portalcpnoticias\/"]},{"@type":"Person","@id":"https:\/\/cleitonpinheiro.com.br\/site\/#\/schema\/person\/62fd4eb98fcc8bd3fc477aaff264af51","name":"Cleiton Pinheiro","image":{"@type":"ImageObject","inLanguage":"pt-BR","@id":"https:\/\/cleitonpinheiro.com.br\/site\/#\/schema\/person\/image\/","url":"https:\/\/secure.gravatar.com\/avatar\/15642ec35b78fe5eed3cfa8e4a3f3211d73a3df4f35f0566b4324958cba1b1b9?s=96&r=g","contentUrl":"https:\/\/secure.gravatar.com\/avatar\/15642ec35b78fe5eed3cfa8e4a3f3211d73a3df4f35f0566b4324958cba1b1b9?s=96&r=g","caption":"Cleiton Pinheiro"},"url":"https:\/\/cleitonpinheiro.com.br\/site\/author\/cleiton\/"}]}},"views":23,"_links":{"self":[{"href":"https:\/\/cleitonpinheiro.com.br\/site\/wp-json\/wp\/v2\/posts\/89055","targetHints":{"allow":["GET"]}}],"collection":[{"href":"https:\/\/cleitonpinheiro.com.br\/site\/wp-json\/wp\/v2\/posts"}],"about":[{"href":"https:\/\/cleitonpinheiro.com.br\/site\/wp-json\/wp\/v2\/types\/post"}],"author":[{"embeddable":true,"href":"https:\/\/cleitonpinheiro.com.br\/site\/wp-json\/wp\/v2\/users\/10"}],"replies":[{"embeddable":true,"href":"https:\/\/cleitonpinheiro.com.br\/site\/wp-json\/wp\/v2\/comments?post=89055"}],"version-history":[{"count":1,"href":"https:\/\/cleitonpinheiro.com.br\/site\/wp-json\/wp\/v2\/posts\/89055\/revisions"}],"predecessor-version":[{"id":89057,"href":"https:\/\/cleitonpinheiro.com.br\/site\/wp-json\/wp\/v2\/posts\/89055\/revisions\/89057"}],"wp:featuredmedia":[{"embeddable":true,"href":"https:\/\/cleitonpinheiro.com.br\/site\/wp-json\/wp\/v2\/media\/89056"}],"wp:attachment":[{"href":"https:\/\/cleitonpinheiro.com.br\/site\/wp-json\/wp\/v2\/media?parent=89055"}],"wp:term":[{"taxonomy":"category","embeddable":true,"href":"https:\/\/cleitonpinheiro.com.br\/site\/wp-json\/wp\/v2\/categories?post=89055"},{"taxonomy":"post_tag","embeddable":true,"href":"https:\/\/cleitonpinheiro.com.br\/site\/wp-json\/wp\/v2\/tags?post=89055"}],"curies":[{"name":"wp","href":"https:\/\/api.w.org\/{rel}","templated":true}]}}