{"id":89117,"date":"2026-09-01T11:18:05","date_gmt":"2026-09-01T14:18:05","guid":{"rendered":"https:\/\/cleitonpinheiro.com.br\/site\/?p=89117"},"modified":"2026-09-01T14:00:45","modified_gmt":"2026-09-01T17:00:45","slug":"palavra-do-presidente-a-forca-do-voto-do-servidor-publico-nas-eleicoes-2026","status":"publish","type":"post","link":"https:\/\/cleitonpinheiro.com.br\/site\/palavra-do-presidente-a-forca-do-voto-do-servidor-publico-nas-eleicoes-2026\/","title":{"rendered":"AJUSP-TO: a for\u00e7a do voto do servidor p\u00fablico nas elei\u00e7\u00f5es 2026"},"content":{"rendered":"\n<figure class=\"wp-block-image aligncenter size-full\"><img fetchpriority=\"high\" decoding=\"async\" width=\"683\" height=\"425\" src=\"https:\/\/cleitonpinheiro.com.br\/site\/wp-content\/uploads\/2026\/09\/Cleiton-Pinheiro.jpg\" alt=\"\" class=\"wp-image-89118\" srcset=\"https:\/\/cleitonpinheiro.com.br\/site\/wp-content\/uploads\/2026\/09\/Cleiton-Pinheiro.jpg 683w, https:\/\/cleitonpinheiro.com.br\/site\/wp-content\/uploads\/2026\/09\/Cleiton-Pinheiro-300x187.jpg 300w\" sizes=\"(max-width: 683px) 100vw, 683px\" \/><\/figure>\n\n\n\n<p class=\"wp-block-paragraph\"><em>Por <strong>Cleiton Pinheiro<\/strong>, presidente da AJUSP-TO e pioneiro na defesa dos direitos dos servidores p\u00fablicos tocantinenses<\/em><\/p>\n\n\n\n<p class=\"wp-block-paragraph\">Come\u00e7ou o m\u00eas de setembro e daqui a poucos dias, acontecer\u00e1 o primeiro turno das elei\u00e7\u00f5es gerais, no Brasil. Em 2026, os brasileiros e brasileiras v\u00e3o eleger um Presidente, 27 Governadores estaduais, 513 Deputados federais, 54 das 81 vagas para senadores, 1.035 deputados estaduais e 24 vagas para deputado distrital. Como l\u00edder classista e defensor das reivindica\u00e7\u00f5es dos servidores p\u00fablicos h\u00e1 mais de 20 anos, refor\u00e7o que votar n\u00e3o \u00e9 apenas um direito c\u00edvico; \u00e9 tamb\u00e9m uma ferramenta direta de transforma\u00e7\u00e3o e valoriza\u00e7\u00e3o da nossa categoria. \u00c9 salutar, portanto, que n\u00f3s, servidores p\u00fablicos \u2013 a espinha dorsal de qualquer Estado \u2013 estejamos atentos e prontos a discutir o voto consciente.<\/p>\n\n\n\n<p class=\"wp-block-paragraph\">Nas elei\u00e7\u00f5es que se avizinham, \u00e9 indispens\u00e1vel ir al\u00e9m do discurso gen\u00e9rico. Precisamos analisar criticamente o hist\u00f3rico, as bandeiras de luta e as propostas de cada candidato, especialmente daqueles que poder\u00e3o ocupar os cargos do Executivo e Legislativo. Digo especialmente esses porque eles estar\u00e3o mais pr\u00f3ximos em nosso dia a dia, enquanto servidores p\u00fablicos estaduais. S\u00e3o eles que precisar\u00e3o dialogar e abrir mesas de negocia\u00e7\u00e3o com os l\u00edderes classistas quando for preciso votar as pautas que defendemos em \u00e2mbitos como a jornada de trabalho, data-base, progress\u00f5es, entre outros. Busque refletir sobre como ser\u00e1 a composi\u00e7\u00e3o da Assembleia Legislativa, pois \u00e9 o Deputado Estadual quem aprova leis, reajustes, or\u00e7amentos e eventuais reformas administrativas. N\u00e3o contribua para o desmonte daquilo que j\u00e1 foi conquistado.<\/p>\n\n\n\n<p class=\"wp-block-paragraph\">Ao avaliar as \u00faltimas d\u00e9cadas, posso afirmar que muitas coisas mudaram em nosso pa\u00eds e em nossos Estados. Houve avan\u00e7os, mas tamb\u00e9m retrocessos. No Tocantins, n\u00e3o h\u00e1 como n\u00e3o mencionar o reajuste de 25% e o pagamento do \u00edndice da data-base.&nbsp;Sobre o reajuste de 25%, cabe lembrar que, em 08 de fevereiro de 2023, a ADI 4013 transitou em julgado no Supremo Tribunal Federal (STF), e reconheceu como leg\u00edtimo o direito dos servidores p\u00fablicos do Quadro Geral e dos Profissionais da Sa\u00fade aos<strong>&nbsp;25%.<\/strong>&nbsp;Ocorre que, at\u00e9 o presente momento, o Governo do Tocantins n\u00e3o cumpriu a decis\u00e3o do STF e n\u00e3o implementou o direito aos 25% no contracheque do servidor p\u00fablico. Quanto \u00e0 data-base, \u00e9 importante destacar que h\u00e1 muito tempo, o servidor efetivo n\u00e3o tem a corre\u00e7\u00e3o das perdas inflacion\u00e1rias devidamente realizada em seu contracheque, pois, a aplica\u00e7\u00e3o do \u00edndice n\u00e3o tem sido feito de forma integral, ou seja, considerando todo o percentual acumulado no per\u00edodo.&nbsp;S\u00e3o tantas as situa\u00e7\u00f5es, que n\u00e3o d\u00e1 para o servidor votar desprovido de ampla reflex\u00e3o.<\/p>\n\n\n\n<p class=\"wp-block-paragraph\">\u00c9 preciso estar atento. Votar de forma consciente em 2026 \u00e9 assegurar que o servi\u00e7o p\u00fablico continue cumprindo o seu papel junto \u00e0 sociedade. Voc\u00ea precisar\u00e1 identificar AGORA os candidatos que enxergam o servidor p\u00fablico como investimento para a sociedade e os que tratam a nossa categoria apenas como um custo a ser cortado do Or\u00e7amento. Examine, converse, informe-se. N\u00e3o se deixe guiar por paix\u00f5es pol\u00edticas e exer\u00e7a seu direito de votar de forma l\u00facida. N\u00f3s, servidores p\u00fablicos efetivos, caso n\u00e3o compreendamos a for\u00e7a do nosso voto, teremos grandes problemas pela frente. Quando estiver diante da urna eletr\u00f4nica, pense tamb\u00e9m em sua categoria. Vote pela valoriza\u00e7\u00e3o e contra todo o desmonte e retrocesso.<\/p>\n","protected":false},"excerpt":{"rendered":"<p>Por Cleiton Pinheiro, presidente da AJUSP-TO e pioneiro na defesa dos direitos dos servidores p\u00fablicos tocantinenses Come\u00e7ou o m\u00eas de setembro e daqui a poucos dias, acontecer\u00e1 o primeiro turno das elei\u00e7\u00f5es gerais, no Brasil. Em 2026, os brasileiros e brasileiras v\u00e3o eleger um Presidente, 27 Governadores estaduais, 513 Deputados federais, 54 das 81 vagas [&hellip;]<\/p>\n","protected":false},"author":10,"featured_media":89118,"comment_status":"open","ping_status":"open","sticky":false,"template":"","format":"standard","meta":{"_acf_changed":false,"footnotes":""},"categories":[870,23,21],"tags":[],"class_list":["post-89117","post","type-post","status-publish","format-standard","has-post-thumbnail","hentry","category-manchete","category-politica","category-todas-noticias"],"acf":[],"yoast_head":"<!-- This site is optimized with the Yoast SEO plugin v24.4 - https:\/\/yoast.com\/wordpress\/plugins\/seo\/ -->\n<title>AJUSP-TO: a for\u00e7a do voto do servidor p\u00fablico nas elei\u00e7\u00f5es 2026 - PORTAL DE NOT\u00cdCIAS CLEITON PINHEIRO<\/title>\n<meta name=\"robots\" content=\"index, follow, max-snippet:-1, max-image-preview:large, max-video-preview:-1\" \/>\n<link rel=\"canonical\" href=\"https:\/\/cleitonpinheiro.com.br\/site\/palavra-do-presidente-a-forca-do-voto-do-servidor-publico-nas-eleicoes-2026\/\" \/>\n<meta property=\"og:locale\" content=\"pt_BR\" \/>\n<meta property=\"og:type\" content=\"article\" \/>\n<meta property=\"og:title\" content=\"AJUSP-TO: a for\u00e7a do voto do servidor p\u00fablico nas elei\u00e7\u00f5es 2026 - PORTAL DE NOT\u00cdCIAS CLEITON PINHEIRO\" \/>\n<meta property=\"og:description\" content=\"Por Cleiton Pinheiro, presidente da AJUSP-TO e pioneiro na defesa dos direitos dos servidores p\u00fablicos tocantinenses Come\u00e7ou o m\u00eas de setembro e daqui a poucos dias, acontecer\u00e1 o primeiro turno das elei\u00e7\u00f5es gerais, no Brasil. Em 2026, os brasileiros e brasileiras v\u00e3o eleger um Presidente, 27 Governadores estaduais, 513 Deputados federais, 54 das 81 vagas [&hellip;]\" \/>\n<meta property=\"og:url\" content=\"https:\/\/cleitonpinheiro.com.br\/site\/palavra-do-presidente-a-forca-do-voto-do-servidor-publico-nas-eleicoes-2026\/\" \/>\n<meta property=\"og:site_name\" content=\"PORTAL DE NOT\u00cdCIAS CLEITON PINHEIRO\" \/>\n<meta property=\"article:publisher\" content=\"https:\/\/www.facebook.com\/portalcpnoticias\/\" \/>\n<meta property=\"article:published_time\" content=\"2026-09-01T14:18:05+00:00\" \/>\n<meta property=\"article:modified_time\" content=\"2026-09-01T17:00:45+00:00\" \/>\n<meta property=\"og:image\" content=\"https:\/\/cleitonpinheiro.com.br\/site\/wp-content\/uploads\/2026\/09\/Cleiton-Pinheiro.jpg\" \/>\n\t<meta property=\"og:image:width\" content=\"683\" \/>\n\t<meta property=\"og:image:height\" content=\"425\" \/>\n\t<meta property=\"og:image:type\" content=\"image\/jpeg\" \/>\n<meta name=\"author\" content=\"Cleiton Pinheiro\" \/>\n<meta name=\"twitter:card\" content=\"summary_large_image\" \/>\n<meta name=\"twitter:label1\" content=\"Escrito por\" \/>\n\t<meta name=\"twitter:data1\" content=\"Cleiton Pinheiro\" \/>\n\t<meta name=\"twitter:label2\" content=\"Est. tempo de leitura\" \/>\n\t<meta name=\"twitter:data2\" content=\"4 minutos\" \/>\n<script type=\"application\/ld+json\" class=\"yoast-schema-graph\">{\"@context\":\"https:\/\/schema.org\",\"@graph\":[{\"@type\":\"Article\",\"@id\":\"https:\/\/cleitonpinheiro.com.br\/site\/palavra-do-presidente-a-forca-do-voto-do-servidor-publico-nas-eleicoes-2026\/#article\",\"isPartOf\":{\"@id\":\"https:\/\/cleitonpinheiro.com.br\/site\/palavra-do-presidente-a-forca-do-voto-do-servidor-publico-nas-eleicoes-2026\/\"},\"author\":{\"name\":\"Cleiton Pinheiro\",\"@id\":\"https:\/\/cleitonpinheiro.com.br\/site\/#\/schema\/person\/62fd4eb98fcc8bd3fc477aaff264af51\"},\"headline\":\"AJUSP-TO: a for\u00e7a do voto do servidor p\u00fablico nas elei\u00e7\u00f5es 2026\",\"datePublished\":\"2026-09-01T14:18:05+00:00\",\"dateModified\":\"2026-09-01T17:00:45+00:00\",\"mainEntityOfPage\":{\"@id\":\"https:\/\/cleitonpinheiro.com.br\/site\/palavra-do-presidente-a-forca-do-voto-do-servidor-publico-nas-eleicoes-2026\/\"},\"wordCount\":596,\"commentCount\":0,\"publisher\":{\"@id\":\"https:\/\/cleitonpinheiro.com.br\/site\/#organization\"},\"image\":{\"@id\":\"https:\/\/cleitonpinheiro.com.br\/site\/palavra-do-presidente-a-forca-do-voto-do-servidor-publico-nas-eleicoes-2026\/#primaryimage\"},\"thumbnailUrl\":\"https:\/\/cleitonpinheiro.com.br\/site\/wp-content\/uploads\/2026\/09\/Cleiton-Pinheiro.jpg\",\"articleSection\":[\"MANCHETE\",\"POL\u00cdTICA\",\"TODAS NOTICIAS\"],\"inLanguage\":\"pt-BR\",\"potentialAction\":[{\"@type\":\"CommentAction\",\"name\":\"Comment\",\"target\":[\"https:\/\/cleitonpinheiro.com.br\/site\/palavra-do-presidente-a-forca-do-voto-do-servidor-publico-nas-eleicoes-2026\/#respond\"]}]},{\"@type\":\"WebPage\",\"@id\":\"https:\/\/cleitonpinheiro.com.br\/site\/palavra-do-presidente-a-forca-do-voto-do-servidor-publico-nas-eleicoes-2026\/\",\"url\":\"https:\/\/cleitonpinheiro.com.br\/site\/palavra-do-presidente-a-forca-do-voto-do-servidor-publico-nas-eleicoes-2026\/\",\"name\":\"AJUSP-TO: a for\u00e7a do voto do servidor p\u00fablico nas elei\u00e7\u00f5es 2026 - PORTAL DE NOT\u00cdCIAS CLEITON PINHEIRO\",\"isPartOf\":{\"@id\":\"https:\/\/cleitonpinheiro.com.br\/site\/#website\"},\"primaryImageOfPage\":{\"@id\":\"https:\/\/cleitonpinheiro.com.br\/site\/palavra-do-presidente-a-forca-do-voto-do-servidor-publico-nas-eleicoes-2026\/#primaryimage\"},\"image\":{\"@id\":\"https:\/\/cleitonpinheiro.com.br\/site\/palavra-do-presidente-a-forca-do-voto-do-servidor-publico-nas-eleicoes-2026\/#primaryimage\"},\"thumbnailUrl\":\"https:\/\/cleitonpinheiro.com.br\/site\/wp-content\/uploads\/2026\/09\/Cleiton-Pinheiro.jpg\",\"datePublished\":\"2026-09-01T14:18:05+00:00\",\"dateModified\":\"2026-09-01T17:00:45+00:00\",\"breadcrumb\":{\"@id\":\"https:\/\/cleitonpinheiro.com.br\/site\/palavra-do-presidente-a-forca-do-voto-do-servidor-publico-nas-eleicoes-2026\/#breadcrumb\"},\"inLanguage\":\"pt-BR\",\"potentialAction\":[{\"@type\":\"ReadAction\",\"target\":[\"https:\/\/cleitonpinheiro.com.br\/site\/palavra-do-presidente-a-forca-do-voto-do-servidor-publico-nas-eleicoes-2026\/\"]}]},{\"@type\":\"ImageObject\",\"inLanguage\":\"pt-BR\",\"@id\":\"https:\/\/cleitonpinheiro.com.br\/site\/palavra-do-presidente-a-forca-do-voto-do-servidor-publico-nas-eleicoes-2026\/#primaryimage\",\"url\":\"https:\/\/cleitonpinheiro.com.br\/site\/wp-content\/uploads\/2026\/09\/Cleiton-Pinheiro.jpg\",\"contentUrl\":\"https:\/\/cleitonpinheiro.com.br\/site\/wp-content\/uploads\/2026\/09\/Cleiton-Pinheiro.jpg\",\"width\":683,\"height\":425},{\"@type\":\"BreadcrumbList\",\"@id\":\"https:\/\/cleitonpinheiro.com.br\/site\/palavra-do-presidente-a-forca-do-voto-do-servidor-publico-nas-eleicoes-2026\/#breadcrumb\",\"itemListElement\":[{\"@type\":\"ListItem\",\"position\":1,\"name\":\"In\u00edcio\",\"item\":\"https:\/\/cleitonpinheiro.com.br\/site\/\"},{\"@type\":\"ListItem\",\"position\":2,\"name\":\"AJUSP-TO: a for\u00e7a do voto do servidor p\u00fablico nas elei\u00e7\u00f5es 2026\"}]},{\"@type\":\"WebSite\",\"@id\":\"https:\/\/cleitonpinheiro.com.br\/site\/#website\",\"url\":\"https:\/\/cleitonpinheiro.com.br\/site\/\",\"name\":\"PORTAL DE NOT\u00cdCIAS CLEITON PINHEIRO\",\"description\":\"FALANDO A VERDADE\",\"publisher\":{\"@id\":\"https:\/\/cleitonpinheiro.com.br\/site\/#organization\"},\"potentialAction\":[{\"@type\":\"SearchAction\",\"target\":{\"@type\":\"EntryPoint\",\"urlTemplate\":\"https:\/\/cleitonpinheiro.com.br\/site\/?s={search_term_string}\"},\"query-input\":{\"@type\":\"PropertyValueSpecification\",\"valueRequired\":true,\"valueName\":\"search_term_string\"}}],\"inLanguage\":\"pt-BR\"},{\"@type\":\"Organization\",\"@id\":\"https:\/\/cleitonpinheiro.com.br\/site\/#organization\",\"name\":\"CPNOT\u00cdCIAS\",\"url\":\"https:\/\/cleitonpinheiro.com.br\/site\/\",\"logo\":{\"@type\":\"ImageObject\",\"inLanguage\":\"pt-BR\",\"@id\":\"https:\/\/cleitonpinheiro.com.br\/site\/#\/schema\/logo\/image\/\",\"url\":\"https:\/\/cleitonpinheiro.com.br\/site\/wp-content\/uploads\/2022\/08\/Logo-pequena-2.png\",\"contentUrl\":\"https:\/\/cleitonpinheiro.com.br\/site\/wp-content\/uploads\/2022\/08\/Logo-pequena-2.png\",\"width\":500,\"height\":500,\"caption\":\"CPNOT\u00cdCIAS\"},\"image\":{\"@id\":\"https:\/\/cleitonpinheiro.com.br\/site\/#\/schema\/logo\/image\/\"},\"sameAs\":[\"https:\/\/www.facebook.com\/portalcpnoticias\/\"]},{\"@type\":\"Person\",\"@id\":\"https:\/\/cleitonpinheiro.com.br\/site\/#\/schema\/person\/62fd4eb98fcc8bd3fc477aaff264af51\",\"name\":\"Cleiton Pinheiro\",\"image\":{\"@type\":\"ImageObject\",\"inLanguage\":\"pt-BR\",\"@id\":\"https:\/\/cleitonpinheiro.com.br\/site\/#\/schema\/person\/image\/\",\"url\":\"https:\/\/secure.gravatar.com\/avatar\/15642ec35b78fe5eed3cfa8e4a3f3211d73a3df4f35f0566b4324958cba1b1b9?s=96&r=g\",\"contentUrl\":\"https:\/\/secure.gravatar.com\/avatar\/15642ec35b78fe5eed3cfa8e4a3f3211d73a3df4f35f0566b4324958cba1b1b9?s=96&r=g\",\"caption\":\"Cleiton Pinheiro\"},\"url\":\"https:\/\/cleitonpinheiro.com.br\/site\/author\/cleiton\/\"}]}<\/script>\n<!-- \/ Yoast SEO plugin. -->","yoast_head_json":{"title":"AJUSP-TO: a for\u00e7a do voto do servidor p\u00fablico nas elei\u00e7\u00f5es 2026 - PORTAL DE NOT\u00cdCIAS CLEITON PINHEIRO","robots":{"index":"index","follow":"follow","max-snippet":"max-snippet:-1","max-image-preview":"max-image-preview:large","max-video-preview":"max-video-preview:-1"},"canonical":"https:\/\/cleitonpinheiro.com.br\/site\/palavra-do-presidente-a-forca-do-voto-do-servidor-publico-nas-eleicoes-2026\/","og_locale":"pt_BR","og_type":"article","og_title":"AJUSP-TO: a for\u00e7a do voto do servidor p\u00fablico nas elei\u00e7\u00f5es 2026 - PORTAL DE NOT\u00cdCIAS CLEITON PINHEIRO","og_description":"Por Cleiton Pinheiro, presidente da AJUSP-TO e pioneiro na defesa dos direitos dos servidores p\u00fablicos tocantinenses Come\u00e7ou o m\u00eas de setembro e daqui a poucos dias, acontecer\u00e1 o primeiro turno das elei\u00e7\u00f5es gerais, no Brasil. Em 2026, os brasileiros e brasileiras v\u00e3o eleger um Presidente, 27 Governadores estaduais, 513 Deputados federais, 54 das 81 vagas [&hellip;]","og_url":"https:\/\/cleitonpinheiro.com.br\/site\/palavra-do-presidente-a-forca-do-voto-do-servidor-publico-nas-eleicoes-2026\/","og_site_name":"PORTAL DE NOT\u00cdCIAS CLEITON PINHEIRO","article_publisher":"https:\/\/www.facebook.com\/portalcpnoticias\/","article_published_time":"2026-09-01T14:18:05+00:00","article_modified_time":"2026-09-01T17:00:45+00:00","og_image":[{"width":683,"height":425,"url":"https:\/\/cleitonpinheiro.com.br\/site\/wp-content\/uploads\/2026\/09\/Cleiton-Pinheiro.jpg","type":"image\/jpeg"}],"author":"Cleiton Pinheiro","twitter_card":"summary_large_image","twitter_misc":{"Escrito por":"Cleiton Pinheiro","Est. tempo de leitura":"4 minutos"},"schema":{"@context":"https:\/\/schema.org","@graph":[{"@type":"Article","@id":"https:\/\/cleitonpinheiro.com.br\/site\/palavra-do-presidente-a-forca-do-voto-do-servidor-publico-nas-eleicoes-2026\/#article","isPartOf":{"@id":"https:\/\/cleitonpinheiro.com.br\/site\/palavra-do-presidente-a-forca-do-voto-do-servidor-publico-nas-eleicoes-2026\/"},"author":{"name":"Cleiton Pinheiro","@id":"https:\/\/cleitonpinheiro.com.br\/site\/#\/schema\/person\/62fd4eb98fcc8bd3fc477aaff264af51"},"headline":"AJUSP-TO: a for\u00e7a do voto do servidor p\u00fablico nas elei\u00e7\u00f5es 2026","datePublished":"2026-09-01T14:18:05+00:00","dateModified":"2026-09-01T17:00:45+00:00","mainEntityOfPage":{"@id":"https:\/\/cleitonpinheiro.com.br\/site\/palavra-do-presidente-a-forca-do-voto-do-servidor-publico-nas-eleicoes-2026\/"},"wordCount":596,"commentCount":0,"publisher":{"@id":"https:\/\/cleitonpinheiro.com.br\/site\/#organization"},"image":{"@id":"https:\/\/cleitonpinheiro.com.br\/site\/palavra-do-presidente-a-forca-do-voto-do-servidor-publico-nas-eleicoes-2026\/#primaryimage"},"thumbnailUrl":"https:\/\/cleitonpinheiro.com.br\/site\/wp-content\/uploads\/2026\/09\/Cleiton-Pinheiro.jpg","articleSection":["MANCHETE","POL\u00cdTICA","TODAS NOTICIAS"],"inLanguage":"pt-BR","potentialAction":[{"@type":"CommentAction","name":"Comment","target":["https:\/\/cleitonpinheiro.com.br\/site\/palavra-do-presidente-a-forca-do-voto-do-servidor-publico-nas-eleicoes-2026\/#respond"]}]},{"@type":"WebPage","@id":"https:\/\/cleitonpinheiro.com.br\/site\/palavra-do-presidente-a-forca-do-voto-do-servidor-publico-nas-eleicoes-2026\/","url":"https:\/\/cleitonpinheiro.com.br\/site\/palavra-do-presidente-a-forca-do-voto-do-servidor-publico-nas-eleicoes-2026\/","name":"AJUSP-TO: a for\u00e7a do voto do servidor p\u00fablico nas elei\u00e7\u00f5es 2026 - PORTAL DE NOT\u00cdCIAS CLEITON PINHEIRO","isPartOf":{"@id":"https:\/\/cleitonpinheiro.com.br\/site\/#website"},"primaryImageOfPage":{"@id":"https:\/\/cleitonpinheiro.com.br\/site\/palavra-do-presidente-a-forca-do-voto-do-servidor-publico-nas-eleicoes-2026\/#primaryimage"},"image":{"@id":"https:\/\/cleitonpinheiro.com.br\/site\/palavra-do-presidente-a-forca-do-voto-do-servidor-publico-nas-eleicoes-2026\/#primaryimage"},"thumbnailUrl":"https:\/\/cleitonpinheiro.com.br\/site\/wp-content\/uploads\/2026\/09\/Cleiton-Pinheiro.jpg","datePublished":"2026-09-01T14:18:05+00:00","dateModified":"2026-09-01T17:00:45+00:00","breadcrumb":{"@id":"https:\/\/cleitonpinheiro.com.br\/site\/palavra-do-presidente-a-forca-do-voto-do-servidor-publico-nas-eleicoes-2026\/#breadcrumb"},"inLanguage":"pt-BR","potentialAction":[{"@type":"ReadAction","target":["https:\/\/cleitonpinheiro.com.br\/site\/palavra-do-presidente-a-forca-do-voto-do-servidor-publico-nas-eleicoes-2026\/"]}]},{"@type":"ImageObject","inLanguage":"pt-BR","@id":"https:\/\/cleitonpinheiro.com.br\/site\/palavra-do-presidente-a-forca-do-voto-do-servidor-publico-nas-eleicoes-2026\/#primaryimage","url":"https:\/\/cleitonpinheiro.com.br\/site\/wp-content\/uploads\/2026\/09\/Cleiton-Pinheiro.jpg","contentUrl":"https:\/\/cleitonpinheiro.com.br\/site\/wp-content\/uploads\/2026\/09\/Cleiton-Pinheiro.jpg","width":683,"height":425},{"@type":"BreadcrumbList","@id":"https:\/\/cleitonpinheiro.com.br\/site\/palavra-do-presidente-a-forca-do-voto-do-servidor-publico-nas-eleicoes-2026\/#breadcrumb","itemListElement":[{"@type":"ListItem","position":1,"name":"In\u00edcio","item":"https:\/\/cleitonpinheiro.com.br\/site\/"},{"@type":"ListItem","position":2,"name":"AJUSP-TO: a for\u00e7a do voto do servidor p\u00fablico nas elei\u00e7\u00f5es 2026"}]},{"@type":"WebSite","@id":"https:\/\/cleitonpinheiro.com.br\/site\/#website","url":"https:\/\/cleitonpinheiro.com.br\/site\/","name":"PORTAL DE NOT\u00cdCIAS CLEITON PINHEIRO","description":"FALANDO A VERDADE","publisher":{"@id":"https:\/\/cleitonpinheiro.com.br\/site\/#organization"},"potentialAction":[{"@type":"SearchAction","target":{"@type":"EntryPoint","urlTemplate":"https:\/\/cleitonpinheiro.com.br\/site\/?s={search_term_string}"},"query-input":{"@type":"PropertyValueSpecification","valueRequired":true,"valueName":"search_term_string"}}],"inLanguage":"pt-BR"},{"@type":"Organization","@id":"https:\/\/cleitonpinheiro.com.br\/site\/#organization","name":"CPNOT\u00cdCIAS","url":"https:\/\/cleitonpinheiro.com.br\/site\/","logo":{"@type":"ImageObject","inLanguage":"pt-BR","@id":"https:\/\/cleitonpinheiro.com.br\/site\/#\/schema\/logo\/image\/","url":"https:\/\/cleitonpinheiro.com.br\/site\/wp-content\/uploads\/2022\/08\/Logo-pequena-2.png","contentUrl":"https:\/\/cleitonpinheiro.com.br\/site\/wp-content\/uploads\/2022\/08\/Logo-pequena-2.png","width":500,"height":500,"caption":"CPNOT\u00cdCIAS"},"image":{"@id":"https:\/\/cleitonpinheiro.com.br\/site\/#\/schema\/logo\/image\/"},"sameAs":["https:\/\/www.facebook.com\/portalcpnoticias\/"]},{"@type":"Person","@id":"https:\/\/cleitonpinheiro.com.br\/site\/#\/schema\/person\/62fd4eb98fcc8bd3fc477aaff264af51","name":"Cleiton Pinheiro","image":{"@type":"ImageObject","inLanguage":"pt-BR","@id":"https:\/\/cleitonpinheiro.com.br\/site\/#\/schema\/person\/image\/","url":"https:\/\/secure.gravatar.com\/avatar\/15642ec35b78fe5eed3cfa8e4a3f3211d73a3df4f35f0566b4324958cba1b1b9?s=96&r=g","contentUrl":"https:\/\/secure.gravatar.com\/avatar\/15642ec35b78fe5eed3cfa8e4a3f3211d73a3df4f35f0566b4324958cba1b1b9?s=96&r=g","caption":"Cleiton Pinheiro"},"url":"https:\/\/cleitonpinheiro.com.br\/site\/author\/cleiton\/"}]}},"views":15,"_links":{"self":[{"href":"https:\/\/cleitonpinheiro.com.br\/site\/wp-json\/wp\/v2\/posts\/89117","targetHints":{"allow":["GET"]}}],"collection":[{"href":"https:\/\/cleitonpinheiro.com.br\/site\/wp-json\/wp\/v2\/posts"}],"about":[{"href":"https:\/\/cleitonpinheiro.com.br\/site\/wp-json\/wp\/v2\/types\/post"}],"author":[{"embeddable":true,"href":"https:\/\/cleitonpinheiro.com.br\/site\/wp-json\/wp\/v2\/users\/10"}],"replies":[{"embeddable":true,"href":"https:\/\/cleitonpinheiro.com.br\/site\/wp-json\/wp\/v2\/comments?post=89117"}],"version-history":[{"count":2,"href":"https:\/\/cleitonpinheiro.com.br\/site\/wp-json\/wp\/v2\/posts\/89117\/revisions"}],"predecessor-version":[{"id":89129,"href":"https:\/\/cleitonpinheiro.com.br\/site\/wp-json\/wp\/v2\/posts\/89117\/revisions\/89129"}],"wp:featuredmedia":[{"embeddable":true,"href":"https:\/\/cleitonpinheiro.com.br\/site\/wp-json\/wp\/v2\/media\/89118"}],"wp:attachment":[{"href":"https:\/\/cleitonpinheiro.com.br\/site\/wp-json\/wp\/v2\/media?parent=89117"}],"wp:term":[{"taxonomy":"category","embeddable":true,"href":"https:\/\/cleitonpinheiro.com.br\/site\/wp-json\/wp\/v2\/categories?post=89117"},{"taxonomy":"post_tag","embeddable":true,"href":"https:\/\/cleitonpinheiro.com.br\/site\/wp-json\/wp\/v2\/tags?post=89117"}],"curies":[{"name":"wp","href":"https:\/\/api.w.org\/{rel}","templated":true}]}}