{"id":89137,"date":"2026-09-02T16:57:41","date_gmt":"2026-09-02T19:57:41","guid":{"rendered":"https:\/\/cleitonpinheiro.com.br\/site\/?p=89137"},"modified":"2026-09-02T16:57:46","modified_gmt":"2026-09-02T19:57:46","slug":"fgt-2026-celebra-20-anos-com-gastronomia-shows-musicais-a-partir-desta-quinta-3","status":"publish","type":"post","link":"https:\/\/cleitonpinheiro.com.br\/site\/fgt-2026-celebra-20-anos-com-gastronomia-shows-musicais-a-partir-desta-quinta-3\/","title":{"rendered":"FGT 2026 celebra 20 anos com gastronomia, shows musicais; a partir desta quinta, 3"},"content":{"rendered":"\n<figure class=\"wp-block-image size-large\"><img fetchpriority=\"high\" decoding=\"async\" width=\"1024\" height=\"576\" src=\"https:\/\/cleitonpinheiro.com.br\/site\/wp-content\/uploads\/2026\/09\/WhatsApp_Image_2026-09-02_at_13.57.42-1024x576.jpeg\" alt=\"\" class=\"wp-image-89138\" srcset=\"https:\/\/cleitonpinheiro.com.br\/site\/wp-content\/uploads\/2026\/09\/WhatsApp_Image_2026-09-02_at_13.57.42-1024x576.jpeg 1024w, https:\/\/cleitonpinheiro.com.br\/site\/wp-content\/uploads\/2026\/09\/WhatsApp_Image_2026-09-02_at_13.57.42-300x169.jpeg 300w, https:\/\/cleitonpinheiro.com.br\/site\/wp-content\/uploads\/2026\/09\/WhatsApp_Image_2026-09-02_at_13.57.42-768x432.jpeg 768w, https:\/\/cleitonpinheiro.com.br\/site\/wp-content\/uploads\/2026\/09\/WhatsApp_Image_2026-09-02_at_13.57.42.jpeg 1280w\" sizes=\"(max-width: 1024px) 100vw, 1024px\" \/><\/figure>\n\n\n\n<p class=\"wp-block-paragraph\">O sabor do Cerrado, a m\u00fasica e a cultura se encontram mais uma vez em Taquaru\u00e7u para uma edi\u00e7\u00e3o hist\u00f3rica do Festival Gastron\u00f4mico de Taquaru\u00e7u (FGT). De 3 a 6 de setembro, a Secretaria Municipal de Turismo de Palmas realiza a 20\u00aa edi\u00e7\u00e3o do festival, na Pra\u00e7a Vereador Tarc\u00edsio Machado, reunindo gastronomia, atra\u00e7\u00f5es nacionais e regionais, Cozinha Show e programa\u00e7\u00e3o para toda a fam\u00edlia. Com o tema \u2018Ra\u00edzes que alimentam hist\u00f3rias\u2019, a expectativa de p\u00fablico \u00e9 de 200 mil pessoas.<\/p>\n\n\n\n<p class=\"wp-block-paragraph\">O circuito do FGT ser\u00e1 aberto diariamente \u00e0s 17 horas, com funcionamento da \u00e1rea gastron\u00f4mica at\u00e9 as 23 horas. O p\u00fablico poder\u00e1 experimentar lanches salgados, pratos doces, jantinhas, op\u00e7\u00f5es funcionais, receitas servidas em food trucks e drinks regionais, al\u00e9m das receitas da Rota Gastron\u00f4mica.<\/p>\n\n\n\n<p class=\"wp-block-paragraph\">Nesta edi\u00e7\u00e3o comemorativa, o FGT distribuir\u00e1 R$ 156 mil em premia\u00e7\u00f5es aos vencedores das diferentes categorias. Al\u00e9m da avalia\u00e7\u00e3o t\u00e9cnica, o p\u00fablico tamb\u00e9m poder\u00e1 participar da escolha de seus pratos preferidos durante o festival.<\/p>\n\n\n\n<p class=\"wp-block-paragraph\">\u201cChegar aos 20 anos mostra a for\u00e7a que o FGT conquistou e o quanto ele se tornou importante para Palmas. Preparamos uma edi\u00e7\u00e3o para celebrar essa hist\u00f3ria. Queremos que o p\u00fablico venha para Taquaru\u00e7u, experimente os pratos, acompanhe a programa\u00e7\u00e3o e aproveite tudo o que foi preparado para esses quatro dias\u201d, destaca a secret\u00e1ria municipal de Turismo, Ana Paula Setti Nogueira.<\/p>\n\n\n\n<p class=\"wp-block-paragraph\"><strong>Cozinha Show<\/strong><\/p>\n\n\n\n<p class=\"wp-block-paragraph\">A gastronomia \u00e9 a grande protagonista do FGT. O Cozinha Show recebe chefs convidados para aulas e experi\u00eancias ao vivo. Na quinta-feira, 3, a programa\u00e7\u00e3o ter\u00e1 o Encontro de Gigantes, \u00e0s 18h30, e o chef Jimmy Ogro, \u00e0s 19h30. Na sexta, 4, o Encontro de Gigantes come\u00e7a \u00e0s 18h30 e Marcos Livi se apresenta \u00e0s 20 horas. No s\u00e1bado, 5, o Encontro de Gigantes ser\u00e1 \u00e0s 18h30, seguido por Lucas Corazza, \u00e0s 19h30.<\/p>\n\n\n\n<p class=\"wp-block-paragraph\">No domingo, 6, a programa\u00e7\u00e3o come\u00e7a \u00e0s 16 horas, com a Cozinha Senac, seguida dos Chefinhos de Taquaru\u00e7u, \u00e0s 17h30. \u00c0s 20h30, acontece a premia\u00e7\u00e3o dos vencedores do concurso gastron\u00f4mico.<\/p>\n\n\n\n<p class=\"wp-block-paragraph\"><strong>Palco<\/strong><\/p>\n\n\n\n<p class=\"wp-block-paragraph\">No palco principal, a programa\u00e7\u00e3o come\u00e7a na quinta-feira, 3, \u00e0s 21 horas, com Vozes de \u00c9bano, seguida por Seu Jorge, \u00e0s 22h30. Na sexta-feira, 4, Aleat\u00f3rio In Buteco abre a noite, \u00e0s 21 horas, e Vanessa da Mata se apresenta \u00e0s 23h30. No s\u00e1bado, 5, Marina Sena sobe ao palco \u00e0s 21 horas e Jorge Vercillo, \u00e0s 23h30.<\/p>\n\n\n\n<p class=\"wp-block-paragraph\">No domingo, 6, a programa\u00e7\u00e3o come\u00e7a mais cedo e ter\u00e1 atra\u00e7\u00f5es para diferentes p\u00fablicos. \u00c0s 19 horas, o Grupo 3 Palavrinhas leva ao palco uma apresenta\u00e7\u00e3o especialmente voltada \u00e0s crian\u00e7as e \u00e0s fam\u00edlias. Fechando a edi\u00e7\u00e3o comemorativa de 20 anos do FGT, Dorgival Dantas sobe ao palco \u00e0s 23 horas, com sucessos que marcaram sua trajet\u00f3ria no forr\u00f3.<\/p>\n\n\n\n<p class=\"wp-block-paragraph\"><strong>Transporte, seguran\u00e7a e acessibilidade<\/strong><\/p>\n\n\n\n<p class=\"wp-block-paragraph\">Para facilitar o acesso a Taquaru\u00e7u durante os quatro dias de evento, a Prefeitura de Palmas contar\u00e1 com linhas especiais de transporte coletivo, ampliando as op\u00e7\u00f5es para quem deseja chegar ao festival sem utilizar ve\u00edculo particular.<\/p>\n\n\n\n<p class=\"wp-block-paragraph\">A opera\u00e7\u00e3o do FGT tamb\u00e9m ter\u00e1 seguran\u00e7a refor\u00e7ada, com atua\u00e7\u00e3o integrada dos \u00f3rg\u00e3os municipais e for\u00e7as parceiras, al\u00e9m de equipes respons\u00e1veis pelo ordenamento do tr\u00e2nsito, fiscaliza\u00e7\u00e3o e atendimento ao p\u00fablico.<\/p>\n\n\n\n<p class=\"wp-block-paragraph\">A acessibilidade integra a estrutura preparada para o evento. A programa\u00e7\u00e3o contar\u00e1 com int\u00e9rpretes de Libras, e haver\u00e1 espa\u00e7o reservado em frente ao palco principal para pessoas com defici\u00eancia, garantindo melhores condi\u00e7\u00f5es de acesso e acompanhamento das apresenta\u00e7\u00f5es.<\/p>\n\n\n\n<p class=\"wp-block-paragraph\">Texto:\u00a0Josiane Mendes\/Prefeitura de Palmas<\/p>\n","protected":false},"excerpt":{"rendered":"<p>O sabor do Cerrado, a m\u00fasica e a cultura se encontram mais uma vez em Taquaru\u00e7u para uma edi\u00e7\u00e3o hist\u00f3rica do Festival Gastron\u00f4mico de Taquaru\u00e7u (FGT). De 3 a 6 de setembro, a Secretaria Municipal de Turismo de Palmas realiza a 20\u00aa edi\u00e7\u00e3o do festival, na Pra\u00e7a Vereador Tarc\u00edsio Machado, reunindo gastronomia, atra\u00e7\u00f5es nacionais e [&hellip;]<\/p>\n","protected":false},"author":10,"featured_media":89138,"comment_status":"open","ping_status":"open","sticky":false,"template":"","format":"standard","meta":{"_acf_changed":false,"footnotes":""},"categories":[22,898,21],"tags":[],"class_list":["post-89137","post","type-post","status-publish","format-standard","has-post-thumbnail","hentry","category-cidades","category-manchete-segundaria","category-todas-noticias"],"acf":[],"yoast_head":"<!-- This site is optimized with the Yoast SEO plugin v24.4 - https:\/\/yoast.com\/wordpress\/plugins\/seo\/ -->\n<title>FGT 2026 celebra 20 anos com gastronomia, shows musicais; a partir desta quinta, 3 - PORTAL DE NOT\u00cdCIAS CLEITON PINHEIRO<\/title>\n<meta name=\"robots\" content=\"index, follow, max-snippet:-1, max-image-preview:large, max-video-preview:-1\" \/>\n<link rel=\"canonical\" href=\"https:\/\/cleitonpinheiro.com.br\/site\/fgt-2026-celebra-20-anos-com-gastronomia-shows-musicais-a-partir-desta-quinta-3\/\" \/>\n<meta property=\"og:locale\" content=\"pt_BR\" \/>\n<meta property=\"og:type\" content=\"article\" \/>\n<meta property=\"og:title\" content=\"FGT 2026 celebra 20 anos com gastronomia, shows musicais; a partir desta quinta, 3 - PORTAL DE NOT\u00cdCIAS CLEITON PINHEIRO\" \/>\n<meta property=\"og:description\" content=\"O sabor do Cerrado, a m\u00fasica e a cultura se encontram mais uma vez em Taquaru\u00e7u para uma edi\u00e7\u00e3o hist\u00f3rica do Festival Gastron\u00f4mico de Taquaru\u00e7u (FGT). De 3 a 6 de setembro, a Secretaria Municipal de Turismo de Palmas realiza a 20\u00aa edi\u00e7\u00e3o do festival, na Pra\u00e7a Vereador Tarc\u00edsio Machado, reunindo gastronomia, atra\u00e7\u00f5es nacionais e [&hellip;]\" \/>\n<meta property=\"og:url\" content=\"https:\/\/cleitonpinheiro.com.br\/site\/fgt-2026-celebra-20-anos-com-gastronomia-shows-musicais-a-partir-desta-quinta-3\/\" \/>\n<meta property=\"og:site_name\" content=\"PORTAL DE NOT\u00cdCIAS CLEITON PINHEIRO\" \/>\n<meta property=\"article:publisher\" content=\"https:\/\/www.facebook.com\/portalcpnoticias\/\" \/>\n<meta property=\"article:published_time\" content=\"2026-09-02T19:57:41+00:00\" \/>\n<meta property=\"article:modified_time\" content=\"2026-09-02T19:57:46+00:00\" \/>\n<meta property=\"og:image\" content=\"https:\/\/cleitonpinheiro.com.br\/site\/wp-content\/uploads\/2026\/09\/WhatsApp_Image_2026-09-02_at_13.57.42.jpeg\" \/>\n\t<meta property=\"og:image:width\" content=\"1280\" \/>\n\t<meta property=\"og:image:height\" content=\"720\" \/>\n\t<meta property=\"og:image:type\" content=\"image\/jpeg\" \/>\n<meta name=\"author\" content=\"Cleiton Pinheiro\" \/>\n<meta name=\"twitter:card\" content=\"summary_large_image\" \/>\n<meta name=\"twitter:label1\" content=\"Escrito por\" \/>\n\t<meta name=\"twitter:data1\" content=\"Cleiton Pinheiro\" \/>\n\t<meta name=\"twitter:label2\" content=\"Est. tempo de leitura\" \/>\n\t<meta name=\"twitter:data2\" content=\"4 minutos\" \/>\n<script type=\"application\/ld+json\" class=\"yoast-schema-graph\">{\"@context\":\"https:\/\/schema.org\",\"@graph\":[{\"@type\":\"Article\",\"@id\":\"https:\/\/cleitonpinheiro.com.br\/site\/fgt-2026-celebra-20-anos-com-gastronomia-shows-musicais-a-partir-desta-quinta-3\/#article\",\"isPartOf\":{\"@id\":\"https:\/\/cleitonpinheiro.com.br\/site\/fgt-2026-celebra-20-anos-com-gastronomia-shows-musicais-a-partir-desta-quinta-3\/\"},\"author\":{\"name\":\"Cleiton Pinheiro\",\"@id\":\"https:\/\/cleitonpinheiro.com.br\/site\/#\/schema\/person\/62fd4eb98fcc8bd3fc477aaff264af51\"},\"headline\":\"FGT 2026 celebra 20 anos com gastronomia, shows musicais; a partir desta quinta, 3\",\"datePublished\":\"2026-09-02T19:57:41+00:00\",\"dateModified\":\"2026-09-02T19:57:46+00:00\",\"mainEntityOfPage\":{\"@id\":\"https:\/\/cleitonpinheiro.com.br\/site\/fgt-2026-celebra-20-anos-com-gastronomia-shows-musicais-a-partir-desta-quinta-3\/\"},\"wordCount\":617,\"commentCount\":0,\"publisher\":{\"@id\":\"https:\/\/cleitonpinheiro.com.br\/site\/#organization\"},\"image\":{\"@id\":\"https:\/\/cleitonpinheiro.com.br\/site\/fgt-2026-celebra-20-anos-com-gastronomia-shows-musicais-a-partir-desta-quinta-3\/#primaryimage\"},\"thumbnailUrl\":\"https:\/\/cleitonpinheiro.com.br\/site\/wp-content\/uploads\/2026\/09\/WhatsApp_Image_2026-09-02_at_13.57.42.jpeg\",\"articleSection\":[\"CIDADES\",\"MANCHETE SEGUND\u00c1RIA\",\"TODAS NOTICIAS\"],\"inLanguage\":\"pt-BR\",\"potentialAction\":[{\"@type\":\"CommentAction\",\"name\":\"Comment\",\"target\":[\"https:\/\/cleitonpinheiro.com.br\/site\/fgt-2026-celebra-20-anos-com-gastronomia-shows-musicais-a-partir-desta-quinta-3\/#respond\"]}]},{\"@type\":\"WebPage\",\"@id\":\"https:\/\/cleitonpinheiro.com.br\/site\/fgt-2026-celebra-20-anos-com-gastronomia-shows-musicais-a-partir-desta-quinta-3\/\",\"url\":\"https:\/\/cleitonpinheiro.com.br\/site\/fgt-2026-celebra-20-anos-com-gastronomia-shows-musicais-a-partir-desta-quinta-3\/\",\"name\":\"FGT 2026 celebra 20 anos com gastronomia, shows musicais; a partir desta quinta, 3 - PORTAL DE NOT\u00cdCIAS CLEITON PINHEIRO\",\"isPartOf\":{\"@id\":\"https:\/\/cleitonpinheiro.com.br\/site\/#website\"},\"primaryImageOfPage\":{\"@id\":\"https:\/\/cleitonpinheiro.com.br\/site\/fgt-2026-celebra-20-anos-com-gastronomia-shows-musicais-a-partir-desta-quinta-3\/#primaryimage\"},\"image\":{\"@id\":\"https:\/\/cleitonpinheiro.com.br\/site\/fgt-2026-celebra-20-anos-com-gastronomia-shows-musicais-a-partir-desta-quinta-3\/#primaryimage\"},\"thumbnailUrl\":\"https:\/\/cleitonpinheiro.com.br\/site\/wp-content\/uploads\/2026\/09\/WhatsApp_Image_2026-09-02_at_13.57.42.jpeg\",\"datePublished\":\"2026-09-02T19:57:41+00:00\",\"dateModified\":\"2026-09-02T19:57:46+00:00\",\"breadcrumb\":{\"@id\":\"https:\/\/cleitonpinheiro.com.br\/site\/fgt-2026-celebra-20-anos-com-gastronomia-shows-musicais-a-partir-desta-quinta-3\/#breadcrumb\"},\"inLanguage\":\"pt-BR\",\"potentialAction\":[{\"@type\":\"ReadAction\",\"target\":[\"https:\/\/cleitonpinheiro.com.br\/site\/fgt-2026-celebra-20-anos-com-gastronomia-shows-musicais-a-partir-desta-quinta-3\/\"]}]},{\"@type\":\"ImageObject\",\"inLanguage\":\"pt-BR\",\"@id\":\"https:\/\/cleitonpinheiro.com.br\/site\/fgt-2026-celebra-20-anos-com-gastronomia-shows-musicais-a-partir-desta-quinta-3\/#primaryimage\",\"url\":\"https:\/\/cleitonpinheiro.com.br\/site\/wp-content\/uploads\/2026\/09\/WhatsApp_Image_2026-09-02_at_13.57.42.jpeg\",\"contentUrl\":\"https:\/\/cleitonpinheiro.com.br\/site\/wp-content\/uploads\/2026\/09\/WhatsApp_Image_2026-09-02_at_13.57.42.jpeg\",\"width\":1280,\"height\":720},{\"@type\":\"BreadcrumbList\",\"@id\":\"https:\/\/cleitonpinheiro.com.br\/site\/fgt-2026-celebra-20-anos-com-gastronomia-shows-musicais-a-partir-desta-quinta-3\/#breadcrumb\",\"itemListElement\":[{\"@type\":\"ListItem\",\"position\":1,\"name\":\"In\u00edcio\",\"item\":\"https:\/\/cleitonpinheiro.com.br\/site\/\"},{\"@type\":\"ListItem\",\"position\":2,\"name\":\"FGT 2026 celebra 20 anos com gastronomia, shows musicais; a partir desta quinta, 3\"}]},{\"@type\":\"WebSite\",\"@id\":\"https:\/\/cleitonpinheiro.com.br\/site\/#website\",\"url\":\"https:\/\/cleitonpinheiro.com.br\/site\/\",\"name\":\"PORTAL DE NOT\u00cdCIAS CLEITON PINHEIRO\",\"description\":\"FALANDO A VERDADE\",\"publisher\":{\"@id\":\"https:\/\/cleitonpinheiro.com.br\/site\/#organization\"},\"potentialAction\":[{\"@type\":\"SearchAction\",\"target\":{\"@type\":\"EntryPoint\",\"urlTemplate\":\"https:\/\/cleitonpinheiro.com.br\/site\/?s={search_term_string}\"},\"query-input\":{\"@type\":\"PropertyValueSpecification\",\"valueRequired\":true,\"valueName\":\"search_term_string\"}}],\"inLanguage\":\"pt-BR\"},{\"@type\":\"Organization\",\"@id\":\"https:\/\/cleitonpinheiro.com.br\/site\/#organization\",\"name\":\"CPNOT\u00cdCIAS\",\"url\":\"https:\/\/cleitonpinheiro.com.br\/site\/\",\"logo\":{\"@type\":\"ImageObject\",\"inLanguage\":\"pt-BR\",\"@id\":\"https:\/\/cleitonpinheiro.com.br\/site\/#\/schema\/logo\/image\/\",\"url\":\"https:\/\/cleitonpinheiro.com.br\/site\/wp-content\/uploads\/2022\/08\/Logo-pequena-2.png\",\"contentUrl\":\"https:\/\/cleitonpinheiro.com.br\/site\/wp-content\/uploads\/2022\/08\/Logo-pequena-2.png\",\"width\":500,\"height\":500,\"caption\":\"CPNOT\u00cdCIAS\"},\"image\":{\"@id\":\"https:\/\/cleitonpinheiro.com.br\/site\/#\/schema\/logo\/image\/\"},\"sameAs\":[\"https:\/\/www.facebook.com\/portalcpnoticias\/\"]},{\"@type\":\"Person\",\"@id\":\"https:\/\/cleitonpinheiro.com.br\/site\/#\/schema\/person\/62fd4eb98fcc8bd3fc477aaff264af51\",\"name\":\"Cleiton Pinheiro\",\"image\":{\"@type\":\"ImageObject\",\"inLanguage\":\"pt-BR\",\"@id\":\"https:\/\/cleitonpinheiro.com.br\/site\/#\/schema\/person\/image\/\",\"url\":\"https:\/\/secure.gravatar.com\/avatar\/15642ec35b78fe5eed3cfa8e4a3f3211d73a3df4f35f0566b4324958cba1b1b9?s=96&r=g\",\"contentUrl\":\"https:\/\/secure.gravatar.com\/avatar\/15642ec35b78fe5eed3cfa8e4a3f3211d73a3df4f35f0566b4324958cba1b1b9?s=96&r=g\",\"caption\":\"Cleiton Pinheiro\"},\"url\":\"https:\/\/cleitonpinheiro.com.br\/site\/author\/cleiton\/\"}]}<\/script>\n<!-- \/ Yoast SEO plugin. -->","yoast_head_json":{"title":"FGT 2026 celebra 20 anos com gastronomia, shows musicais; a partir desta quinta, 3 - PORTAL DE NOT\u00cdCIAS CLEITON PINHEIRO","robots":{"index":"index","follow":"follow","max-snippet":"max-snippet:-1","max-image-preview":"max-image-preview:large","max-video-preview":"max-video-preview:-1"},"canonical":"https:\/\/cleitonpinheiro.com.br\/site\/fgt-2026-celebra-20-anos-com-gastronomia-shows-musicais-a-partir-desta-quinta-3\/","og_locale":"pt_BR","og_type":"article","og_title":"FGT 2026 celebra 20 anos com gastronomia, shows musicais; a partir desta quinta, 3 - PORTAL DE NOT\u00cdCIAS CLEITON PINHEIRO","og_description":"O sabor do Cerrado, a m\u00fasica e a cultura se encontram mais uma vez em Taquaru\u00e7u para uma edi\u00e7\u00e3o hist\u00f3rica do Festival Gastron\u00f4mico de Taquaru\u00e7u (FGT). De 3 a 6 de setembro, a Secretaria Municipal de Turismo de Palmas realiza a 20\u00aa edi\u00e7\u00e3o do festival, na Pra\u00e7a Vereador Tarc\u00edsio Machado, reunindo gastronomia, atra\u00e7\u00f5es nacionais e [&hellip;]","og_url":"https:\/\/cleitonpinheiro.com.br\/site\/fgt-2026-celebra-20-anos-com-gastronomia-shows-musicais-a-partir-desta-quinta-3\/","og_site_name":"PORTAL DE NOT\u00cdCIAS CLEITON PINHEIRO","article_publisher":"https:\/\/www.facebook.com\/portalcpnoticias\/","article_published_time":"2026-09-02T19:57:41+00:00","article_modified_time":"2026-09-02T19:57:46+00:00","og_image":[{"width":1280,"height":720,"url":"https:\/\/cleitonpinheiro.com.br\/site\/wp-content\/uploads\/2026\/09\/WhatsApp_Image_2026-09-02_at_13.57.42.jpeg","type":"image\/jpeg"}],"author":"Cleiton Pinheiro","twitter_card":"summary_large_image","twitter_misc":{"Escrito por":"Cleiton Pinheiro","Est. tempo de leitura":"4 minutos"},"schema":{"@context":"https:\/\/schema.org","@graph":[{"@type":"Article","@id":"https:\/\/cleitonpinheiro.com.br\/site\/fgt-2026-celebra-20-anos-com-gastronomia-shows-musicais-a-partir-desta-quinta-3\/#article","isPartOf":{"@id":"https:\/\/cleitonpinheiro.com.br\/site\/fgt-2026-celebra-20-anos-com-gastronomia-shows-musicais-a-partir-desta-quinta-3\/"},"author":{"name":"Cleiton Pinheiro","@id":"https:\/\/cleitonpinheiro.com.br\/site\/#\/schema\/person\/62fd4eb98fcc8bd3fc477aaff264af51"},"headline":"FGT 2026 celebra 20 anos com gastronomia, shows musicais; a partir desta quinta, 3","datePublished":"2026-09-02T19:57:41+00:00","dateModified":"2026-09-02T19:57:46+00:00","mainEntityOfPage":{"@id":"https:\/\/cleitonpinheiro.com.br\/site\/fgt-2026-celebra-20-anos-com-gastronomia-shows-musicais-a-partir-desta-quinta-3\/"},"wordCount":617,"commentCount":0,"publisher":{"@id":"https:\/\/cleitonpinheiro.com.br\/site\/#organization"},"image":{"@id":"https:\/\/cleitonpinheiro.com.br\/site\/fgt-2026-celebra-20-anos-com-gastronomia-shows-musicais-a-partir-desta-quinta-3\/#primaryimage"},"thumbnailUrl":"https:\/\/cleitonpinheiro.com.br\/site\/wp-content\/uploads\/2026\/09\/WhatsApp_Image_2026-09-02_at_13.57.42.jpeg","articleSection":["CIDADES","MANCHETE SEGUND\u00c1RIA","TODAS NOTICIAS"],"inLanguage":"pt-BR","potentialAction":[{"@type":"CommentAction","name":"Comment","target":["https:\/\/cleitonpinheiro.com.br\/site\/fgt-2026-celebra-20-anos-com-gastronomia-shows-musicais-a-partir-desta-quinta-3\/#respond"]}]},{"@type":"WebPage","@id":"https:\/\/cleitonpinheiro.com.br\/site\/fgt-2026-celebra-20-anos-com-gastronomia-shows-musicais-a-partir-desta-quinta-3\/","url":"https:\/\/cleitonpinheiro.com.br\/site\/fgt-2026-celebra-20-anos-com-gastronomia-shows-musicais-a-partir-desta-quinta-3\/","name":"FGT 2026 celebra 20 anos com gastronomia, shows musicais; a partir desta quinta, 3 - PORTAL DE NOT\u00cdCIAS CLEITON PINHEIRO","isPartOf":{"@id":"https:\/\/cleitonpinheiro.com.br\/site\/#website"},"primaryImageOfPage":{"@id":"https:\/\/cleitonpinheiro.com.br\/site\/fgt-2026-celebra-20-anos-com-gastronomia-shows-musicais-a-partir-desta-quinta-3\/#primaryimage"},"image":{"@id":"https:\/\/cleitonpinheiro.com.br\/site\/fgt-2026-celebra-20-anos-com-gastronomia-shows-musicais-a-partir-desta-quinta-3\/#primaryimage"},"thumbnailUrl":"https:\/\/cleitonpinheiro.com.br\/site\/wp-content\/uploads\/2026\/09\/WhatsApp_Image_2026-09-02_at_13.57.42.jpeg","datePublished":"2026-09-02T19:57:41+00:00","dateModified":"2026-09-02T19:57:46+00:00","breadcrumb":{"@id":"https:\/\/cleitonpinheiro.com.br\/site\/fgt-2026-celebra-20-anos-com-gastronomia-shows-musicais-a-partir-desta-quinta-3\/#breadcrumb"},"inLanguage":"pt-BR","potentialAction":[{"@type":"ReadAction","target":["https:\/\/cleitonpinheiro.com.br\/site\/fgt-2026-celebra-20-anos-com-gastronomia-shows-musicais-a-partir-desta-quinta-3\/"]}]},{"@type":"ImageObject","inLanguage":"pt-BR","@id":"https:\/\/cleitonpinheiro.com.br\/site\/fgt-2026-celebra-20-anos-com-gastronomia-shows-musicais-a-partir-desta-quinta-3\/#primaryimage","url":"https:\/\/cleitonpinheiro.com.br\/site\/wp-content\/uploads\/2026\/09\/WhatsApp_Image_2026-09-02_at_13.57.42.jpeg","contentUrl":"https:\/\/cleitonpinheiro.com.br\/site\/wp-content\/uploads\/2026\/09\/WhatsApp_Image_2026-09-02_at_13.57.42.jpeg","width":1280,"height":720},{"@type":"BreadcrumbList","@id":"https:\/\/cleitonpinheiro.com.br\/site\/fgt-2026-celebra-20-anos-com-gastronomia-shows-musicais-a-partir-desta-quinta-3\/#breadcrumb","itemListElement":[{"@type":"ListItem","position":1,"name":"In\u00edcio","item":"https:\/\/cleitonpinheiro.com.br\/site\/"},{"@type":"ListItem","position":2,"name":"FGT 2026 celebra 20 anos com gastronomia, shows musicais; a partir desta quinta, 3"}]},{"@type":"WebSite","@id":"https:\/\/cleitonpinheiro.com.br\/site\/#website","url":"https:\/\/cleitonpinheiro.com.br\/site\/","name":"PORTAL DE NOT\u00cdCIAS CLEITON PINHEIRO","description":"FALANDO A VERDADE","publisher":{"@id":"https:\/\/cleitonpinheiro.com.br\/site\/#organization"},"potentialAction":[{"@type":"SearchAction","target":{"@type":"EntryPoint","urlTemplate":"https:\/\/cleitonpinheiro.com.br\/site\/?s={search_term_string}"},"query-input":{"@type":"PropertyValueSpecification","valueRequired":true,"valueName":"search_term_string"}}],"inLanguage":"pt-BR"},{"@type":"Organization","@id":"https:\/\/cleitonpinheiro.com.br\/site\/#organization","name":"CPNOT\u00cdCIAS","url":"https:\/\/cleitonpinheiro.com.br\/site\/","logo":{"@type":"ImageObject","inLanguage":"pt-BR","@id":"https:\/\/cleitonpinheiro.com.br\/site\/#\/schema\/logo\/image\/","url":"https:\/\/cleitonpinheiro.com.br\/site\/wp-content\/uploads\/2022\/08\/Logo-pequena-2.png","contentUrl":"https:\/\/cleitonpinheiro.com.br\/site\/wp-content\/uploads\/2022\/08\/Logo-pequena-2.png","width":500,"height":500,"caption":"CPNOT\u00cdCIAS"},"image":{"@id":"https:\/\/cleitonpinheiro.com.br\/site\/#\/schema\/logo\/image\/"},"sameAs":["https:\/\/www.facebook.com\/portalcpnoticias\/"]},{"@type":"Person","@id":"https:\/\/cleitonpinheiro.com.br\/site\/#\/schema\/person\/62fd4eb98fcc8bd3fc477aaff264af51","name":"Cleiton Pinheiro","image":{"@type":"ImageObject","inLanguage":"pt-BR","@id":"https:\/\/cleitonpinheiro.com.br\/site\/#\/schema\/person\/image\/","url":"https:\/\/secure.gravatar.com\/avatar\/15642ec35b78fe5eed3cfa8e4a3f3211d73a3df4f35f0566b4324958cba1b1b9?s=96&r=g","contentUrl":"https:\/\/secure.gravatar.com\/avatar\/15642ec35b78fe5eed3cfa8e4a3f3211d73a3df4f35f0566b4324958cba1b1b9?s=96&r=g","caption":"Cleiton Pinheiro"},"url":"https:\/\/cleitonpinheiro.com.br\/site\/author\/cleiton\/"}]}},"views":11,"_links":{"self":[{"href":"https:\/\/cleitonpinheiro.com.br\/site\/wp-json\/wp\/v2\/posts\/89137","targetHints":{"allow":["GET"]}}],"collection":[{"href":"https:\/\/cleitonpinheiro.com.br\/site\/wp-json\/wp\/v2\/posts"}],"about":[{"href":"https:\/\/cleitonpinheiro.com.br\/site\/wp-json\/wp\/v2\/types\/post"}],"author":[{"embeddable":true,"href":"https:\/\/cleitonpinheiro.com.br\/site\/wp-json\/wp\/v2\/users\/10"}],"replies":[{"embeddable":true,"href":"https:\/\/cleitonpinheiro.com.br\/site\/wp-json\/wp\/v2\/comments?post=89137"}],"version-history":[{"count":1,"href":"https:\/\/cleitonpinheiro.com.br\/site\/wp-json\/wp\/v2\/posts\/89137\/revisions"}],"predecessor-version":[{"id":89139,"href":"https:\/\/cleitonpinheiro.com.br\/site\/wp-json\/wp\/v2\/posts\/89137\/revisions\/89139"}],"wp:featuredmedia":[{"embeddable":true,"href":"https:\/\/cleitonpinheiro.com.br\/site\/wp-json\/wp\/v2\/media\/89138"}],"wp:attachment":[{"href":"https:\/\/cleitonpinheiro.com.br\/site\/wp-json\/wp\/v2\/media?parent=89137"}],"wp:term":[{"taxonomy":"category","embeddable":true,"href":"https:\/\/cleitonpinheiro.com.br\/site\/wp-json\/wp\/v2\/categories?post=89137"},{"taxonomy":"post_tag","embeddable":true,"href":"https:\/\/cleitonpinheiro.com.br\/site\/wp-json\/wp\/v2\/tags?post=89137"}],"curies":[{"name":"wp","href":"https:\/\/api.w.org\/{rel}","templated":true}]}}