{"id":89140,"date":"2026-09-02T17:03:43","date_gmt":"2026-09-02T20:03:43","guid":{"rendered":"https:\/\/cleitonpinheiro.com.br\/site\/?p=89140"},"modified":"2026-09-02T17:03:47","modified_gmt":"2026-09-02T20:03:47","slug":"prefeitura-de-palmas-convoca-moradores-do-jardim-taquari-para-cadastro-em-programa-de-reforma-de-moradias","status":"publish","type":"post","link":"https:\/\/cleitonpinheiro.com.br\/site\/prefeitura-de-palmas-convoca-moradores-do-jardim-taquari-para-cadastro-em-programa-de-reforma-de-moradias\/","title":{"rendered":"Prefeitura de Palmas convoca moradores do Jardim Taquari para cadastro em programa de reforma de moradias"},"content":{"rendered":"\n<figure class=\"wp-block-image size-large\"><img fetchpriority=\"high\" decoding=\"async\" width=\"1024\" height=\"683\" src=\"https:\/\/cleitonpinheiro.com.br\/site\/wp-content\/uploads\/2026\/09\/WhatsApp_Image_2026-08-28_at_11.44.22_1-1024x683.jpeg\" alt=\"\" class=\"wp-image-89141\" srcset=\"https:\/\/cleitonpinheiro.com.br\/site\/wp-content\/uploads\/2026\/09\/WhatsApp_Image_2026-08-28_at_11.44.22_1-1024x683.jpeg 1024w, https:\/\/cleitonpinheiro.com.br\/site\/wp-content\/uploads\/2026\/09\/WhatsApp_Image_2026-08-28_at_11.44.22_1-300x200.jpeg 300w, https:\/\/cleitonpinheiro.com.br\/site\/wp-content\/uploads\/2026\/09\/WhatsApp_Image_2026-08-28_at_11.44.22_1-768x512.jpeg 768w, https:\/\/cleitonpinheiro.com.br\/site\/wp-content\/uploads\/2026\/09\/WhatsApp_Image_2026-08-28_at_11.44.22_1-1536x1024.jpeg 1536w, https:\/\/cleitonpinheiro.com.br\/site\/wp-content\/uploads\/2026\/09\/WhatsApp_Image_2026-08-28_at_11.44.22_1.jpeg 1599w\" sizes=\"(max-width: 1024px) 100vw, 1024px\" \/><\/figure>\n\n\n\n<p class=\"wp-block-paragraph\">A Prefeitura de Palmas realiza nesta quinta-feira, 3, um mutir\u00e3o de cadastramento para moradores do Jardim Taquari interessados em participar do Programa Periferia Viva \u2013 Reformas. A a\u00e7\u00e3o ser\u00e1 realizada a partir das 8 horas, na sede da Subprefeitura do Taquari, onde equipes da Secretaria de Infraestrutura e Habita\u00e7\u00e3o (Seihab) estar\u00e3o dispon\u00edveis para orientar a popula\u00e7\u00e3o, esclarecer d\u00favidas e efetuar os cadastros das fam\u00edlias que atendam aos crit\u00e9rios do programa.<\/p>\n\n\n\n<p class=\"wp-block-paragraph\">O Periferia Viva \u00e9 uma iniciativa do governo federal, coordenada pelo Minist\u00e9rio das Cidades, em parceria com a Caixa e tem como finalidade promover melhores condi\u00e7\u00f5es de moradia para fam\u00edlias em situa\u00e7\u00e3o de vulnerabilidade social. As interven\u00e7\u00f5es poder\u00e3o receber investimentos de at\u00e9 R$ 40 mil por im\u00f3vel.<\/p>\n\n\n\n<p class=\"wp-block-paragraph\">Nesta etapa, ser\u00e3o atendidas 140 fam\u00edlias do Jardim Taquari, residentes nas Quadras T-20, T-21, T-22, T-23, T-30, T-31, T-32, T-33, T-41, T-42 e T-43.&nbsp; A mobiliza\u00e7\u00e3o busca ampliar o acesso das fam\u00edlias ao benef\u00edcio e garantir que os moradores da \u00e1rea contemplada tenham a oportunidade de participar da sele\u00e7\u00e3o. Durante o atendimento, os t\u00e9cnicos tamb\u00e9m ir\u00e3o informar sobre a documenta\u00e7\u00e3o necess\u00e1ria e as etapas do processo.<\/p>\n\n\n\n<p class=\"wp-block-paragraph\"><strong>Quem pode participar<\/strong><\/p>\n\n\n\n<p class=\"wp-block-paragraph\">Para participar do programa, o im\u00f3vel deve apresentar inadequa\u00e7\u00e3o sanit\u00e1ria e n\u00e3o necessitar de reconstru\u00e7\u00e3o total. Tamb\u00e9m \u00e9 necess\u00e1rio que a fam\u00edlia possua renda bruta mensal de at\u00e9 R$ 2.850, al\u00e9m de atender aos demais requisitos estabelecidos pelo governo federal.<\/p>\n\n\n\n<p class=\"wp-block-paragraph\">Fam\u00edlias inscritas no Programa Bolsa Fam\u00edlia, que possuam integrante benefici\u00e1rio do Benef\u00edcio de Presta\u00e7\u00e3o Continuada (BPC) ou residam em \u00e1reas com situa\u00e7\u00e3o de emerg\u00eancia ou estado de calamidade p\u00fablica reconhecida pela Uni\u00e3o s\u00e3o isentas da contrapartida financeira. Para os demais benefici\u00e1rios, a participa\u00e7\u00e3o ser\u00e1 de at\u00e9 1% do valor da melhoria executada.&nbsp;<\/p>\n\n\n\n<figure class=\"wp-block-image\"><img decoding=\"async\" src=\"https:\/\/palmas.to.gov.br\/media\/imagem\/noticia\/WhatsApp%20Image%202026-09-02%20at%2014.06.22.jpeg\" alt=\"\"\/><\/figure>\n\n\n\n<p class=\"wp-block-paragraph\">Texto:\u00a0Alcione Luz\/Prefeitura de Palmas<\/p>\n\n\n\n<p class=\"wp-block-paragraph\"><\/p>\n","protected":false},"excerpt":{"rendered":"<p>A Prefeitura de Palmas realiza nesta quinta-feira, 3, um mutir\u00e3o de cadastramento para moradores do Jardim Taquari interessados em participar do Programa Periferia Viva \u2013 Reformas. A a\u00e7\u00e3o ser\u00e1 realizada a partir das 8 horas, na sede da Subprefeitura do Taquari, onde equipes da Secretaria de Infraestrutura e Habita\u00e7\u00e3o (Seihab) estar\u00e3o dispon\u00edveis para orientar a [&hellip;]<\/p>\n","protected":false},"author":10,"featured_media":89141,"comment_status":"open","ping_status":"open","sticky":false,"template":"","format":"standard","meta":{"_acf_changed":false,"footnotes":""},"categories":[22,898,21],"tags":[],"class_list":["post-89140","post","type-post","status-publish","format-standard","has-post-thumbnail","hentry","category-cidades","category-manchete-segundaria","category-todas-noticias"],"acf":[],"yoast_head":"<!-- This site is optimized with the Yoast SEO plugin v24.4 - https:\/\/yoast.com\/wordpress\/plugins\/seo\/ -->\n<title>Prefeitura de Palmas convoca moradores do Jardim Taquari para cadastro em programa de reforma de moradias - PORTAL DE NOT\u00cdCIAS CLEITON PINHEIRO<\/title>\n<meta name=\"robots\" content=\"index, follow, max-snippet:-1, max-image-preview:large, max-video-preview:-1\" \/>\n<link rel=\"canonical\" href=\"https:\/\/cleitonpinheiro.com.br\/site\/prefeitura-de-palmas-convoca-moradores-do-jardim-taquari-para-cadastro-em-programa-de-reforma-de-moradias\/\" \/>\n<meta property=\"og:locale\" content=\"pt_BR\" \/>\n<meta property=\"og:type\" content=\"article\" \/>\n<meta property=\"og:title\" content=\"Prefeitura de Palmas convoca moradores do Jardim Taquari para cadastro em programa de reforma de moradias - PORTAL DE NOT\u00cdCIAS CLEITON PINHEIRO\" \/>\n<meta property=\"og:description\" content=\"A Prefeitura de Palmas realiza nesta quinta-feira, 3, um mutir\u00e3o de cadastramento para moradores do Jardim Taquari interessados em participar do Programa Periferia Viva \u2013 Reformas. A a\u00e7\u00e3o ser\u00e1 realizada a partir das 8 horas, na sede da Subprefeitura do Taquari, onde equipes da Secretaria de Infraestrutura e Habita\u00e7\u00e3o (Seihab) estar\u00e3o dispon\u00edveis para orientar a [&hellip;]\" \/>\n<meta property=\"og:url\" content=\"https:\/\/cleitonpinheiro.com.br\/site\/prefeitura-de-palmas-convoca-moradores-do-jardim-taquari-para-cadastro-em-programa-de-reforma-de-moradias\/\" \/>\n<meta property=\"og:site_name\" content=\"PORTAL DE NOT\u00cdCIAS CLEITON PINHEIRO\" \/>\n<meta property=\"article:publisher\" content=\"https:\/\/www.facebook.com\/portalcpnoticias\/\" \/>\n<meta property=\"article:published_time\" content=\"2026-09-02T20:03:43+00:00\" \/>\n<meta property=\"article:modified_time\" content=\"2026-09-02T20:03:47+00:00\" \/>\n<meta property=\"og:image\" content=\"https:\/\/cleitonpinheiro.com.br\/site\/wp-content\/uploads\/2026\/09\/WhatsApp_Image_2026-08-28_at_11.44.22_1.jpeg\" \/>\n\t<meta property=\"og:image:width\" content=\"1599\" \/>\n\t<meta property=\"og:image:height\" content=\"1066\" \/>\n\t<meta property=\"og:image:type\" content=\"image\/jpeg\" \/>\n<meta name=\"author\" content=\"Cleiton Pinheiro\" \/>\n<meta name=\"twitter:card\" content=\"summary_large_image\" \/>\n<meta name=\"twitter:label1\" content=\"Escrito por\" \/>\n\t<meta name=\"twitter:data1\" content=\"Cleiton Pinheiro\" \/>\n\t<meta name=\"twitter:label2\" content=\"Est. tempo de leitura\" \/>\n\t<meta name=\"twitter:data2\" content=\"3 minutos\" \/>\n<script type=\"application\/ld+json\" class=\"yoast-schema-graph\">{\"@context\":\"https:\/\/schema.org\",\"@graph\":[{\"@type\":\"Article\",\"@id\":\"https:\/\/cleitonpinheiro.com.br\/site\/prefeitura-de-palmas-convoca-moradores-do-jardim-taquari-para-cadastro-em-programa-de-reforma-de-moradias\/#article\",\"isPartOf\":{\"@id\":\"https:\/\/cleitonpinheiro.com.br\/site\/prefeitura-de-palmas-convoca-moradores-do-jardim-taquari-para-cadastro-em-programa-de-reforma-de-moradias\/\"},\"author\":{\"name\":\"Cleiton Pinheiro\",\"@id\":\"https:\/\/cleitonpinheiro.com.br\/site\/#\/schema\/person\/62fd4eb98fcc8bd3fc477aaff264af51\"},\"headline\":\"Prefeitura de Palmas convoca moradores do Jardim Taquari para cadastro em programa de reforma de moradias\",\"datePublished\":\"2026-09-02T20:03:43+00:00\",\"dateModified\":\"2026-09-02T20:03:47+00:00\",\"mainEntityOfPage\":{\"@id\":\"https:\/\/cleitonpinheiro.com.br\/site\/prefeitura-de-palmas-convoca-moradores-do-jardim-taquari-para-cadastro-em-programa-de-reforma-de-moradias\/\"},\"wordCount\":341,\"commentCount\":0,\"publisher\":{\"@id\":\"https:\/\/cleitonpinheiro.com.br\/site\/#organization\"},\"image\":{\"@id\":\"https:\/\/cleitonpinheiro.com.br\/site\/prefeitura-de-palmas-convoca-moradores-do-jardim-taquari-para-cadastro-em-programa-de-reforma-de-moradias\/#primaryimage\"},\"thumbnailUrl\":\"https:\/\/cleitonpinheiro.com.br\/site\/wp-content\/uploads\/2026\/09\/WhatsApp_Image_2026-08-28_at_11.44.22_1.jpeg\",\"articleSection\":[\"CIDADES\",\"MANCHETE SEGUND\u00c1RIA\",\"TODAS NOTICIAS\"],\"inLanguage\":\"pt-BR\",\"potentialAction\":[{\"@type\":\"CommentAction\",\"name\":\"Comment\",\"target\":[\"https:\/\/cleitonpinheiro.com.br\/site\/prefeitura-de-palmas-convoca-moradores-do-jardim-taquari-para-cadastro-em-programa-de-reforma-de-moradias\/#respond\"]}]},{\"@type\":\"WebPage\",\"@id\":\"https:\/\/cleitonpinheiro.com.br\/site\/prefeitura-de-palmas-convoca-moradores-do-jardim-taquari-para-cadastro-em-programa-de-reforma-de-moradias\/\",\"url\":\"https:\/\/cleitonpinheiro.com.br\/site\/prefeitura-de-palmas-convoca-moradores-do-jardim-taquari-para-cadastro-em-programa-de-reforma-de-moradias\/\",\"name\":\"Prefeitura de Palmas convoca moradores do Jardim Taquari para cadastro em programa de reforma de moradias - PORTAL DE NOT\u00cdCIAS CLEITON PINHEIRO\",\"isPartOf\":{\"@id\":\"https:\/\/cleitonpinheiro.com.br\/site\/#website\"},\"primaryImageOfPage\":{\"@id\":\"https:\/\/cleitonpinheiro.com.br\/site\/prefeitura-de-palmas-convoca-moradores-do-jardim-taquari-para-cadastro-em-programa-de-reforma-de-moradias\/#primaryimage\"},\"image\":{\"@id\":\"https:\/\/cleitonpinheiro.com.br\/site\/prefeitura-de-palmas-convoca-moradores-do-jardim-taquari-para-cadastro-em-programa-de-reforma-de-moradias\/#primaryimage\"},\"thumbnailUrl\":\"https:\/\/cleitonpinheiro.com.br\/site\/wp-content\/uploads\/2026\/09\/WhatsApp_Image_2026-08-28_at_11.44.22_1.jpeg\",\"datePublished\":\"2026-09-02T20:03:43+00:00\",\"dateModified\":\"2026-09-02T20:03:47+00:00\",\"breadcrumb\":{\"@id\":\"https:\/\/cleitonpinheiro.com.br\/site\/prefeitura-de-palmas-convoca-moradores-do-jardim-taquari-para-cadastro-em-programa-de-reforma-de-moradias\/#breadcrumb\"},\"inLanguage\":\"pt-BR\",\"potentialAction\":[{\"@type\":\"ReadAction\",\"target\":[\"https:\/\/cleitonpinheiro.com.br\/site\/prefeitura-de-palmas-convoca-moradores-do-jardim-taquari-para-cadastro-em-programa-de-reforma-de-moradias\/\"]}]},{\"@type\":\"ImageObject\",\"inLanguage\":\"pt-BR\",\"@id\":\"https:\/\/cleitonpinheiro.com.br\/site\/prefeitura-de-palmas-convoca-moradores-do-jardim-taquari-para-cadastro-em-programa-de-reforma-de-moradias\/#primaryimage\",\"url\":\"https:\/\/cleitonpinheiro.com.br\/site\/wp-content\/uploads\/2026\/09\/WhatsApp_Image_2026-08-28_at_11.44.22_1.jpeg\",\"contentUrl\":\"https:\/\/cleitonpinheiro.com.br\/site\/wp-content\/uploads\/2026\/09\/WhatsApp_Image_2026-08-28_at_11.44.22_1.jpeg\",\"width\":1599,\"height\":1066,\"caption\":\"@Francisco Barros\/Prefeitura de Palmas\"},{\"@type\":\"BreadcrumbList\",\"@id\":\"https:\/\/cleitonpinheiro.com.br\/site\/prefeitura-de-palmas-convoca-moradores-do-jardim-taquari-para-cadastro-em-programa-de-reforma-de-moradias\/#breadcrumb\",\"itemListElement\":[{\"@type\":\"ListItem\",\"position\":1,\"name\":\"In\u00edcio\",\"item\":\"https:\/\/cleitonpinheiro.com.br\/site\/\"},{\"@type\":\"ListItem\",\"position\":2,\"name\":\"Prefeitura de Palmas convoca moradores do Jardim Taquari para cadastro em programa de reforma de moradias\"}]},{\"@type\":\"WebSite\",\"@id\":\"https:\/\/cleitonpinheiro.com.br\/site\/#website\",\"url\":\"https:\/\/cleitonpinheiro.com.br\/site\/\",\"name\":\"PORTAL DE NOT\u00cdCIAS CLEITON PINHEIRO\",\"description\":\"FALANDO A VERDADE\",\"publisher\":{\"@id\":\"https:\/\/cleitonpinheiro.com.br\/site\/#organization\"},\"potentialAction\":[{\"@type\":\"SearchAction\",\"target\":{\"@type\":\"EntryPoint\",\"urlTemplate\":\"https:\/\/cleitonpinheiro.com.br\/site\/?s={search_term_string}\"},\"query-input\":{\"@type\":\"PropertyValueSpecification\",\"valueRequired\":true,\"valueName\":\"search_term_string\"}}],\"inLanguage\":\"pt-BR\"},{\"@type\":\"Organization\",\"@id\":\"https:\/\/cleitonpinheiro.com.br\/site\/#organization\",\"name\":\"CPNOT\u00cdCIAS\",\"url\":\"https:\/\/cleitonpinheiro.com.br\/site\/\",\"logo\":{\"@type\":\"ImageObject\",\"inLanguage\":\"pt-BR\",\"@id\":\"https:\/\/cleitonpinheiro.com.br\/site\/#\/schema\/logo\/image\/\",\"url\":\"https:\/\/cleitonpinheiro.com.br\/site\/wp-content\/uploads\/2022\/08\/Logo-pequena-2.png\",\"contentUrl\":\"https:\/\/cleitonpinheiro.com.br\/site\/wp-content\/uploads\/2022\/08\/Logo-pequena-2.png\",\"width\":500,\"height\":500,\"caption\":\"CPNOT\u00cdCIAS\"},\"image\":{\"@id\":\"https:\/\/cleitonpinheiro.com.br\/site\/#\/schema\/logo\/image\/\"},\"sameAs\":[\"https:\/\/www.facebook.com\/portalcpnoticias\/\"]},{\"@type\":\"Person\",\"@id\":\"https:\/\/cleitonpinheiro.com.br\/site\/#\/schema\/person\/62fd4eb98fcc8bd3fc477aaff264af51\",\"name\":\"Cleiton Pinheiro\",\"image\":{\"@type\":\"ImageObject\",\"inLanguage\":\"pt-BR\",\"@id\":\"https:\/\/cleitonpinheiro.com.br\/site\/#\/schema\/person\/image\/\",\"url\":\"https:\/\/secure.gravatar.com\/avatar\/15642ec35b78fe5eed3cfa8e4a3f3211d73a3df4f35f0566b4324958cba1b1b9?s=96&r=g\",\"contentUrl\":\"https:\/\/secure.gravatar.com\/avatar\/15642ec35b78fe5eed3cfa8e4a3f3211d73a3df4f35f0566b4324958cba1b1b9?s=96&r=g\",\"caption\":\"Cleiton Pinheiro\"},\"url\":\"https:\/\/cleitonpinheiro.com.br\/site\/author\/cleiton\/\"}]}<\/script>\n<!-- \/ Yoast SEO plugin. -->","yoast_head_json":{"title":"Prefeitura de Palmas convoca moradores do Jardim Taquari para cadastro em programa de reforma de moradias - PORTAL DE NOT\u00cdCIAS CLEITON PINHEIRO","robots":{"index":"index","follow":"follow","max-snippet":"max-snippet:-1","max-image-preview":"max-image-preview:large","max-video-preview":"max-video-preview:-1"},"canonical":"https:\/\/cleitonpinheiro.com.br\/site\/prefeitura-de-palmas-convoca-moradores-do-jardim-taquari-para-cadastro-em-programa-de-reforma-de-moradias\/","og_locale":"pt_BR","og_type":"article","og_title":"Prefeitura de Palmas convoca moradores do Jardim Taquari para cadastro em programa de reforma de moradias - PORTAL DE NOT\u00cdCIAS CLEITON PINHEIRO","og_description":"A Prefeitura de Palmas realiza nesta quinta-feira, 3, um mutir\u00e3o de cadastramento para moradores do Jardim Taquari interessados em participar do Programa Periferia Viva \u2013 Reformas. A a\u00e7\u00e3o ser\u00e1 realizada a partir das 8 horas, na sede da Subprefeitura do Taquari, onde equipes da Secretaria de Infraestrutura e Habita\u00e7\u00e3o (Seihab) estar\u00e3o dispon\u00edveis para orientar a [&hellip;]","og_url":"https:\/\/cleitonpinheiro.com.br\/site\/prefeitura-de-palmas-convoca-moradores-do-jardim-taquari-para-cadastro-em-programa-de-reforma-de-moradias\/","og_site_name":"PORTAL DE NOT\u00cdCIAS CLEITON PINHEIRO","article_publisher":"https:\/\/www.facebook.com\/portalcpnoticias\/","article_published_time":"2026-09-02T20:03:43+00:00","article_modified_time":"2026-09-02T20:03:47+00:00","og_image":[{"width":1599,"height":1066,"url":"https:\/\/cleitonpinheiro.com.br\/site\/wp-content\/uploads\/2026\/09\/WhatsApp_Image_2026-08-28_at_11.44.22_1.jpeg","type":"image\/jpeg"}],"author":"Cleiton Pinheiro","twitter_card":"summary_large_image","twitter_misc":{"Escrito por":"Cleiton Pinheiro","Est. tempo de leitura":"3 minutos"},"schema":{"@context":"https:\/\/schema.org","@graph":[{"@type":"Article","@id":"https:\/\/cleitonpinheiro.com.br\/site\/prefeitura-de-palmas-convoca-moradores-do-jardim-taquari-para-cadastro-em-programa-de-reforma-de-moradias\/#article","isPartOf":{"@id":"https:\/\/cleitonpinheiro.com.br\/site\/prefeitura-de-palmas-convoca-moradores-do-jardim-taquari-para-cadastro-em-programa-de-reforma-de-moradias\/"},"author":{"name":"Cleiton Pinheiro","@id":"https:\/\/cleitonpinheiro.com.br\/site\/#\/schema\/person\/62fd4eb98fcc8bd3fc477aaff264af51"},"headline":"Prefeitura de Palmas convoca moradores do Jardim Taquari para cadastro em programa de reforma de moradias","datePublished":"2026-09-02T20:03:43+00:00","dateModified":"2026-09-02T20:03:47+00:00","mainEntityOfPage":{"@id":"https:\/\/cleitonpinheiro.com.br\/site\/prefeitura-de-palmas-convoca-moradores-do-jardim-taquari-para-cadastro-em-programa-de-reforma-de-moradias\/"},"wordCount":341,"commentCount":0,"publisher":{"@id":"https:\/\/cleitonpinheiro.com.br\/site\/#organization"},"image":{"@id":"https:\/\/cleitonpinheiro.com.br\/site\/prefeitura-de-palmas-convoca-moradores-do-jardim-taquari-para-cadastro-em-programa-de-reforma-de-moradias\/#primaryimage"},"thumbnailUrl":"https:\/\/cleitonpinheiro.com.br\/site\/wp-content\/uploads\/2026\/09\/WhatsApp_Image_2026-08-28_at_11.44.22_1.jpeg","articleSection":["CIDADES","MANCHETE SEGUND\u00c1RIA","TODAS NOTICIAS"],"inLanguage":"pt-BR","potentialAction":[{"@type":"CommentAction","name":"Comment","target":["https:\/\/cleitonpinheiro.com.br\/site\/prefeitura-de-palmas-convoca-moradores-do-jardim-taquari-para-cadastro-em-programa-de-reforma-de-moradias\/#respond"]}]},{"@type":"WebPage","@id":"https:\/\/cleitonpinheiro.com.br\/site\/prefeitura-de-palmas-convoca-moradores-do-jardim-taquari-para-cadastro-em-programa-de-reforma-de-moradias\/","url":"https:\/\/cleitonpinheiro.com.br\/site\/prefeitura-de-palmas-convoca-moradores-do-jardim-taquari-para-cadastro-em-programa-de-reforma-de-moradias\/","name":"Prefeitura de Palmas convoca moradores do Jardim Taquari para cadastro em programa de reforma de moradias - PORTAL DE NOT\u00cdCIAS CLEITON PINHEIRO","isPartOf":{"@id":"https:\/\/cleitonpinheiro.com.br\/site\/#website"},"primaryImageOfPage":{"@id":"https:\/\/cleitonpinheiro.com.br\/site\/prefeitura-de-palmas-convoca-moradores-do-jardim-taquari-para-cadastro-em-programa-de-reforma-de-moradias\/#primaryimage"},"image":{"@id":"https:\/\/cleitonpinheiro.com.br\/site\/prefeitura-de-palmas-convoca-moradores-do-jardim-taquari-para-cadastro-em-programa-de-reforma-de-moradias\/#primaryimage"},"thumbnailUrl":"https:\/\/cleitonpinheiro.com.br\/site\/wp-content\/uploads\/2026\/09\/WhatsApp_Image_2026-08-28_at_11.44.22_1.jpeg","datePublished":"2026-09-02T20:03:43+00:00","dateModified":"2026-09-02T20:03:47+00:00","breadcrumb":{"@id":"https:\/\/cleitonpinheiro.com.br\/site\/prefeitura-de-palmas-convoca-moradores-do-jardim-taquari-para-cadastro-em-programa-de-reforma-de-moradias\/#breadcrumb"},"inLanguage":"pt-BR","potentialAction":[{"@type":"ReadAction","target":["https:\/\/cleitonpinheiro.com.br\/site\/prefeitura-de-palmas-convoca-moradores-do-jardim-taquari-para-cadastro-em-programa-de-reforma-de-moradias\/"]}]},{"@type":"ImageObject","inLanguage":"pt-BR","@id":"https:\/\/cleitonpinheiro.com.br\/site\/prefeitura-de-palmas-convoca-moradores-do-jardim-taquari-para-cadastro-em-programa-de-reforma-de-moradias\/#primaryimage","url":"https:\/\/cleitonpinheiro.com.br\/site\/wp-content\/uploads\/2026\/09\/WhatsApp_Image_2026-08-28_at_11.44.22_1.jpeg","contentUrl":"https:\/\/cleitonpinheiro.com.br\/site\/wp-content\/uploads\/2026\/09\/WhatsApp_Image_2026-08-28_at_11.44.22_1.jpeg","width":1599,"height":1066,"caption":"@Francisco Barros\/Prefeitura de Palmas"},{"@type":"BreadcrumbList","@id":"https:\/\/cleitonpinheiro.com.br\/site\/prefeitura-de-palmas-convoca-moradores-do-jardim-taquari-para-cadastro-em-programa-de-reforma-de-moradias\/#breadcrumb","itemListElement":[{"@type":"ListItem","position":1,"name":"In\u00edcio","item":"https:\/\/cleitonpinheiro.com.br\/site\/"},{"@type":"ListItem","position":2,"name":"Prefeitura de Palmas convoca moradores do Jardim Taquari para cadastro em programa de reforma de moradias"}]},{"@type":"WebSite","@id":"https:\/\/cleitonpinheiro.com.br\/site\/#website","url":"https:\/\/cleitonpinheiro.com.br\/site\/","name":"PORTAL DE NOT\u00cdCIAS CLEITON PINHEIRO","description":"FALANDO A VERDADE","publisher":{"@id":"https:\/\/cleitonpinheiro.com.br\/site\/#organization"},"potentialAction":[{"@type":"SearchAction","target":{"@type":"EntryPoint","urlTemplate":"https:\/\/cleitonpinheiro.com.br\/site\/?s={search_term_string}"},"query-input":{"@type":"PropertyValueSpecification","valueRequired":true,"valueName":"search_term_string"}}],"inLanguage":"pt-BR"},{"@type":"Organization","@id":"https:\/\/cleitonpinheiro.com.br\/site\/#organization","name":"CPNOT\u00cdCIAS","url":"https:\/\/cleitonpinheiro.com.br\/site\/","logo":{"@type":"ImageObject","inLanguage":"pt-BR","@id":"https:\/\/cleitonpinheiro.com.br\/site\/#\/schema\/logo\/image\/","url":"https:\/\/cleitonpinheiro.com.br\/site\/wp-content\/uploads\/2022\/08\/Logo-pequena-2.png","contentUrl":"https:\/\/cleitonpinheiro.com.br\/site\/wp-content\/uploads\/2022\/08\/Logo-pequena-2.png","width":500,"height":500,"caption":"CPNOT\u00cdCIAS"},"image":{"@id":"https:\/\/cleitonpinheiro.com.br\/site\/#\/schema\/logo\/image\/"},"sameAs":["https:\/\/www.facebook.com\/portalcpnoticias\/"]},{"@type":"Person","@id":"https:\/\/cleitonpinheiro.com.br\/site\/#\/schema\/person\/62fd4eb98fcc8bd3fc477aaff264af51","name":"Cleiton Pinheiro","image":{"@type":"ImageObject","inLanguage":"pt-BR","@id":"https:\/\/cleitonpinheiro.com.br\/site\/#\/schema\/person\/image\/","url":"https:\/\/secure.gravatar.com\/avatar\/15642ec35b78fe5eed3cfa8e4a3f3211d73a3df4f35f0566b4324958cba1b1b9?s=96&r=g","contentUrl":"https:\/\/secure.gravatar.com\/avatar\/15642ec35b78fe5eed3cfa8e4a3f3211d73a3df4f35f0566b4324958cba1b1b9?s=96&r=g","caption":"Cleiton Pinheiro"},"url":"https:\/\/cleitonpinheiro.com.br\/site\/author\/cleiton\/"}]}},"views":23,"_links":{"self":[{"href":"https:\/\/cleitonpinheiro.com.br\/site\/wp-json\/wp\/v2\/posts\/89140","targetHints":{"allow":["GET"]}}],"collection":[{"href":"https:\/\/cleitonpinheiro.com.br\/site\/wp-json\/wp\/v2\/posts"}],"about":[{"href":"https:\/\/cleitonpinheiro.com.br\/site\/wp-json\/wp\/v2\/types\/post"}],"author":[{"embeddable":true,"href":"https:\/\/cleitonpinheiro.com.br\/site\/wp-json\/wp\/v2\/users\/10"}],"replies":[{"embeddable":true,"href":"https:\/\/cleitonpinheiro.com.br\/site\/wp-json\/wp\/v2\/comments?post=89140"}],"version-history":[{"count":1,"href":"https:\/\/cleitonpinheiro.com.br\/site\/wp-json\/wp\/v2\/posts\/89140\/revisions"}],"predecessor-version":[{"id":89142,"href":"https:\/\/cleitonpinheiro.com.br\/site\/wp-json\/wp\/v2\/posts\/89140\/revisions\/89142"}],"wp:featuredmedia":[{"embeddable":true,"href":"https:\/\/cleitonpinheiro.com.br\/site\/wp-json\/wp\/v2\/media\/89141"}],"wp:attachment":[{"href":"https:\/\/cleitonpinheiro.com.br\/site\/wp-json\/wp\/v2\/media?parent=89140"}],"wp:term":[{"taxonomy":"category","embeddable":true,"href":"https:\/\/cleitonpinheiro.com.br\/site\/wp-json\/wp\/v2\/categories?post=89140"},{"taxonomy":"post_tag","embeddable":true,"href":"https:\/\/cleitonpinheiro.com.br\/site\/wp-json\/wp\/v2\/tags?post=89140"}],"curies":[{"name":"wp","href":"https:\/\/api.w.org\/{rel}","templated":true}]}}