{"id":89143,"date":"2026-09-02T17:07:52","date_gmt":"2026-09-02T20:07:52","guid":{"rendered":"https:\/\/cleitonpinheiro.com.br\/site\/?p=89143"},"modified":"2026-09-02T17:07:57","modified_gmt":"2026-09-02T20:07:57","slug":"partidos-federacoes-coligacoes-e-candidatos-devem-comunicar-atos-de-campanha-em-vias-publicas-de-palmas-via-formulario","status":"publish","type":"post","link":"https:\/\/cleitonpinheiro.com.br\/site\/partidos-federacoes-coligacoes-e-candidatos-devem-comunicar-atos-de-campanha-em-vias-publicas-de-palmas-via-formulario\/","title":{"rendered":"Partidos, federa\u00e7\u00f5es, coliga\u00e7\u00f5es e candidatos devem comunicar atos de campanha em vias p\u00fablicas de Palmas via formul\u00e1rio"},"content":{"rendered":"\n<figure class=\"wp-block-image size-full\"><img fetchpriority=\"high\" decoding=\"async\" width=\"758\" height=\"409\" src=\"https:\/\/cleitonpinheiro.com.br\/site\/wp-content\/uploads\/2026\/09\/image-1140-1dbc1c3f22f7f955df3dd3f9b486b832.png\" alt=\"\" class=\"wp-image-89144\" srcset=\"https:\/\/cleitonpinheiro.com.br\/site\/wp-content\/uploads\/2026\/09\/image-1140-1dbc1c3f22f7f955df3dd3f9b486b832.png 758w, https:\/\/cleitonpinheiro.com.br\/site\/wp-content\/uploads\/2026\/09\/image-1140-1dbc1c3f22f7f955df3dd3f9b486b832-300x162.png 300w\" sizes=\"(max-width: 758px) 100vw, 758px\" \/><\/figure>\n\n\n\n<p class=\"wp-block-paragraph\">Partidos pol\u00edticos, federa\u00e7\u00f5es, coliga\u00e7\u00f5es, candidatas e candidatos que realizarem atos de propaganda eleitoral em vias e locais p\u00fablicos de Palmas devem comunicar previamente a realiza\u00e7\u00e3o dos eventos \u00e0 Secretaria Municipal de Mobilidade e Transporte P\u00fablico (Semobt). A Justi\u00e7a Eleitoral do Tocantins destaca que a medida est\u00e1 prevista na&nbsp;<a href=\"https:\/\/diariooficial.palmas.to.gov.br\/media\/diario\/4007-6-8-2026-21-35-52.pdf\">Portaria n\u00ba 57\/GAB\/SEMOBT\/2026<\/a>, publicada pela Prefeitura de Palmas no \u00faltimo dia 6 de agosto.<\/p>\n\n\n\n<p class=\"wp-block-paragraph\">De acordo com a Portaria, n\u00e3o \u00e9 mais necess\u00e1rio solicitar alvar\u00e1 ou autoriza\u00e7\u00e3o municipal para a realiza\u00e7\u00e3o de com\u00edcios, passeatas e carreatas. No entanto, os organizadores devem preencher um&nbsp;<a href=\"https:\/\/docs.google.com\/forms\/d\/e\/1FAIpQLSfGhW5qsmZIlmsVbM54-pK8ZagmMXwrLFqVRd7c-36nRVp1pg\/viewform\">formul\u00e1rio eletr\u00f4nico de comunica\u00e7\u00e3o pr\u00e9via&nbsp;<\/a>com, no m\u00ednimo, 24 horas de anteced\u00eancia ao evento e a prioridade de utiliza\u00e7\u00e3o da via p\u00fablica ser\u00e1 definida pela ordem de envio da notifica\u00e7\u00e3o, considerando a data e o hor\u00e1rio do preenchimento do formul\u00e1rio.<\/p>\n\n\n\n<p class=\"wp-block-paragraph\">A medida busca organizar o uso das vias p\u00fablicas durante o per\u00edodo de campanha eleitoral, contribuindo assim para a seguran\u00e7a vi\u00e1ria e a fluidez do tr\u00e2nsito na capital palmense.<\/p>\n\n\n\n<p class=\"wp-block-paragraph\"><strong>O que deve ser informado no formul\u00e1rio?<\/strong><\/p>\n\n\n\n<p class=\"wp-block-paragraph\">O formul\u00e1rio eletr\u00f4nico re\u00fane as informa\u00e7\u00f5es necess\u00e1rias para o planejamento operacional do tr\u00e2nsito durante os atos de campanha. Os organizadores dever\u00e3o informar:<\/p>\n\n\n\n<ul class=\"wp-block-list\">\n<li>Nome do candidato, partido, federa\u00e7\u00e3o ou coliga\u00e7\u00e3o respons\u00e1vel pelo evento;<\/li>\n\n\n\n<li>Data, hor\u00e1rio de in\u00edcio e previs\u00e3o de t\u00e9rmino da atividade;<\/li>\n\n\n\n<li>Tipo de ato de campanha, como por exemplo carreata, passeata, caminhada, com\u00edcio ou panfletagem;<\/li>\n\n\n\n<li>Estimativa de p\u00fablico e\/ou quantidade de ve\u00edculos participantes;<\/li>\n\n\n\n<li>Local ou itiner\u00e1rio completo do evento;<\/li>\n\n\n\n<li>Telefone ou WhatsApp para contato imediato com os agentes de tr\u00e2nsito;<\/li>\n\n\n\n<li>Declara\u00e7\u00e3o de ci\u00eancia do organizador quanto \u00e0s restri\u00e7\u00f5es legais de dist\u00e2ncia dos pr\u00e9dios p\u00fablicos.<\/li>\n<\/ul>\n\n\n\n<p class=\"wp-block-paragraph\"><strong>Aten\u00e7\u00e3o \u00e0s restri\u00e7\u00f5es legais<\/strong><\/p>\n\n\n\n<p class=\"wp-block-paragraph\">Vale ressaltar ainda que deve ser respeitada a legisla\u00e7\u00e3o eleitoral quanto \u00e0 realiza\u00e7\u00e3o de atos de campanha pr\u00f3ximos a determinados locais. Com\u00edcios e eventos com sonoriza\u00e7\u00e3o amplificada n\u00e3o podem ocorrer a menos de 200 metros de escolas, bibliotecas p\u00fablicas, igrejas e teatro quando estiverem em funcionamento. J\u00e1 para hospitais, casas de sa\u00fade, quart\u00e9is e sedes dos Poderes, a restri\u00e7\u00e3o \u00e9 permanente.<\/p>\n\n\n\n<p class=\"wp-block-paragraph\"><strong>Objetivos Estrat\u00e9gicos:<\/strong><\/p>\n\n\n\n<p class=\"wp-block-paragraph\">2- Aprimorar mecanismos de transpar\u00eancia p\u00fablica<\/p>\n\n\n\n<p class=\"wp-block-paragraph\">3- Fomentar a educa\u00e7\u00e3o pol\u00edtica da sociedade<\/p>\n\n\n\n<p class=\"wp-block-paragraph\">Texto: Lanne Hadassa (Ascom\/TRE-TO)<\/p>\n","protected":false},"excerpt":{"rendered":"<p>Partidos pol\u00edticos, federa\u00e7\u00f5es, coliga\u00e7\u00f5es, candidatas e candidatos que realizarem atos de propaganda eleitoral em vias e locais p\u00fablicos de Palmas devem comunicar previamente a realiza\u00e7\u00e3o dos eventos \u00e0 Secretaria Municipal de Mobilidade e Transporte P\u00fablico (Semobt). A Justi\u00e7a Eleitoral do Tocantins destaca que a medida est\u00e1 prevista na&nbsp;Portaria n\u00ba 57\/GAB\/SEMOBT\/2026, publicada pela Prefeitura de Palmas [&hellip;]<\/p>\n","protected":false},"author":10,"featured_media":89144,"comment_status":"open","ping_status":"open","sticky":false,"template":"","format":"standard","meta":{"_acf_changed":false,"footnotes":""},"categories":[898,23,21],"tags":[],"class_list":["post-89143","post","type-post","status-publish","format-standard","has-post-thumbnail","hentry","category-manchete-segundaria","category-politica","category-todas-noticias"],"acf":[],"yoast_head":"<!-- This site is optimized with the Yoast SEO plugin v24.4 - https:\/\/yoast.com\/wordpress\/plugins\/seo\/ -->\n<title>Partidos, federa\u00e7\u00f5es, coliga\u00e7\u00f5es e candidatos devem comunicar atos de campanha em vias p\u00fablicas de Palmas via formul\u00e1rio - PORTAL DE NOT\u00cdCIAS CLEITON PINHEIRO<\/title>\n<meta name=\"robots\" content=\"index, follow, max-snippet:-1, max-image-preview:large, max-video-preview:-1\" \/>\n<link rel=\"canonical\" href=\"https:\/\/cleitonpinheiro.com.br\/site\/partidos-federacoes-coligacoes-e-candidatos-devem-comunicar-atos-de-campanha-em-vias-publicas-de-palmas-via-formulario\/\" \/>\n<meta property=\"og:locale\" content=\"pt_BR\" \/>\n<meta property=\"og:type\" content=\"article\" \/>\n<meta property=\"og:title\" content=\"Partidos, federa\u00e7\u00f5es, coliga\u00e7\u00f5es e candidatos devem comunicar atos de campanha em vias p\u00fablicas de Palmas via formul\u00e1rio - PORTAL DE NOT\u00cdCIAS CLEITON PINHEIRO\" \/>\n<meta property=\"og:description\" content=\"Partidos pol\u00edticos, federa\u00e7\u00f5es, coliga\u00e7\u00f5es, candidatas e candidatos que realizarem atos de propaganda eleitoral em vias e locais p\u00fablicos de Palmas devem comunicar previamente a realiza\u00e7\u00e3o dos eventos \u00e0 Secretaria Municipal de Mobilidade e Transporte P\u00fablico (Semobt). A Justi\u00e7a Eleitoral do Tocantins destaca que a medida est\u00e1 prevista na&nbsp;Portaria n\u00ba 57\/GAB\/SEMOBT\/2026, publicada pela Prefeitura de Palmas [&hellip;]\" \/>\n<meta property=\"og:url\" content=\"https:\/\/cleitonpinheiro.com.br\/site\/partidos-federacoes-coligacoes-e-candidatos-devem-comunicar-atos-de-campanha-em-vias-publicas-de-palmas-via-formulario\/\" \/>\n<meta property=\"og:site_name\" content=\"PORTAL DE NOT\u00cdCIAS CLEITON PINHEIRO\" \/>\n<meta property=\"article:publisher\" content=\"https:\/\/www.facebook.com\/portalcpnoticias\/\" \/>\n<meta property=\"article:published_time\" content=\"2026-09-02T20:07:52+00:00\" \/>\n<meta property=\"article:modified_time\" content=\"2026-09-02T20:07:57+00:00\" \/>\n<meta property=\"og:image\" content=\"https:\/\/cleitonpinheiro.com.br\/site\/wp-content\/uploads\/2026\/09\/image-1140-1dbc1c3f22f7f955df3dd3f9b486b832.png\" \/>\n\t<meta property=\"og:image:width\" content=\"758\" \/>\n\t<meta property=\"og:image:height\" content=\"409\" \/>\n\t<meta property=\"og:image:type\" content=\"image\/png\" \/>\n<meta name=\"author\" content=\"Cleiton Pinheiro\" \/>\n<meta name=\"twitter:card\" content=\"summary_large_image\" \/>\n<meta name=\"twitter:label1\" content=\"Escrito por\" \/>\n\t<meta name=\"twitter:data1\" content=\"Cleiton Pinheiro\" \/>\n\t<meta name=\"twitter:label2\" content=\"Est. tempo de leitura\" \/>\n\t<meta name=\"twitter:data2\" content=\"3 minutos\" \/>\n<script type=\"application\/ld+json\" class=\"yoast-schema-graph\">{\"@context\":\"https:\/\/schema.org\",\"@graph\":[{\"@type\":\"Article\",\"@id\":\"https:\/\/cleitonpinheiro.com.br\/site\/partidos-federacoes-coligacoes-e-candidatos-devem-comunicar-atos-de-campanha-em-vias-publicas-de-palmas-via-formulario\/#article\",\"isPartOf\":{\"@id\":\"https:\/\/cleitonpinheiro.com.br\/site\/partidos-federacoes-coligacoes-e-candidatos-devem-comunicar-atos-de-campanha-em-vias-publicas-de-palmas-via-formulario\/\"},\"author\":{\"name\":\"Cleiton Pinheiro\",\"@id\":\"https:\/\/cleitonpinheiro.com.br\/site\/#\/schema\/person\/62fd4eb98fcc8bd3fc477aaff264af51\"},\"headline\":\"Partidos, federa\u00e7\u00f5es, coliga\u00e7\u00f5es e candidatos devem comunicar atos de campanha em vias p\u00fablicas de Palmas via formul\u00e1rio\",\"datePublished\":\"2026-09-02T20:07:52+00:00\",\"dateModified\":\"2026-09-02T20:07:57+00:00\",\"mainEntityOfPage\":{\"@id\":\"https:\/\/cleitonpinheiro.com.br\/site\/partidos-federacoes-coligacoes-e-candidatos-devem-comunicar-atos-de-campanha-em-vias-publicas-de-palmas-via-formulario\/\"},\"wordCount\":437,\"commentCount\":0,\"publisher\":{\"@id\":\"https:\/\/cleitonpinheiro.com.br\/site\/#organization\"},\"image\":{\"@id\":\"https:\/\/cleitonpinheiro.com.br\/site\/partidos-federacoes-coligacoes-e-candidatos-devem-comunicar-atos-de-campanha-em-vias-publicas-de-palmas-via-formulario\/#primaryimage\"},\"thumbnailUrl\":\"https:\/\/cleitonpinheiro.com.br\/site\/wp-content\/uploads\/2026\/09\/image-1140-1dbc1c3f22f7f955df3dd3f9b486b832.png\",\"articleSection\":[\"MANCHETE SEGUND\u00c1RIA\",\"POL\u00cdTICA\",\"TODAS NOTICIAS\"],\"inLanguage\":\"pt-BR\",\"potentialAction\":[{\"@type\":\"CommentAction\",\"name\":\"Comment\",\"target\":[\"https:\/\/cleitonpinheiro.com.br\/site\/partidos-federacoes-coligacoes-e-candidatos-devem-comunicar-atos-de-campanha-em-vias-publicas-de-palmas-via-formulario\/#respond\"]}]},{\"@type\":\"WebPage\",\"@id\":\"https:\/\/cleitonpinheiro.com.br\/site\/partidos-federacoes-coligacoes-e-candidatos-devem-comunicar-atos-de-campanha-em-vias-publicas-de-palmas-via-formulario\/\",\"url\":\"https:\/\/cleitonpinheiro.com.br\/site\/partidos-federacoes-coligacoes-e-candidatos-devem-comunicar-atos-de-campanha-em-vias-publicas-de-palmas-via-formulario\/\",\"name\":\"Partidos, federa\u00e7\u00f5es, coliga\u00e7\u00f5es e candidatos devem comunicar atos de campanha em vias p\u00fablicas de Palmas via formul\u00e1rio - PORTAL DE NOT\u00cdCIAS CLEITON PINHEIRO\",\"isPartOf\":{\"@id\":\"https:\/\/cleitonpinheiro.com.br\/site\/#website\"},\"primaryImageOfPage\":{\"@id\":\"https:\/\/cleitonpinheiro.com.br\/site\/partidos-federacoes-coligacoes-e-candidatos-devem-comunicar-atos-de-campanha-em-vias-publicas-de-palmas-via-formulario\/#primaryimage\"},\"image\":{\"@id\":\"https:\/\/cleitonpinheiro.com.br\/site\/partidos-federacoes-coligacoes-e-candidatos-devem-comunicar-atos-de-campanha-em-vias-publicas-de-palmas-via-formulario\/#primaryimage\"},\"thumbnailUrl\":\"https:\/\/cleitonpinheiro.com.br\/site\/wp-content\/uploads\/2026\/09\/image-1140-1dbc1c3f22f7f955df3dd3f9b486b832.png\",\"datePublished\":\"2026-09-02T20:07:52+00:00\",\"dateModified\":\"2026-09-02T20:07:57+00:00\",\"breadcrumb\":{\"@id\":\"https:\/\/cleitonpinheiro.com.br\/site\/partidos-federacoes-coligacoes-e-candidatos-devem-comunicar-atos-de-campanha-em-vias-publicas-de-palmas-via-formulario\/#breadcrumb\"},\"inLanguage\":\"pt-BR\",\"potentialAction\":[{\"@type\":\"ReadAction\",\"target\":[\"https:\/\/cleitonpinheiro.com.br\/site\/partidos-federacoes-coligacoes-e-candidatos-devem-comunicar-atos-de-campanha-em-vias-publicas-de-palmas-via-formulario\/\"]}]},{\"@type\":\"ImageObject\",\"inLanguage\":\"pt-BR\",\"@id\":\"https:\/\/cleitonpinheiro.com.br\/site\/partidos-federacoes-coligacoes-e-candidatos-devem-comunicar-atos-de-campanha-em-vias-publicas-de-palmas-via-formulario\/#primaryimage\",\"url\":\"https:\/\/cleitonpinheiro.com.br\/site\/wp-content\/uploads\/2026\/09\/image-1140-1dbc1c3f22f7f955df3dd3f9b486b832.png\",\"contentUrl\":\"https:\/\/cleitonpinheiro.com.br\/site\/wp-content\/uploads\/2026\/09\/image-1140-1dbc1c3f22f7f955df3dd3f9b486b832.png\",\"width\":758,\"height\":409},{\"@type\":\"BreadcrumbList\",\"@id\":\"https:\/\/cleitonpinheiro.com.br\/site\/partidos-federacoes-coligacoes-e-candidatos-devem-comunicar-atos-de-campanha-em-vias-publicas-de-palmas-via-formulario\/#breadcrumb\",\"itemListElement\":[{\"@type\":\"ListItem\",\"position\":1,\"name\":\"In\u00edcio\",\"item\":\"https:\/\/cleitonpinheiro.com.br\/site\/\"},{\"@type\":\"ListItem\",\"position\":2,\"name\":\"Partidos, federa\u00e7\u00f5es, coliga\u00e7\u00f5es e candidatos devem comunicar atos de campanha em vias p\u00fablicas de Palmas via formul\u00e1rio\"}]},{\"@type\":\"WebSite\",\"@id\":\"https:\/\/cleitonpinheiro.com.br\/site\/#website\",\"url\":\"https:\/\/cleitonpinheiro.com.br\/site\/\",\"name\":\"PORTAL DE NOT\u00cdCIAS CLEITON PINHEIRO\",\"description\":\"FALANDO A VERDADE\",\"publisher\":{\"@id\":\"https:\/\/cleitonpinheiro.com.br\/site\/#organization\"},\"potentialAction\":[{\"@type\":\"SearchAction\",\"target\":{\"@type\":\"EntryPoint\",\"urlTemplate\":\"https:\/\/cleitonpinheiro.com.br\/site\/?s={search_term_string}\"},\"query-input\":{\"@type\":\"PropertyValueSpecification\",\"valueRequired\":true,\"valueName\":\"search_term_string\"}}],\"inLanguage\":\"pt-BR\"},{\"@type\":\"Organization\",\"@id\":\"https:\/\/cleitonpinheiro.com.br\/site\/#organization\",\"name\":\"CPNOT\u00cdCIAS\",\"url\":\"https:\/\/cleitonpinheiro.com.br\/site\/\",\"logo\":{\"@type\":\"ImageObject\",\"inLanguage\":\"pt-BR\",\"@id\":\"https:\/\/cleitonpinheiro.com.br\/site\/#\/schema\/logo\/image\/\",\"url\":\"https:\/\/cleitonpinheiro.com.br\/site\/wp-content\/uploads\/2022\/08\/Logo-pequena-2.png\",\"contentUrl\":\"https:\/\/cleitonpinheiro.com.br\/site\/wp-content\/uploads\/2022\/08\/Logo-pequena-2.png\",\"width\":500,\"height\":500,\"caption\":\"CPNOT\u00cdCIAS\"},\"image\":{\"@id\":\"https:\/\/cleitonpinheiro.com.br\/site\/#\/schema\/logo\/image\/\"},\"sameAs\":[\"https:\/\/www.facebook.com\/portalcpnoticias\/\"]},{\"@type\":\"Person\",\"@id\":\"https:\/\/cleitonpinheiro.com.br\/site\/#\/schema\/person\/62fd4eb98fcc8bd3fc477aaff264af51\",\"name\":\"Cleiton Pinheiro\",\"image\":{\"@type\":\"ImageObject\",\"inLanguage\":\"pt-BR\",\"@id\":\"https:\/\/cleitonpinheiro.com.br\/site\/#\/schema\/person\/image\/\",\"url\":\"https:\/\/secure.gravatar.com\/avatar\/15642ec35b78fe5eed3cfa8e4a3f3211d73a3df4f35f0566b4324958cba1b1b9?s=96&r=g\",\"contentUrl\":\"https:\/\/secure.gravatar.com\/avatar\/15642ec35b78fe5eed3cfa8e4a3f3211d73a3df4f35f0566b4324958cba1b1b9?s=96&r=g\",\"caption\":\"Cleiton Pinheiro\"},\"url\":\"https:\/\/cleitonpinheiro.com.br\/site\/author\/cleiton\/\"}]}<\/script>\n<!-- \/ Yoast SEO plugin. -->","yoast_head_json":{"title":"Partidos, federa\u00e7\u00f5es, coliga\u00e7\u00f5es e candidatos devem comunicar atos de campanha em vias p\u00fablicas de Palmas via formul\u00e1rio - PORTAL DE NOT\u00cdCIAS CLEITON PINHEIRO","robots":{"index":"index","follow":"follow","max-snippet":"max-snippet:-1","max-image-preview":"max-image-preview:large","max-video-preview":"max-video-preview:-1"},"canonical":"https:\/\/cleitonpinheiro.com.br\/site\/partidos-federacoes-coligacoes-e-candidatos-devem-comunicar-atos-de-campanha-em-vias-publicas-de-palmas-via-formulario\/","og_locale":"pt_BR","og_type":"article","og_title":"Partidos, federa\u00e7\u00f5es, coliga\u00e7\u00f5es e candidatos devem comunicar atos de campanha em vias p\u00fablicas de Palmas via formul\u00e1rio - PORTAL DE NOT\u00cdCIAS CLEITON PINHEIRO","og_description":"Partidos pol\u00edticos, federa\u00e7\u00f5es, coliga\u00e7\u00f5es, candidatas e candidatos que realizarem atos de propaganda eleitoral em vias e locais p\u00fablicos de Palmas devem comunicar previamente a realiza\u00e7\u00e3o dos eventos \u00e0 Secretaria Municipal de Mobilidade e Transporte P\u00fablico (Semobt). A Justi\u00e7a Eleitoral do Tocantins destaca que a medida est\u00e1 prevista na&nbsp;Portaria n\u00ba 57\/GAB\/SEMOBT\/2026, publicada pela Prefeitura de Palmas [&hellip;]","og_url":"https:\/\/cleitonpinheiro.com.br\/site\/partidos-federacoes-coligacoes-e-candidatos-devem-comunicar-atos-de-campanha-em-vias-publicas-de-palmas-via-formulario\/","og_site_name":"PORTAL DE NOT\u00cdCIAS CLEITON PINHEIRO","article_publisher":"https:\/\/www.facebook.com\/portalcpnoticias\/","article_published_time":"2026-09-02T20:07:52+00:00","article_modified_time":"2026-09-02T20:07:57+00:00","og_image":[{"width":758,"height":409,"url":"https:\/\/cleitonpinheiro.com.br\/site\/wp-content\/uploads\/2026\/09\/image-1140-1dbc1c3f22f7f955df3dd3f9b486b832.png","type":"image\/png"}],"author":"Cleiton Pinheiro","twitter_card":"summary_large_image","twitter_misc":{"Escrito por":"Cleiton Pinheiro","Est. tempo de leitura":"3 minutos"},"schema":{"@context":"https:\/\/schema.org","@graph":[{"@type":"Article","@id":"https:\/\/cleitonpinheiro.com.br\/site\/partidos-federacoes-coligacoes-e-candidatos-devem-comunicar-atos-de-campanha-em-vias-publicas-de-palmas-via-formulario\/#article","isPartOf":{"@id":"https:\/\/cleitonpinheiro.com.br\/site\/partidos-federacoes-coligacoes-e-candidatos-devem-comunicar-atos-de-campanha-em-vias-publicas-de-palmas-via-formulario\/"},"author":{"name":"Cleiton Pinheiro","@id":"https:\/\/cleitonpinheiro.com.br\/site\/#\/schema\/person\/62fd4eb98fcc8bd3fc477aaff264af51"},"headline":"Partidos, federa\u00e7\u00f5es, coliga\u00e7\u00f5es e candidatos devem comunicar atos de campanha em vias p\u00fablicas de Palmas via formul\u00e1rio","datePublished":"2026-09-02T20:07:52+00:00","dateModified":"2026-09-02T20:07:57+00:00","mainEntityOfPage":{"@id":"https:\/\/cleitonpinheiro.com.br\/site\/partidos-federacoes-coligacoes-e-candidatos-devem-comunicar-atos-de-campanha-em-vias-publicas-de-palmas-via-formulario\/"},"wordCount":437,"commentCount":0,"publisher":{"@id":"https:\/\/cleitonpinheiro.com.br\/site\/#organization"},"image":{"@id":"https:\/\/cleitonpinheiro.com.br\/site\/partidos-federacoes-coligacoes-e-candidatos-devem-comunicar-atos-de-campanha-em-vias-publicas-de-palmas-via-formulario\/#primaryimage"},"thumbnailUrl":"https:\/\/cleitonpinheiro.com.br\/site\/wp-content\/uploads\/2026\/09\/image-1140-1dbc1c3f22f7f955df3dd3f9b486b832.png","articleSection":["MANCHETE SEGUND\u00c1RIA","POL\u00cdTICA","TODAS NOTICIAS"],"inLanguage":"pt-BR","potentialAction":[{"@type":"CommentAction","name":"Comment","target":["https:\/\/cleitonpinheiro.com.br\/site\/partidos-federacoes-coligacoes-e-candidatos-devem-comunicar-atos-de-campanha-em-vias-publicas-de-palmas-via-formulario\/#respond"]}]},{"@type":"WebPage","@id":"https:\/\/cleitonpinheiro.com.br\/site\/partidos-federacoes-coligacoes-e-candidatos-devem-comunicar-atos-de-campanha-em-vias-publicas-de-palmas-via-formulario\/","url":"https:\/\/cleitonpinheiro.com.br\/site\/partidos-federacoes-coligacoes-e-candidatos-devem-comunicar-atos-de-campanha-em-vias-publicas-de-palmas-via-formulario\/","name":"Partidos, federa\u00e7\u00f5es, coliga\u00e7\u00f5es e candidatos devem comunicar atos de campanha em vias p\u00fablicas de Palmas via formul\u00e1rio - PORTAL DE NOT\u00cdCIAS CLEITON PINHEIRO","isPartOf":{"@id":"https:\/\/cleitonpinheiro.com.br\/site\/#website"},"primaryImageOfPage":{"@id":"https:\/\/cleitonpinheiro.com.br\/site\/partidos-federacoes-coligacoes-e-candidatos-devem-comunicar-atos-de-campanha-em-vias-publicas-de-palmas-via-formulario\/#primaryimage"},"image":{"@id":"https:\/\/cleitonpinheiro.com.br\/site\/partidos-federacoes-coligacoes-e-candidatos-devem-comunicar-atos-de-campanha-em-vias-publicas-de-palmas-via-formulario\/#primaryimage"},"thumbnailUrl":"https:\/\/cleitonpinheiro.com.br\/site\/wp-content\/uploads\/2026\/09\/image-1140-1dbc1c3f22f7f955df3dd3f9b486b832.png","datePublished":"2026-09-02T20:07:52+00:00","dateModified":"2026-09-02T20:07:57+00:00","breadcrumb":{"@id":"https:\/\/cleitonpinheiro.com.br\/site\/partidos-federacoes-coligacoes-e-candidatos-devem-comunicar-atos-de-campanha-em-vias-publicas-de-palmas-via-formulario\/#breadcrumb"},"inLanguage":"pt-BR","potentialAction":[{"@type":"ReadAction","target":["https:\/\/cleitonpinheiro.com.br\/site\/partidos-federacoes-coligacoes-e-candidatos-devem-comunicar-atos-de-campanha-em-vias-publicas-de-palmas-via-formulario\/"]}]},{"@type":"ImageObject","inLanguage":"pt-BR","@id":"https:\/\/cleitonpinheiro.com.br\/site\/partidos-federacoes-coligacoes-e-candidatos-devem-comunicar-atos-de-campanha-em-vias-publicas-de-palmas-via-formulario\/#primaryimage","url":"https:\/\/cleitonpinheiro.com.br\/site\/wp-content\/uploads\/2026\/09\/image-1140-1dbc1c3f22f7f955df3dd3f9b486b832.png","contentUrl":"https:\/\/cleitonpinheiro.com.br\/site\/wp-content\/uploads\/2026\/09\/image-1140-1dbc1c3f22f7f955df3dd3f9b486b832.png","width":758,"height":409},{"@type":"BreadcrumbList","@id":"https:\/\/cleitonpinheiro.com.br\/site\/partidos-federacoes-coligacoes-e-candidatos-devem-comunicar-atos-de-campanha-em-vias-publicas-de-palmas-via-formulario\/#breadcrumb","itemListElement":[{"@type":"ListItem","position":1,"name":"In\u00edcio","item":"https:\/\/cleitonpinheiro.com.br\/site\/"},{"@type":"ListItem","position":2,"name":"Partidos, federa\u00e7\u00f5es, coliga\u00e7\u00f5es e candidatos devem comunicar atos de campanha em vias p\u00fablicas de Palmas via formul\u00e1rio"}]},{"@type":"WebSite","@id":"https:\/\/cleitonpinheiro.com.br\/site\/#website","url":"https:\/\/cleitonpinheiro.com.br\/site\/","name":"PORTAL DE NOT\u00cdCIAS CLEITON PINHEIRO","description":"FALANDO A VERDADE","publisher":{"@id":"https:\/\/cleitonpinheiro.com.br\/site\/#organization"},"potentialAction":[{"@type":"SearchAction","target":{"@type":"EntryPoint","urlTemplate":"https:\/\/cleitonpinheiro.com.br\/site\/?s={search_term_string}"},"query-input":{"@type":"PropertyValueSpecification","valueRequired":true,"valueName":"search_term_string"}}],"inLanguage":"pt-BR"},{"@type":"Organization","@id":"https:\/\/cleitonpinheiro.com.br\/site\/#organization","name":"CPNOT\u00cdCIAS","url":"https:\/\/cleitonpinheiro.com.br\/site\/","logo":{"@type":"ImageObject","inLanguage":"pt-BR","@id":"https:\/\/cleitonpinheiro.com.br\/site\/#\/schema\/logo\/image\/","url":"https:\/\/cleitonpinheiro.com.br\/site\/wp-content\/uploads\/2022\/08\/Logo-pequena-2.png","contentUrl":"https:\/\/cleitonpinheiro.com.br\/site\/wp-content\/uploads\/2022\/08\/Logo-pequena-2.png","width":500,"height":500,"caption":"CPNOT\u00cdCIAS"},"image":{"@id":"https:\/\/cleitonpinheiro.com.br\/site\/#\/schema\/logo\/image\/"},"sameAs":["https:\/\/www.facebook.com\/portalcpnoticias\/"]},{"@type":"Person","@id":"https:\/\/cleitonpinheiro.com.br\/site\/#\/schema\/person\/62fd4eb98fcc8bd3fc477aaff264af51","name":"Cleiton Pinheiro","image":{"@type":"ImageObject","inLanguage":"pt-BR","@id":"https:\/\/cleitonpinheiro.com.br\/site\/#\/schema\/person\/image\/","url":"https:\/\/secure.gravatar.com\/avatar\/15642ec35b78fe5eed3cfa8e4a3f3211d73a3df4f35f0566b4324958cba1b1b9?s=96&r=g","contentUrl":"https:\/\/secure.gravatar.com\/avatar\/15642ec35b78fe5eed3cfa8e4a3f3211d73a3df4f35f0566b4324958cba1b1b9?s=96&r=g","caption":"Cleiton Pinheiro"},"url":"https:\/\/cleitonpinheiro.com.br\/site\/author\/cleiton\/"}]}},"views":23,"_links":{"self":[{"href":"https:\/\/cleitonpinheiro.com.br\/site\/wp-json\/wp\/v2\/posts\/89143","targetHints":{"allow":["GET"]}}],"collection":[{"href":"https:\/\/cleitonpinheiro.com.br\/site\/wp-json\/wp\/v2\/posts"}],"about":[{"href":"https:\/\/cleitonpinheiro.com.br\/site\/wp-json\/wp\/v2\/types\/post"}],"author":[{"embeddable":true,"href":"https:\/\/cleitonpinheiro.com.br\/site\/wp-json\/wp\/v2\/users\/10"}],"replies":[{"embeddable":true,"href":"https:\/\/cleitonpinheiro.com.br\/site\/wp-json\/wp\/v2\/comments?post=89143"}],"version-history":[{"count":1,"href":"https:\/\/cleitonpinheiro.com.br\/site\/wp-json\/wp\/v2\/posts\/89143\/revisions"}],"predecessor-version":[{"id":89145,"href":"https:\/\/cleitonpinheiro.com.br\/site\/wp-json\/wp\/v2\/posts\/89143\/revisions\/89145"}],"wp:featuredmedia":[{"embeddable":true,"href":"https:\/\/cleitonpinheiro.com.br\/site\/wp-json\/wp\/v2\/media\/89144"}],"wp:attachment":[{"href":"https:\/\/cleitonpinheiro.com.br\/site\/wp-json\/wp\/v2\/media?parent=89143"}],"wp:term":[{"taxonomy":"category","embeddable":true,"href":"https:\/\/cleitonpinheiro.com.br\/site\/wp-json\/wp\/v2\/categories?post=89143"},{"taxonomy":"post_tag","embeddable":true,"href":"https:\/\/cleitonpinheiro.com.br\/site\/wp-json\/wp\/v2\/tags?post=89143"}],"curies":[{"name":"wp","href":"https:\/\/api.w.org\/{rel}","templated":true}]}}