{"id":89146,"date":"2026-09-02T17:12:05","date_gmt":"2026-09-02T20:12:05","guid":{"rendered":"https:\/\/cleitonpinheiro.com.br\/site\/?p=89146"},"modified":"2026-09-02T17:12:08","modified_gmt":"2026-09-02T20:12:08","slug":"cadastro-eleitoral-esta-fechado-ate-2-de-novembro-e-qualquer-regularizacao-apenas-depois-das-eleicoes","status":"publish","type":"post","link":"https:\/\/cleitonpinheiro.com.br\/site\/cadastro-eleitoral-esta-fechado-ate-2-de-novembro-e-qualquer-regularizacao-apenas-depois-das-eleicoes\/","title":{"rendered":"Cadastro eleitoral est\u00e1 fechado at\u00e9 2 de novembro e qualquer regulariza\u00e7\u00e3o apenas depois das elei\u00e7\u00f5es"},"content":{"rendered":"\n<figure class=\"wp-block-image aligncenter size-full\"><img fetchpriority=\"high\" decoding=\"async\" width=\"375\" height=\"375\" src=\"https:\/\/cleitonpinheiro.com.br\/site\/wp-content\/uploads\/2026\/09\/images-7.jpeg\" alt=\"\" class=\"wp-image-89147\" srcset=\"https:\/\/cleitonpinheiro.com.br\/site\/wp-content\/uploads\/2026\/09\/images-7.jpeg 375w, https:\/\/cleitonpinheiro.com.br\/site\/wp-content\/uploads\/2026\/09\/images-7-300x300.jpeg 300w, https:\/\/cleitonpinheiro.com.br\/site\/wp-content\/uploads\/2026\/09\/images-7-150x150.jpeg 150w\" sizes=\"(max-width: 375px) 100vw, 375px\" \/><\/figure>\n\n\n\n<p class=\"wp-block-paragraph\">O cadastro eleitoral est\u00e1 fechado at\u00e9 2 de novembro. Por isso, a Justi\u00e7a Eleitoral do Tocantins ressalta que n\u00e3o \u00e9 poss\u00edvel tirar ou regularizar o t\u00edtulo, coletar a biometria, atualizar dados cadastrais, mudar local de vota\u00e7\u00e3o e transferir domic\u00edlio eleitoral. No entanto, criminosos se aproveitam da aproxima\u00e7\u00e3o das elei\u00e7\u00f5es para tentar golpes contra eleitoras e eleitores desavisados.<\/p>\n\n\n\n<p class=\"wp-block-paragraph\">Na manh\u00e3 desta quarta-feira, 26, uma eleitora registrou den\u00fancia junto \u00e0 Ouvidoria Regional Eleitoral (ORE-TO), relatando diversas liga\u00e7\u00f5es do n\u00famero (63) 99982-9032. Nas liga\u00e7\u00f5es, a eleitora foi comunicada sobre supostos d\u00e9bitos eleitorais e orientada a regularizar seu t\u00edtulo para poder votar nestas elei\u00e7\u00f5es. Ela ainda informou que as liga\u00e7\u00f5es s\u00e3o autom\u00e1ticas e oferecem op\u00e7\u00f5es para que o eleitor pressione determinados n\u00fameros durante a chamada.<\/p>\n\n\n\n<p class=\"wp-block-paragraph\">A Justi\u00e7a Eleitoral do Tocantins refor\u00e7a que n\u00e3o faz liga\u00e7\u00f5es ao eleitorado informando d\u00e9bitos e solicitando dados pessoais.<\/p>\n\n\n\n<p class=\"wp-block-paragraph\">O caso foi encaminhado \u00e0 Secretaria de Tecnologia da Informa\u00e7\u00e3o (STI) e \u00e0 Assessoria de Seguran\u00e7a Cibern\u00e9tica (Asciber) do Tribunal Regional Eleitoral do Tocantins (TRE-TO), al\u00e9m de ter sido registrado no Sistema de Alertas de Desinforma\u00e7\u00e3o Eleitoral (Siade) do Tribunal Superior Eleitoral (TSE).<\/p>\n\n\n\n<p class=\"wp-block-paragraph\"><strong>Servi\u00e7os dispon\u00edveis<\/strong><\/p>\n\n\n\n<p class=\"wp-block-paragraph\">O cadastro s\u00f3 reabre a partir do dia 3 de novembro. Alguns servi\u00e7os, entretanto, continuam dispon\u00edveis, como a emiss\u00e3o de 2\u00aa via do t\u00edtulo, pagamento de multas, emiss\u00e3o de certid\u00f5es de quita\u00e7\u00e3o e crimes eleitorais e consulta da situa\u00e7\u00e3o do t\u00edtulo.<\/p>\n\n\n\n<p class=\"wp-block-paragraph\">Essas opera\u00e7\u00f5es s\u00e3o gratuitas e a Justi\u00e7a Eleitoral n\u00e3o cobra taxas pelos servi\u00e7os. Quando h\u00e1 aplica\u00e7\u00e3o de multa eleitoral (por aus\u00eancia n\u00e3o justificada), o valor \u00e9 regulamentado por lei e o pagamento de R$ 3,51 \u00e9 feito diretamente ao Tesouro Nacional via PagSeguro, com op\u00e7\u00f5es de Pix ou GRU emitidos exclusivamente pelos canais oficiais.<\/p>\n\n\n\n<p class=\"wp-block-paragraph\">O cidad\u00e3o tocantinense pode acessar os servi\u00e7os pela internet por meio da p\u00e1gina do&nbsp;<a href=\"https:\/\/www.tse.jus.br\/servicos-eleitorais\/autoatendimento-eleitoral#\/\">Autoatendimento Eleitoral<\/a>, pelo aplicativo e-T\u00edtulo (<a href=\"https:\/\/play.google.com\/store\/apps\/details?id=br.jus.tse.eleitoral.etitulo&amp;hl=pt_BR\">Android<\/a>&nbsp;e&nbsp;<a href=\"https:\/\/itunes.apple.com\/br\/app\/e-t%C3%ADtulo\/id1320338088?mt=8\">iOS<\/a>) ou entrar em contato com a Central de Atendimento Virtual ao Eleitor (Cave) por meio do WhatsApp&nbsp;<a href=\"https:\/\/wa.me\/558006486800\">0800 6486 800<\/a>.<\/p>\n\n\n\n<p class=\"wp-block-paragraph\"><strong>Precisa denunciar liga\u00e7\u00f5es ou sites suspeitos?<\/strong><\/p>\n\n\n\n<p class=\"wp-block-paragraph\">Caso tenha d\u00favidas sobre sua situa\u00e7\u00e3o eleitoral ou queira denunciar tentativas de fraude por liga\u00e7\u00e3o ou p\u00e1ginas falsas, v\u00e1 presencialmente ao cart\u00f3rio eleitoral mais pr\u00f3ximo ou entre em contato com a Ouvidoria do TRE-TO pelo n\u00famero (63) 3234-9600 ou e-mail ouvidoria@tre-to.jus.br.<\/p>\n\n\n\n<p class=\"wp-block-paragraph\">A Ouvidoria tamb\u00e9m funciona pelo n\u00famero da Central de Atendimento Virtual ao Eleitor (<a href=\"https:\/\/api.whatsapp.com\/send\/?phone=558006486800&amp;text&amp;type=phone_number&amp;app_absent=0\">0800 6486 800<\/a>).<\/p>\n\n\n\n<p class=\"wp-block-paragraph\"><strong>Objetivos Estrat\u00e9gicos:<\/strong><\/p>\n\n\n\n<p class=\"wp-block-paragraph\">1- Aprimorar mecanismos de atendimento ao cidad\u00e3o<\/p>\n\n\n\n<p class=\"wp-block-paragraph\">2- Aprimorar mecanismos de transpar\u00eancia p\u00fablica<\/p>\n\n\n\n<p class=\"wp-block-paragraph\">3- Fomentar a educa\u00e7\u00e3o pol\u00edtica da sociedade<\/p>\n\n\n\n<p class=\"wp-block-paragraph\">Texto: Lanne Hadassa (Ascom\/TRE-TO)<\/p>\n","protected":false},"excerpt":{"rendered":"<p>O cadastro eleitoral est\u00e1 fechado at\u00e9 2 de novembro. Por isso, a Justi\u00e7a Eleitoral do Tocantins ressalta que n\u00e3o \u00e9 poss\u00edvel tirar ou regularizar o t\u00edtulo, coletar a biometria, atualizar dados cadastrais, mudar local de vota\u00e7\u00e3o e transferir domic\u00edlio eleitoral. No entanto, criminosos se aproveitam da aproxima\u00e7\u00e3o das elei\u00e7\u00f5es para tentar golpes contra eleitoras e [&hellip;]<\/p>\n","protected":false},"author":10,"featured_media":89147,"comment_status":"open","ping_status":"open","sticky":false,"template":"","format":"standard","meta":{"_acf_changed":false,"footnotes":""},"categories":[20,23,21],"tags":[],"class_list":["post-89146","post","type-post","status-publish","format-standard","has-post-thumbnail","hentry","category-noticias-em-destaque","category-politica","category-todas-noticias"],"acf":[],"yoast_head":"<!-- This site is optimized with the Yoast SEO plugin v24.4 - https:\/\/yoast.com\/wordpress\/plugins\/seo\/ -->\n<title>Cadastro eleitoral est\u00e1 fechado at\u00e9 2 de novembro e qualquer regulariza\u00e7\u00e3o apenas depois das elei\u00e7\u00f5es - PORTAL DE NOT\u00cdCIAS CLEITON PINHEIRO<\/title>\n<meta name=\"robots\" content=\"index, follow, max-snippet:-1, max-image-preview:large, max-video-preview:-1\" \/>\n<link rel=\"canonical\" href=\"https:\/\/cleitonpinheiro.com.br\/site\/cadastro-eleitoral-esta-fechado-ate-2-de-novembro-e-qualquer-regularizacao-apenas-depois-das-eleicoes\/\" \/>\n<meta property=\"og:locale\" content=\"pt_BR\" \/>\n<meta property=\"og:type\" content=\"article\" \/>\n<meta property=\"og:title\" content=\"Cadastro eleitoral est\u00e1 fechado at\u00e9 2 de novembro e qualquer regulariza\u00e7\u00e3o apenas depois das elei\u00e7\u00f5es - PORTAL DE NOT\u00cdCIAS CLEITON PINHEIRO\" \/>\n<meta property=\"og:description\" content=\"O cadastro eleitoral est\u00e1 fechado at\u00e9 2 de novembro. Por isso, a Justi\u00e7a Eleitoral do Tocantins ressalta que n\u00e3o \u00e9 poss\u00edvel tirar ou regularizar o t\u00edtulo, coletar a biometria, atualizar dados cadastrais, mudar local de vota\u00e7\u00e3o e transferir domic\u00edlio eleitoral. No entanto, criminosos se aproveitam da aproxima\u00e7\u00e3o das elei\u00e7\u00f5es para tentar golpes contra eleitoras e [&hellip;]\" \/>\n<meta property=\"og:url\" content=\"https:\/\/cleitonpinheiro.com.br\/site\/cadastro-eleitoral-esta-fechado-ate-2-de-novembro-e-qualquer-regularizacao-apenas-depois-das-eleicoes\/\" \/>\n<meta property=\"og:site_name\" content=\"PORTAL DE NOT\u00cdCIAS CLEITON PINHEIRO\" \/>\n<meta property=\"article:publisher\" content=\"https:\/\/www.facebook.com\/portalcpnoticias\/\" \/>\n<meta property=\"article:published_time\" content=\"2026-09-02T20:12:05+00:00\" \/>\n<meta property=\"article:modified_time\" content=\"2026-09-02T20:12:08+00:00\" \/>\n<meta property=\"og:image\" content=\"https:\/\/cleitonpinheiro.com.br\/site\/wp-content\/uploads\/2026\/09\/images-7.jpeg\" \/>\n\t<meta property=\"og:image:width\" content=\"375\" \/>\n\t<meta property=\"og:image:height\" content=\"375\" \/>\n\t<meta property=\"og:image:type\" content=\"image\/jpeg\" \/>\n<meta name=\"author\" content=\"Cleiton Pinheiro\" \/>\n<meta name=\"twitter:card\" content=\"summary_large_image\" \/>\n<meta name=\"twitter:label1\" content=\"Escrito por\" \/>\n\t<meta name=\"twitter:data1\" content=\"Cleiton Pinheiro\" \/>\n\t<meta name=\"twitter:label2\" content=\"Est. tempo de leitura\" \/>\n\t<meta name=\"twitter:data2\" content=\"3 minutos\" \/>\n<script type=\"application\/ld+json\" class=\"yoast-schema-graph\">{\"@context\":\"https:\/\/schema.org\",\"@graph\":[{\"@type\":\"Article\",\"@id\":\"https:\/\/cleitonpinheiro.com.br\/site\/cadastro-eleitoral-esta-fechado-ate-2-de-novembro-e-qualquer-regularizacao-apenas-depois-das-eleicoes\/#article\",\"isPartOf\":{\"@id\":\"https:\/\/cleitonpinheiro.com.br\/site\/cadastro-eleitoral-esta-fechado-ate-2-de-novembro-e-qualquer-regularizacao-apenas-depois-das-eleicoes\/\"},\"author\":{\"name\":\"Cleiton Pinheiro\",\"@id\":\"https:\/\/cleitonpinheiro.com.br\/site\/#\/schema\/person\/62fd4eb98fcc8bd3fc477aaff264af51\"},\"headline\":\"Cadastro eleitoral est\u00e1 fechado at\u00e9 2 de novembro e qualquer regulariza\u00e7\u00e3o apenas depois das elei\u00e7\u00f5es\",\"datePublished\":\"2026-09-02T20:12:05+00:00\",\"dateModified\":\"2026-09-02T20:12:08+00:00\",\"mainEntityOfPage\":{\"@id\":\"https:\/\/cleitonpinheiro.com.br\/site\/cadastro-eleitoral-esta-fechado-ate-2-de-novembro-e-qualquer-regularizacao-apenas-depois-das-eleicoes\/\"},\"wordCount\":485,\"commentCount\":0,\"publisher\":{\"@id\":\"https:\/\/cleitonpinheiro.com.br\/site\/#organization\"},\"image\":{\"@id\":\"https:\/\/cleitonpinheiro.com.br\/site\/cadastro-eleitoral-esta-fechado-ate-2-de-novembro-e-qualquer-regularizacao-apenas-depois-das-eleicoes\/#primaryimage\"},\"thumbnailUrl\":\"https:\/\/cleitonpinheiro.com.br\/site\/wp-content\/uploads\/2026\/09\/images-7.jpeg\",\"articleSection\":[\"NOT\u00cdCIAS EM DESTAQUE\",\"POL\u00cdTICA\",\"TODAS NOTICIAS\"],\"inLanguage\":\"pt-BR\",\"potentialAction\":[{\"@type\":\"CommentAction\",\"name\":\"Comment\",\"target\":[\"https:\/\/cleitonpinheiro.com.br\/site\/cadastro-eleitoral-esta-fechado-ate-2-de-novembro-e-qualquer-regularizacao-apenas-depois-das-eleicoes\/#respond\"]}]},{\"@type\":\"WebPage\",\"@id\":\"https:\/\/cleitonpinheiro.com.br\/site\/cadastro-eleitoral-esta-fechado-ate-2-de-novembro-e-qualquer-regularizacao-apenas-depois-das-eleicoes\/\",\"url\":\"https:\/\/cleitonpinheiro.com.br\/site\/cadastro-eleitoral-esta-fechado-ate-2-de-novembro-e-qualquer-regularizacao-apenas-depois-das-eleicoes\/\",\"name\":\"Cadastro eleitoral est\u00e1 fechado at\u00e9 2 de novembro e qualquer regulariza\u00e7\u00e3o apenas depois das elei\u00e7\u00f5es - PORTAL DE NOT\u00cdCIAS CLEITON PINHEIRO\",\"isPartOf\":{\"@id\":\"https:\/\/cleitonpinheiro.com.br\/site\/#website\"},\"primaryImageOfPage\":{\"@id\":\"https:\/\/cleitonpinheiro.com.br\/site\/cadastro-eleitoral-esta-fechado-ate-2-de-novembro-e-qualquer-regularizacao-apenas-depois-das-eleicoes\/#primaryimage\"},\"image\":{\"@id\":\"https:\/\/cleitonpinheiro.com.br\/site\/cadastro-eleitoral-esta-fechado-ate-2-de-novembro-e-qualquer-regularizacao-apenas-depois-das-eleicoes\/#primaryimage\"},\"thumbnailUrl\":\"https:\/\/cleitonpinheiro.com.br\/site\/wp-content\/uploads\/2026\/09\/images-7.jpeg\",\"datePublished\":\"2026-09-02T20:12:05+00:00\",\"dateModified\":\"2026-09-02T20:12:08+00:00\",\"breadcrumb\":{\"@id\":\"https:\/\/cleitonpinheiro.com.br\/site\/cadastro-eleitoral-esta-fechado-ate-2-de-novembro-e-qualquer-regularizacao-apenas-depois-das-eleicoes\/#breadcrumb\"},\"inLanguage\":\"pt-BR\",\"potentialAction\":[{\"@type\":\"ReadAction\",\"target\":[\"https:\/\/cleitonpinheiro.com.br\/site\/cadastro-eleitoral-esta-fechado-ate-2-de-novembro-e-qualquer-regularizacao-apenas-depois-das-eleicoes\/\"]}]},{\"@type\":\"ImageObject\",\"inLanguage\":\"pt-BR\",\"@id\":\"https:\/\/cleitonpinheiro.com.br\/site\/cadastro-eleitoral-esta-fechado-ate-2-de-novembro-e-qualquer-regularizacao-apenas-depois-das-eleicoes\/#primaryimage\",\"url\":\"https:\/\/cleitonpinheiro.com.br\/site\/wp-content\/uploads\/2026\/09\/images-7.jpeg\",\"contentUrl\":\"https:\/\/cleitonpinheiro.com.br\/site\/wp-content\/uploads\/2026\/09\/images-7.jpeg\",\"width\":375,\"height\":375},{\"@type\":\"BreadcrumbList\",\"@id\":\"https:\/\/cleitonpinheiro.com.br\/site\/cadastro-eleitoral-esta-fechado-ate-2-de-novembro-e-qualquer-regularizacao-apenas-depois-das-eleicoes\/#breadcrumb\",\"itemListElement\":[{\"@type\":\"ListItem\",\"position\":1,\"name\":\"In\u00edcio\",\"item\":\"https:\/\/cleitonpinheiro.com.br\/site\/\"},{\"@type\":\"ListItem\",\"position\":2,\"name\":\"Cadastro eleitoral est\u00e1 fechado at\u00e9 2 de novembro e qualquer regulariza\u00e7\u00e3o apenas depois das elei\u00e7\u00f5es\"}]},{\"@type\":\"WebSite\",\"@id\":\"https:\/\/cleitonpinheiro.com.br\/site\/#website\",\"url\":\"https:\/\/cleitonpinheiro.com.br\/site\/\",\"name\":\"PORTAL DE NOT\u00cdCIAS CLEITON PINHEIRO\",\"description\":\"FALANDO A VERDADE\",\"publisher\":{\"@id\":\"https:\/\/cleitonpinheiro.com.br\/site\/#organization\"},\"potentialAction\":[{\"@type\":\"SearchAction\",\"target\":{\"@type\":\"EntryPoint\",\"urlTemplate\":\"https:\/\/cleitonpinheiro.com.br\/site\/?s={search_term_string}\"},\"query-input\":{\"@type\":\"PropertyValueSpecification\",\"valueRequired\":true,\"valueName\":\"search_term_string\"}}],\"inLanguage\":\"pt-BR\"},{\"@type\":\"Organization\",\"@id\":\"https:\/\/cleitonpinheiro.com.br\/site\/#organization\",\"name\":\"CPNOT\u00cdCIAS\",\"url\":\"https:\/\/cleitonpinheiro.com.br\/site\/\",\"logo\":{\"@type\":\"ImageObject\",\"inLanguage\":\"pt-BR\",\"@id\":\"https:\/\/cleitonpinheiro.com.br\/site\/#\/schema\/logo\/image\/\",\"url\":\"https:\/\/cleitonpinheiro.com.br\/site\/wp-content\/uploads\/2022\/08\/Logo-pequena-2.png\",\"contentUrl\":\"https:\/\/cleitonpinheiro.com.br\/site\/wp-content\/uploads\/2022\/08\/Logo-pequena-2.png\",\"width\":500,\"height\":500,\"caption\":\"CPNOT\u00cdCIAS\"},\"image\":{\"@id\":\"https:\/\/cleitonpinheiro.com.br\/site\/#\/schema\/logo\/image\/\"},\"sameAs\":[\"https:\/\/www.facebook.com\/portalcpnoticias\/\"]},{\"@type\":\"Person\",\"@id\":\"https:\/\/cleitonpinheiro.com.br\/site\/#\/schema\/person\/62fd4eb98fcc8bd3fc477aaff264af51\",\"name\":\"Cleiton Pinheiro\",\"image\":{\"@type\":\"ImageObject\",\"inLanguage\":\"pt-BR\",\"@id\":\"https:\/\/cleitonpinheiro.com.br\/site\/#\/schema\/person\/image\/\",\"url\":\"https:\/\/secure.gravatar.com\/avatar\/15642ec35b78fe5eed3cfa8e4a3f3211d73a3df4f35f0566b4324958cba1b1b9?s=96&r=g\",\"contentUrl\":\"https:\/\/secure.gravatar.com\/avatar\/15642ec35b78fe5eed3cfa8e4a3f3211d73a3df4f35f0566b4324958cba1b1b9?s=96&r=g\",\"caption\":\"Cleiton Pinheiro\"},\"url\":\"https:\/\/cleitonpinheiro.com.br\/site\/author\/cleiton\/\"}]}<\/script>\n<!-- \/ Yoast SEO plugin. -->","yoast_head_json":{"title":"Cadastro eleitoral est\u00e1 fechado at\u00e9 2 de novembro e qualquer regulariza\u00e7\u00e3o apenas depois das elei\u00e7\u00f5es - PORTAL DE NOT\u00cdCIAS CLEITON PINHEIRO","robots":{"index":"index","follow":"follow","max-snippet":"max-snippet:-1","max-image-preview":"max-image-preview:large","max-video-preview":"max-video-preview:-1"},"canonical":"https:\/\/cleitonpinheiro.com.br\/site\/cadastro-eleitoral-esta-fechado-ate-2-de-novembro-e-qualquer-regularizacao-apenas-depois-das-eleicoes\/","og_locale":"pt_BR","og_type":"article","og_title":"Cadastro eleitoral est\u00e1 fechado at\u00e9 2 de novembro e qualquer regulariza\u00e7\u00e3o apenas depois das elei\u00e7\u00f5es - PORTAL DE NOT\u00cdCIAS CLEITON PINHEIRO","og_description":"O cadastro eleitoral est\u00e1 fechado at\u00e9 2 de novembro. Por isso, a Justi\u00e7a Eleitoral do Tocantins ressalta que n\u00e3o \u00e9 poss\u00edvel tirar ou regularizar o t\u00edtulo, coletar a biometria, atualizar dados cadastrais, mudar local de vota\u00e7\u00e3o e transferir domic\u00edlio eleitoral. No entanto, criminosos se aproveitam da aproxima\u00e7\u00e3o das elei\u00e7\u00f5es para tentar golpes contra eleitoras e [&hellip;]","og_url":"https:\/\/cleitonpinheiro.com.br\/site\/cadastro-eleitoral-esta-fechado-ate-2-de-novembro-e-qualquer-regularizacao-apenas-depois-das-eleicoes\/","og_site_name":"PORTAL DE NOT\u00cdCIAS CLEITON PINHEIRO","article_publisher":"https:\/\/www.facebook.com\/portalcpnoticias\/","article_published_time":"2026-09-02T20:12:05+00:00","article_modified_time":"2026-09-02T20:12:08+00:00","og_image":[{"width":375,"height":375,"url":"https:\/\/cleitonpinheiro.com.br\/site\/wp-content\/uploads\/2026\/09\/images-7.jpeg","type":"image\/jpeg"}],"author":"Cleiton Pinheiro","twitter_card":"summary_large_image","twitter_misc":{"Escrito por":"Cleiton Pinheiro","Est. tempo de leitura":"3 minutos"},"schema":{"@context":"https:\/\/schema.org","@graph":[{"@type":"Article","@id":"https:\/\/cleitonpinheiro.com.br\/site\/cadastro-eleitoral-esta-fechado-ate-2-de-novembro-e-qualquer-regularizacao-apenas-depois-das-eleicoes\/#article","isPartOf":{"@id":"https:\/\/cleitonpinheiro.com.br\/site\/cadastro-eleitoral-esta-fechado-ate-2-de-novembro-e-qualquer-regularizacao-apenas-depois-das-eleicoes\/"},"author":{"name":"Cleiton Pinheiro","@id":"https:\/\/cleitonpinheiro.com.br\/site\/#\/schema\/person\/62fd4eb98fcc8bd3fc477aaff264af51"},"headline":"Cadastro eleitoral est\u00e1 fechado at\u00e9 2 de novembro e qualquer regulariza\u00e7\u00e3o apenas depois das elei\u00e7\u00f5es","datePublished":"2026-09-02T20:12:05+00:00","dateModified":"2026-09-02T20:12:08+00:00","mainEntityOfPage":{"@id":"https:\/\/cleitonpinheiro.com.br\/site\/cadastro-eleitoral-esta-fechado-ate-2-de-novembro-e-qualquer-regularizacao-apenas-depois-das-eleicoes\/"},"wordCount":485,"commentCount":0,"publisher":{"@id":"https:\/\/cleitonpinheiro.com.br\/site\/#organization"},"image":{"@id":"https:\/\/cleitonpinheiro.com.br\/site\/cadastro-eleitoral-esta-fechado-ate-2-de-novembro-e-qualquer-regularizacao-apenas-depois-das-eleicoes\/#primaryimage"},"thumbnailUrl":"https:\/\/cleitonpinheiro.com.br\/site\/wp-content\/uploads\/2026\/09\/images-7.jpeg","articleSection":["NOT\u00cdCIAS EM DESTAQUE","POL\u00cdTICA","TODAS NOTICIAS"],"inLanguage":"pt-BR","potentialAction":[{"@type":"CommentAction","name":"Comment","target":["https:\/\/cleitonpinheiro.com.br\/site\/cadastro-eleitoral-esta-fechado-ate-2-de-novembro-e-qualquer-regularizacao-apenas-depois-das-eleicoes\/#respond"]}]},{"@type":"WebPage","@id":"https:\/\/cleitonpinheiro.com.br\/site\/cadastro-eleitoral-esta-fechado-ate-2-de-novembro-e-qualquer-regularizacao-apenas-depois-das-eleicoes\/","url":"https:\/\/cleitonpinheiro.com.br\/site\/cadastro-eleitoral-esta-fechado-ate-2-de-novembro-e-qualquer-regularizacao-apenas-depois-das-eleicoes\/","name":"Cadastro eleitoral est\u00e1 fechado at\u00e9 2 de novembro e qualquer regulariza\u00e7\u00e3o apenas depois das elei\u00e7\u00f5es - PORTAL DE NOT\u00cdCIAS CLEITON PINHEIRO","isPartOf":{"@id":"https:\/\/cleitonpinheiro.com.br\/site\/#website"},"primaryImageOfPage":{"@id":"https:\/\/cleitonpinheiro.com.br\/site\/cadastro-eleitoral-esta-fechado-ate-2-de-novembro-e-qualquer-regularizacao-apenas-depois-das-eleicoes\/#primaryimage"},"image":{"@id":"https:\/\/cleitonpinheiro.com.br\/site\/cadastro-eleitoral-esta-fechado-ate-2-de-novembro-e-qualquer-regularizacao-apenas-depois-das-eleicoes\/#primaryimage"},"thumbnailUrl":"https:\/\/cleitonpinheiro.com.br\/site\/wp-content\/uploads\/2026\/09\/images-7.jpeg","datePublished":"2026-09-02T20:12:05+00:00","dateModified":"2026-09-02T20:12:08+00:00","breadcrumb":{"@id":"https:\/\/cleitonpinheiro.com.br\/site\/cadastro-eleitoral-esta-fechado-ate-2-de-novembro-e-qualquer-regularizacao-apenas-depois-das-eleicoes\/#breadcrumb"},"inLanguage":"pt-BR","potentialAction":[{"@type":"ReadAction","target":["https:\/\/cleitonpinheiro.com.br\/site\/cadastro-eleitoral-esta-fechado-ate-2-de-novembro-e-qualquer-regularizacao-apenas-depois-das-eleicoes\/"]}]},{"@type":"ImageObject","inLanguage":"pt-BR","@id":"https:\/\/cleitonpinheiro.com.br\/site\/cadastro-eleitoral-esta-fechado-ate-2-de-novembro-e-qualquer-regularizacao-apenas-depois-das-eleicoes\/#primaryimage","url":"https:\/\/cleitonpinheiro.com.br\/site\/wp-content\/uploads\/2026\/09\/images-7.jpeg","contentUrl":"https:\/\/cleitonpinheiro.com.br\/site\/wp-content\/uploads\/2026\/09\/images-7.jpeg","width":375,"height":375},{"@type":"BreadcrumbList","@id":"https:\/\/cleitonpinheiro.com.br\/site\/cadastro-eleitoral-esta-fechado-ate-2-de-novembro-e-qualquer-regularizacao-apenas-depois-das-eleicoes\/#breadcrumb","itemListElement":[{"@type":"ListItem","position":1,"name":"In\u00edcio","item":"https:\/\/cleitonpinheiro.com.br\/site\/"},{"@type":"ListItem","position":2,"name":"Cadastro eleitoral est\u00e1 fechado at\u00e9 2 de novembro e qualquer regulariza\u00e7\u00e3o apenas depois das elei\u00e7\u00f5es"}]},{"@type":"WebSite","@id":"https:\/\/cleitonpinheiro.com.br\/site\/#website","url":"https:\/\/cleitonpinheiro.com.br\/site\/","name":"PORTAL DE NOT\u00cdCIAS CLEITON PINHEIRO","description":"FALANDO A VERDADE","publisher":{"@id":"https:\/\/cleitonpinheiro.com.br\/site\/#organization"},"potentialAction":[{"@type":"SearchAction","target":{"@type":"EntryPoint","urlTemplate":"https:\/\/cleitonpinheiro.com.br\/site\/?s={search_term_string}"},"query-input":{"@type":"PropertyValueSpecification","valueRequired":true,"valueName":"search_term_string"}}],"inLanguage":"pt-BR"},{"@type":"Organization","@id":"https:\/\/cleitonpinheiro.com.br\/site\/#organization","name":"CPNOT\u00cdCIAS","url":"https:\/\/cleitonpinheiro.com.br\/site\/","logo":{"@type":"ImageObject","inLanguage":"pt-BR","@id":"https:\/\/cleitonpinheiro.com.br\/site\/#\/schema\/logo\/image\/","url":"https:\/\/cleitonpinheiro.com.br\/site\/wp-content\/uploads\/2022\/08\/Logo-pequena-2.png","contentUrl":"https:\/\/cleitonpinheiro.com.br\/site\/wp-content\/uploads\/2022\/08\/Logo-pequena-2.png","width":500,"height":500,"caption":"CPNOT\u00cdCIAS"},"image":{"@id":"https:\/\/cleitonpinheiro.com.br\/site\/#\/schema\/logo\/image\/"},"sameAs":["https:\/\/www.facebook.com\/portalcpnoticias\/"]},{"@type":"Person","@id":"https:\/\/cleitonpinheiro.com.br\/site\/#\/schema\/person\/62fd4eb98fcc8bd3fc477aaff264af51","name":"Cleiton Pinheiro","image":{"@type":"ImageObject","inLanguage":"pt-BR","@id":"https:\/\/cleitonpinheiro.com.br\/site\/#\/schema\/person\/image\/","url":"https:\/\/secure.gravatar.com\/avatar\/15642ec35b78fe5eed3cfa8e4a3f3211d73a3df4f35f0566b4324958cba1b1b9?s=96&r=g","contentUrl":"https:\/\/secure.gravatar.com\/avatar\/15642ec35b78fe5eed3cfa8e4a3f3211d73a3df4f35f0566b4324958cba1b1b9?s=96&r=g","caption":"Cleiton Pinheiro"},"url":"https:\/\/cleitonpinheiro.com.br\/site\/author\/cleiton\/"}]}},"views":13,"_links":{"self":[{"href":"https:\/\/cleitonpinheiro.com.br\/site\/wp-json\/wp\/v2\/posts\/89146","targetHints":{"allow":["GET"]}}],"collection":[{"href":"https:\/\/cleitonpinheiro.com.br\/site\/wp-json\/wp\/v2\/posts"}],"about":[{"href":"https:\/\/cleitonpinheiro.com.br\/site\/wp-json\/wp\/v2\/types\/post"}],"author":[{"embeddable":true,"href":"https:\/\/cleitonpinheiro.com.br\/site\/wp-json\/wp\/v2\/users\/10"}],"replies":[{"embeddable":true,"href":"https:\/\/cleitonpinheiro.com.br\/site\/wp-json\/wp\/v2\/comments?post=89146"}],"version-history":[{"count":1,"href":"https:\/\/cleitonpinheiro.com.br\/site\/wp-json\/wp\/v2\/posts\/89146\/revisions"}],"predecessor-version":[{"id":89148,"href":"https:\/\/cleitonpinheiro.com.br\/site\/wp-json\/wp\/v2\/posts\/89146\/revisions\/89148"}],"wp:featuredmedia":[{"embeddable":true,"href":"https:\/\/cleitonpinheiro.com.br\/site\/wp-json\/wp\/v2\/media\/89147"}],"wp:attachment":[{"href":"https:\/\/cleitonpinheiro.com.br\/site\/wp-json\/wp\/v2\/media?parent=89146"}],"wp:term":[{"taxonomy":"category","embeddable":true,"href":"https:\/\/cleitonpinheiro.com.br\/site\/wp-json\/wp\/v2\/categories?post=89146"},{"taxonomy":"post_tag","embeddable":true,"href":"https:\/\/cleitonpinheiro.com.br\/site\/wp-json\/wp\/v2\/tags?post=89146"}],"curies":[{"name":"wp","href":"https:\/\/api.w.org\/{rel}","templated":true}]}}