{"id":89150,"date":"2026-09-03T16:18:39","date_gmt":"2026-09-03T19:18:39","guid":{"rendered":"https:\/\/cleitonpinheiro.com.br\/site\/?p=89150"},"modified":"2026-09-03T16:22:22","modified_gmt":"2026-09-03T19:22:22","slug":"quedas-e-queimaduras-sao-maior-causa-de-internacao-de-criancas","status":"publish","type":"post","link":"https:\/\/cleitonpinheiro.com.br\/site\/quedas-e-queimaduras-sao-maior-causa-de-internacao-de-criancas\/","title":{"rendered":"Quedas e queimaduras s\u00e3o maior causa de interna\u00e7\u00e3o de crian\u00e7as"},"content":{"rendered":"\n<figure class=\"wp-block-image size-large\"><img fetchpriority=\"high\" decoding=\"async\" width=\"1024\" height=\"613\" src=\"https:\/\/cleitonpinheiro.com.br\/site\/wp-content\/uploads\/2026\/09\/mutirao-hospitais-mc_abr_05072025-18-1024x613.webp\" alt=\"\" class=\"wp-image-89151\" srcset=\"https:\/\/cleitonpinheiro.com.br\/site\/wp-content\/uploads\/2026\/09\/mutirao-hospitais-mc_abr_05072025-18-1024x613.webp 1024w, https:\/\/cleitonpinheiro.com.br\/site\/wp-content\/uploads\/2026\/09\/mutirao-hospitais-mc_abr_05072025-18-300x179.webp 300w, https:\/\/cleitonpinheiro.com.br\/site\/wp-content\/uploads\/2026\/09\/mutirao-hospitais-mc_abr_05072025-18-768x459.webp 768w, https:\/\/cleitonpinheiro.com.br\/site\/wp-content\/uploads\/2026\/09\/mutirao-hospitais-mc_abr_05072025-18.webp 1170w\" sizes=\"(max-width: 1024px) 100vw, 1024px\" \/><figcaption class=\"wp-element-caption\">\u00a9 Marcelo Camargo\/Ag\u00eancia Brasil<br><\/figcaption><\/figure>\n\n\n\n<p class=\"wp-block-paragraph\">As quedas e queimaduras foram as causas mais comuns de interna\u00e7\u00e3o de crian\u00e7as e adolescentes at\u00e9 os 14 anos de idade no Brasil, em 2025.&nbsp;<strong>Foram mais de 55 mil interna\u00e7\u00f5es por quedas, ou 43,4% do total para essa faixa et\u00e1ria<\/strong>, e mais de 25 mil interna\u00e7\u00f5es por queimaduras, 19,6% do total.<img decoding=\"async\" src=\"https:\/\/agenciabrasil.ebc.com.br\/ebc.png?id=1700994&amp;o=node\"><img decoding=\"async\" src=\"https:\/\/agenciabrasil.ebc.com.br\/ebc.gif?id=1700994&amp;o=node\"><\/p>\n\n\n\n<p class=\"wp-block-paragraph\">Os dados, compilados pelo Projeto Crian\u00e7a Segura, da ONG Aldeias Infantis SOS, foram retirados diretamente do DataSUS, reposit\u00f3rio de dados que re\u00fane as notifica\u00e7\u00f5es em sa\u00fade no pa\u00eds.&nbsp;<\/p>\n\n\n\n<p class=\"wp-block-paragraph\"><strong>Em 2025, ocorreram mais de 1,6 milh\u00e3o de hospitaliza\u00e7\u00f5es de pessoas no pa\u00eds por acidentes, consideradas todas as faixas de idade.<\/strong>&nbsp;Crian\u00e7as e adolescentes at\u00e9 os 14 anos de idade responderam por 162 mil dessas interna\u00e7\u00f5es, 9,7% do total, sendo que 128,5 mil, 79,3% do total, mapeadas pelo Projeto Crian\u00e7a Segura.<\/p>\n\n\n\n<p class=\"wp-block-paragraph\">A cada m\u00eas, em 2025, 10,7 mil crian\u00e7as e adolescentes at\u00e9 os 14 anos de idade foram hospitalizadas em decorr\u00eancia de acidentes no Brasil, com maior incid\u00eancia nos estados de S\u00e3o Paulo, com 19.837 (15,4%), Minas Gerais, com 12.183 (9,5%) e Paran\u00e1, com 10.708 (8,3%). As menores incid\u00eancias foram nos estados do Amap\u00e1, 468 (0,4%), Roraima 543 (0,4%) e Sergipe, com 297 hospitaliza\u00e7\u00f5es, 0,2%.<\/p>\n\n\n\n<p class=\"wp-block-paragraph\">Quando ponderados em rela\u00e7\u00e3o \u00e0 popula\u00e7\u00e3o, os dados mostram uma realidade um pouco diferente.&nbsp;<strong>O Par\u00e1 teve a maior taxa de interna\u00e7\u00f5es, correspondendo a 120 hospitaliza\u00e7\u00f5es por 100 mil habitantes.<\/strong>&nbsp;<\/p>\n\n\n\n<p class=\"wp-block-paragraph\">Segundo colocado, o Tocantins teve taxa de 113, e o Maranh\u00e3o de 102 por 100 mil habitantes em 2025.&nbsp;<\/p>\n\n\n\n<p class=\"wp-block-paragraph\">No outro extremo est\u00e3o os estados do Rio de Janeiro, com taxa de 43 hospitaliza\u00e7\u00f5es por 100 mil, o Rio Grande do Norte, com taxa de 39 por 100 mil, e Sergipe, com taxa de 13 por 100 mil.<\/p>\n\n\n\n<blockquote class=\"wp-block-quote is-layout-flow wp-block-quote-is-layout-flow\">\n<p class=\"wp-block-paragraph\">&#8220;Os resultados demonstram que quedas, queimaduras, sinistros de tr\u00e2nsito, intoxica\u00e7\u00f5es, sufoca\u00e7\u00f5es e afogamentos continuam figurando entre as principais causas de interna\u00e7\u00e3o infantil no Brasil. Investir em ambientes seguros, educa\u00e7\u00e3o preventiva e fortalecimento de pol\u00edticas p\u00fablicas significa reduzir hospitaliza\u00e7\u00f5es, sequelas permanentes e \u00f3bitos evit\u00e1veis&#8221;, destaca o relat\u00f3rio.&nbsp;<\/p>\n<\/blockquote>\n\n\n\n<h2 class=\"wp-block-heading\">Outras causas<\/h2>\n\n\n\n<p class=\"wp-block-paragraph\"><strong>Os acidentes de tr\u00e2nsito est\u00e3o em terceiro lugar das causas de interna\u00e7\u00f5es por acidentes<\/strong>, com 12,6 mil ocorr\u00eancias (9,9%), concentrados na faixa dos 10 aos 14 anos (50,4%) e com presen\u00e7a importante na faixa dos 5 aos 9 anos (32,3%).&nbsp;<\/p>\n\n\n\n<p class=\"wp-block-paragraph\">Na sequ\u00eancia, houve 4,2 mil casos de intoxica\u00e7\u00f5es (3,3%), sendo que 37,7% desses acidentes com crian\u00e7as de 1 a 4 anos, e 31,2% em crian\u00e7as de 5 a 9 anos.&nbsp;<\/p>\n\n\n\n<p class=\"wp-block-paragraph\">Com menor incid\u00eancias est\u00e3o a sufoca\u00e7\u00e3o, com 644 ocorr\u00eancias (0,5%), acometendo em maior grau as crian\u00e7as de 1 a 4 anos (49,1%); os afogamentos, com 261 casos (0,2%), concentrados tamb\u00e9m com crian\u00e7as de 1 a 4 anos (71,6%), e acidentes com armas de fogo, com 70 situa\u00e7\u00f5es (0,1%).<\/p>\n\n\n\n<p class=\"wp-block-paragraph\"><strong>Ao comparar 2025 com os dois anos anteriores, o relat\u00f3rio observou uma tend\u00eancia de crescimento nas interna\u00e7\u00f5es hospitalares de crian\u00e7as e adolescentes at\u00e9 14 anos, decorrentes de acidentes.<\/strong>&nbsp;<\/p>\n\n\n\n<p class=\"wp-block-paragraph\">O aumento foi de 2,2% em 2024 em rela\u00e7\u00e3o a 2023, e de 5,4%, em 2025, em rela\u00e7\u00e3o a 2024.&nbsp;<\/p>\n\n\n\n<p class=\"wp-block-paragraph\">As categorias em que houve mais aumentos foram intoxica\u00e7\u00f5es, com aumento de 19,7% na compara\u00e7\u00e3o 2024\/2025, sufoca\u00e7\u00e3o, 10,8%, e queimaduras, 7,4%.&nbsp;<\/p>\n\n\n\n<p class=\"wp-block-paragraph\"><strong>Os acidentes com armas de fogo foram a \u00fanica categoria em que houve redu\u00e7\u00e3o de ocorr\u00eancias<\/strong>, na ordem de 13,6%, tamb\u00e9m com certa tend\u00eancia de redu\u00e7\u00e3o. O aumento consolidado de hospitaliza\u00e7\u00f5es de crian\u00e7as e adolescentes no tri\u00eanio 2023 a 2025 foi de 9.221 casos: 7,7%.<\/p>\n\n\n\n<h2 class=\"wp-block-heading\">Educa\u00e7\u00e3o<\/h2>\n\n\n\n<p class=\"wp-block-paragraph\">O relat\u00f3rio foi taxativo ao colocar as campanhas educativas e uma maior aten\u00e7\u00e3o aos pequenos como decisivas para diminuir os \u00edndices. A estimativa \u00e9 que mais de 90% dos acidentes com esse p\u00fablico sejam evit\u00e1veis, e o uso de celulares aparece como um elemento importante.&nbsp;A desaten\u00e7\u00e3o dos cuidadores \u00e9 apontada como um fator decisivo para os aumentos recentes em ocorr\u00eancias.<\/p>\n\n\n\n<p class=\"wp-block-paragraph\">Guilherme Jeronymo &#8211; Rep\u00f3rter da Ag\u00eancia Brasil<\/p>\n","protected":false},"excerpt":{"rendered":"<p>As quedas e queimaduras foram as causas mais comuns de interna\u00e7\u00e3o de crian\u00e7as e adolescentes at\u00e9 os 14 anos de idade no Brasil, em 2025.&nbsp;Foram mais de 55 mil interna\u00e7\u00f5es por quedas, ou 43,4% do total para essa faixa et\u00e1ria, e mais de 25 mil interna\u00e7\u00f5es por queimaduras, 19,6% do total. Os dados, compilados pelo [&hellip;]<\/p>\n","protected":false},"author":10,"featured_media":89151,"comment_status":"open","ping_status":"open","sticky":false,"template":"","format":"standard","meta":{"_acf_changed":false,"footnotes":""},"categories":[19,898,21],"tags":[],"class_list":["post-89150","post","type-post","status-publish","format-standard","has-post-thumbnail","hentry","category-brasil-mundo","category-manchete-segundaria","category-todas-noticias"],"acf":[],"yoast_head":"<!-- This site is optimized with the Yoast SEO plugin v24.4 - https:\/\/yoast.com\/wordpress\/plugins\/seo\/ -->\n<title>Quedas e queimaduras s\u00e3o maior causa de interna\u00e7\u00e3o de crian\u00e7as - PORTAL DE NOT\u00cdCIAS CLEITON PINHEIRO<\/title>\n<meta name=\"robots\" content=\"index, follow, max-snippet:-1, max-image-preview:large, max-video-preview:-1\" \/>\n<link rel=\"canonical\" href=\"https:\/\/cleitonpinheiro.com.br\/site\/quedas-e-queimaduras-sao-maior-causa-de-internacao-de-criancas\/\" \/>\n<meta property=\"og:locale\" content=\"pt_BR\" \/>\n<meta property=\"og:type\" content=\"article\" \/>\n<meta property=\"og:title\" content=\"Quedas e queimaduras s\u00e3o maior causa de interna\u00e7\u00e3o de crian\u00e7as - PORTAL DE NOT\u00cdCIAS CLEITON PINHEIRO\" \/>\n<meta property=\"og:description\" content=\"As quedas e queimaduras foram as causas mais comuns de interna\u00e7\u00e3o de crian\u00e7as e adolescentes at\u00e9 os 14 anos de idade no Brasil, em 2025.&nbsp;Foram mais de 55 mil interna\u00e7\u00f5es por quedas, ou 43,4% do total para essa faixa et\u00e1ria, e mais de 25 mil interna\u00e7\u00f5es por queimaduras, 19,6% do total. Os dados, compilados pelo [&hellip;]\" \/>\n<meta property=\"og:url\" content=\"https:\/\/cleitonpinheiro.com.br\/site\/quedas-e-queimaduras-sao-maior-causa-de-internacao-de-criancas\/\" \/>\n<meta property=\"og:site_name\" content=\"PORTAL DE NOT\u00cdCIAS CLEITON PINHEIRO\" \/>\n<meta property=\"article:publisher\" content=\"https:\/\/www.facebook.com\/portalcpnoticias\/\" \/>\n<meta property=\"article:published_time\" content=\"2026-09-03T19:18:39+00:00\" \/>\n<meta property=\"article:modified_time\" content=\"2026-09-03T19:22:22+00:00\" \/>\n<meta property=\"og:image\" content=\"https:\/\/cleitonpinheiro.com.br\/site\/wp-content\/uploads\/2026\/09\/mutirao-hospitais-mc_abr_05072025-18.webp\" \/>\n\t<meta property=\"og:image:width\" content=\"1170\" \/>\n\t<meta property=\"og:image:height\" content=\"700\" \/>\n\t<meta property=\"og:image:type\" content=\"image\/webp\" \/>\n<meta name=\"author\" content=\"Cleiton Pinheiro\" \/>\n<meta name=\"twitter:card\" content=\"summary_large_image\" \/>\n<meta name=\"twitter:label1\" content=\"Escrito por\" \/>\n\t<meta name=\"twitter:data1\" content=\"Cleiton Pinheiro\" \/>\n\t<meta name=\"twitter:label2\" content=\"Est. tempo de leitura\" \/>\n\t<meta name=\"twitter:data2\" content=\"5 minutos\" \/>\n<script type=\"application\/ld+json\" class=\"yoast-schema-graph\">{\"@context\":\"https:\/\/schema.org\",\"@graph\":[{\"@type\":\"Article\",\"@id\":\"https:\/\/cleitonpinheiro.com.br\/site\/quedas-e-queimaduras-sao-maior-causa-de-internacao-de-criancas\/#article\",\"isPartOf\":{\"@id\":\"https:\/\/cleitonpinheiro.com.br\/site\/quedas-e-queimaduras-sao-maior-causa-de-internacao-de-criancas\/\"},\"author\":{\"name\":\"Cleiton Pinheiro\",\"@id\":\"https:\/\/cleitonpinheiro.com.br\/site\/#\/schema\/person\/62fd4eb98fcc8bd3fc477aaff264af51\"},\"headline\":\"Quedas e queimaduras s\u00e3o maior causa de interna\u00e7\u00e3o de crian\u00e7as\",\"datePublished\":\"2026-09-03T19:18:39+00:00\",\"dateModified\":\"2026-09-03T19:22:22+00:00\",\"mainEntityOfPage\":{\"@id\":\"https:\/\/cleitonpinheiro.com.br\/site\/quedas-e-queimaduras-sao-maior-causa-de-internacao-de-criancas\/\"},\"wordCount\":658,\"commentCount\":0,\"publisher\":{\"@id\":\"https:\/\/cleitonpinheiro.com.br\/site\/#organization\"},\"image\":{\"@id\":\"https:\/\/cleitonpinheiro.com.br\/site\/quedas-e-queimaduras-sao-maior-causa-de-internacao-de-criancas\/#primaryimage\"},\"thumbnailUrl\":\"https:\/\/cleitonpinheiro.com.br\/site\/wp-content\/uploads\/2026\/09\/mutirao-hospitais-mc_abr_05072025-18.webp\",\"articleSection\":[\"BRASIL \/ MUNDO\",\"MANCHETE SEGUND\u00c1RIA\",\"TODAS NOTICIAS\"],\"inLanguage\":\"pt-BR\",\"potentialAction\":[{\"@type\":\"CommentAction\",\"name\":\"Comment\",\"target\":[\"https:\/\/cleitonpinheiro.com.br\/site\/quedas-e-queimaduras-sao-maior-causa-de-internacao-de-criancas\/#respond\"]}]},{\"@type\":\"WebPage\",\"@id\":\"https:\/\/cleitonpinheiro.com.br\/site\/quedas-e-queimaduras-sao-maior-causa-de-internacao-de-criancas\/\",\"url\":\"https:\/\/cleitonpinheiro.com.br\/site\/quedas-e-queimaduras-sao-maior-causa-de-internacao-de-criancas\/\",\"name\":\"Quedas e queimaduras s\u00e3o maior causa de interna\u00e7\u00e3o de crian\u00e7as - PORTAL DE NOT\u00cdCIAS CLEITON PINHEIRO\",\"isPartOf\":{\"@id\":\"https:\/\/cleitonpinheiro.com.br\/site\/#website\"},\"primaryImageOfPage\":{\"@id\":\"https:\/\/cleitonpinheiro.com.br\/site\/quedas-e-queimaduras-sao-maior-causa-de-internacao-de-criancas\/#primaryimage\"},\"image\":{\"@id\":\"https:\/\/cleitonpinheiro.com.br\/site\/quedas-e-queimaduras-sao-maior-causa-de-internacao-de-criancas\/#primaryimage\"},\"thumbnailUrl\":\"https:\/\/cleitonpinheiro.com.br\/site\/wp-content\/uploads\/2026\/09\/mutirao-hospitais-mc_abr_05072025-18.webp\",\"datePublished\":\"2026-09-03T19:18:39+00:00\",\"dateModified\":\"2026-09-03T19:22:22+00:00\",\"breadcrumb\":{\"@id\":\"https:\/\/cleitonpinheiro.com.br\/site\/quedas-e-queimaduras-sao-maior-causa-de-internacao-de-criancas\/#breadcrumb\"},\"inLanguage\":\"pt-BR\",\"potentialAction\":[{\"@type\":\"ReadAction\",\"target\":[\"https:\/\/cleitonpinheiro.com.br\/site\/quedas-e-queimaduras-sao-maior-causa-de-internacao-de-criancas\/\"]}]},{\"@type\":\"ImageObject\",\"inLanguage\":\"pt-BR\",\"@id\":\"https:\/\/cleitonpinheiro.com.br\/site\/quedas-e-queimaduras-sao-maior-causa-de-internacao-de-criancas\/#primaryimage\",\"url\":\"https:\/\/cleitonpinheiro.com.br\/site\/wp-content\/uploads\/2026\/09\/mutirao-hospitais-mc_abr_05072025-18.webp\",\"contentUrl\":\"https:\/\/cleitonpinheiro.com.br\/site\/wp-content\/uploads\/2026\/09\/mutirao-hospitais-mc_abr_05072025-18.webp\",\"width\":1170,\"height\":700,\"caption\":\"\u00a9 Marcelo Camargo\/Ag\u00eancia Brasil\"},{\"@type\":\"BreadcrumbList\",\"@id\":\"https:\/\/cleitonpinheiro.com.br\/site\/quedas-e-queimaduras-sao-maior-causa-de-internacao-de-criancas\/#breadcrumb\",\"itemListElement\":[{\"@type\":\"ListItem\",\"position\":1,\"name\":\"In\u00edcio\",\"item\":\"https:\/\/cleitonpinheiro.com.br\/site\/\"},{\"@type\":\"ListItem\",\"position\":2,\"name\":\"Quedas e queimaduras s\u00e3o maior causa de interna\u00e7\u00e3o de crian\u00e7as\"}]},{\"@type\":\"WebSite\",\"@id\":\"https:\/\/cleitonpinheiro.com.br\/site\/#website\",\"url\":\"https:\/\/cleitonpinheiro.com.br\/site\/\",\"name\":\"PORTAL DE NOT\u00cdCIAS CLEITON PINHEIRO\",\"description\":\"FALANDO A VERDADE\",\"publisher\":{\"@id\":\"https:\/\/cleitonpinheiro.com.br\/site\/#organization\"},\"potentialAction\":[{\"@type\":\"SearchAction\",\"target\":{\"@type\":\"EntryPoint\",\"urlTemplate\":\"https:\/\/cleitonpinheiro.com.br\/site\/?s={search_term_string}\"},\"query-input\":{\"@type\":\"PropertyValueSpecification\",\"valueRequired\":true,\"valueName\":\"search_term_string\"}}],\"inLanguage\":\"pt-BR\"},{\"@type\":\"Organization\",\"@id\":\"https:\/\/cleitonpinheiro.com.br\/site\/#organization\",\"name\":\"CPNOT\u00cdCIAS\",\"url\":\"https:\/\/cleitonpinheiro.com.br\/site\/\",\"logo\":{\"@type\":\"ImageObject\",\"inLanguage\":\"pt-BR\",\"@id\":\"https:\/\/cleitonpinheiro.com.br\/site\/#\/schema\/logo\/image\/\",\"url\":\"https:\/\/cleitonpinheiro.com.br\/site\/wp-content\/uploads\/2022\/08\/Logo-pequena-2.png\",\"contentUrl\":\"https:\/\/cleitonpinheiro.com.br\/site\/wp-content\/uploads\/2022\/08\/Logo-pequena-2.png\",\"width\":500,\"height\":500,\"caption\":\"CPNOT\u00cdCIAS\"},\"image\":{\"@id\":\"https:\/\/cleitonpinheiro.com.br\/site\/#\/schema\/logo\/image\/\"},\"sameAs\":[\"https:\/\/www.facebook.com\/portalcpnoticias\/\"]},{\"@type\":\"Person\",\"@id\":\"https:\/\/cleitonpinheiro.com.br\/site\/#\/schema\/person\/62fd4eb98fcc8bd3fc477aaff264af51\",\"name\":\"Cleiton Pinheiro\",\"image\":{\"@type\":\"ImageObject\",\"inLanguage\":\"pt-BR\",\"@id\":\"https:\/\/cleitonpinheiro.com.br\/site\/#\/schema\/person\/image\/\",\"url\":\"https:\/\/secure.gravatar.com\/avatar\/15642ec35b78fe5eed3cfa8e4a3f3211d73a3df4f35f0566b4324958cba1b1b9?s=96&r=g\",\"contentUrl\":\"https:\/\/secure.gravatar.com\/avatar\/15642ec35b78fe5eed3cfa8e4a3f3211d73a3df4f35f0566b4324958cba1b1b9?s=96&r=g\",\"caption\":\"Cleiton Pinheiro\"},\"url\":\"https:\/\/cleitonpinheiro.com.br\/site\/author\/cleiton\/\"}]}<\/script>\n<!-- \/ Yoast SEO plugin. -->","yoast_head_json":{"title":"Quedas e queimaduras s\u00e3o maior causa de interna\u00e7\u00e3o de crian\u00e7as - PORTAL DE NOT\u00cdCIAS CLEITON PINHEIRO","robots":{"index":"index","follow":"follow","max-snippet":"max-snippet:-1","max-image-preview":"max-image-preview:large","max-video-preview":"max-video-preview:-1"},"canonical":"https:\/\/cleitonpinheiro.com.br\/site\/quedas-e-queimaduras-sao-maior-causa-de-internacao-de-criancas\/","og_locale":"pt_BR","og_type":"article","og_title":"Quedas e queimaduras s\u00e3o maior causa de interna\u00e7\u00e3o de crian\u00e7as - PORTAL DE NOT\u00cdCIAS CLEITON PINHEIRO","og_description":"As quedas e queimaduras foram as causas mais comuns de interna\u00e7\u00e3o de crian\u00e7as e adolescentes at\u00e9 os 14 anos de idade no Brasil, em 2025.&nbsp;Foram mais de 55 mil interna\u00e7\u00f5es por quedas, ou 43,4% do total para essa faixa et\u00e1ria, e mais de 25 mil interna\u00e7\u00f5es por queimaduras, 19,6% do total. Os dados, compilados pelo [&hellip;]","og_url":"https:\/\/cleitonpinheiro.com.br\/site\/quedas-e-queimaduras-sao-maior-causa-de-internacao-de-criancas\/","og_site_name":"PORTAL DE NOT\u00cdCIAS CLEITON PINHEIRO","article_publisher":"https:\/\/www.facebook.com\/portalcpnoticias\/","article_published_time":"2026-09-03T19:18:39+00:00","article_modified_time":"2026-09-03T19:22:22+00:00","og_image":[{"width":1170,"height":700,"url":"https:\/\/cleitonpinheiro.com.br\/site\/wp-content\/uploads\/2026\/09\/mutirao-hospitais-mc_abr_05072025-18.webp","type":"image\/webp"}],"author":"Cleiton Pinheiro","twitter_card":"summary_large_image","twitter_misc":{"Escrito por":"Cleiton Pinheiro","Est. tempo de leitura":"5 minutos"},"schema":{"@context":"https:\/\/schema.org","@graph":[{"@type":"Article","@id":"https:\/\/cleitonpinheiro.com.br\/site\/quedas-e-queimaduras-sao-maior-causa-de-internacao-de-criancas\/#article","isPartOf":{"@id":"https:\/\/cleitonpinheiro.com.br\/site\/quedas-e-queimaduras-sao-maior-causa-de-internacao-de-criancas\/"},"author":{"name":"Cleiton Pinheiro","@id":"https:\/\/cleitonpinheiro.com.br\/site\/#\/schema\/person\/62fd4eb98fcc8bd3fc477aaff264af51"},"headline":"Quedas e queimaduras s\u00e3o maior causa de interna\u00e7\u00e3o de crian\u00e7as","datePublished":"2026-09-03T19:18:39+00:00","dateModified":"2026-09-03T19:22:22+00:00","mainEntityOfPage":{"@id":"https:\/\/cleitonpinheiro.com.br\/site\/quedas-e-queimaduras-sao-maior-causa-de-internacao-de-criancas\/"},"wordCount":658,"commentCount":0,"publisher":{"@id":"https:\/\/cleitonpinheiro.com.br\/site\/#organization"},"image":{"@id":"https:\/\/cleitonpinheiro.com.br\/site\/quedas-e-queimaduras-sao-maior-causa-de-internacao-de-criancas\/#primaryimage"},"thumbnailUrl":"https:\/\/cleitonpinheiro.com.br\/site\/wp-content\/uploads\/2026\/09\/mutirao-hospitais-mc_abr_05072025-18.webp","articleSection":["BRASIL \/ MUNDO","MANCHETE SEGUND\u00c1RIA","TODAS NOTICIAS"],"inLanguage":"pt-BR","potentialAction":[{"@type":"CommentAction","name":"Comment","target":["https:\/\/cleitonpinheiro.com.br\/site\/quedas-e-queimaduras-sao-maior-causa-de-internacao-de-criancas\/#respond"]}]},{"@type":"WebPage","@id":"https:\/\/cleitonpinheiro.com.br\/site\/quedas-e-queimaduras-sao-maior-causa-de-internacao-de-criancas\/","url":"https:\/\/cleitonpinheiro.com.br\/site\/quedas-e-queimaduras-sao-maior-causa-de-internacao-de-criancas\/","name":"Quedas e queimaduras s\u00e3o maior causa de interna\u00e7\u00e3o de crian\u00e7as - PORTAL DE NOT\u00cdCIAS CLEITON PINHEIRO","isPartOf":{"@id":"https:\/\/cleitonpinheiro.com.br\/site\/#website"},"primaryImageOfPage":{"@id":"https:\/\/cleitonpinheiro.com.br\/site\/quedas-e-queimaduras-sao-maior-causa-de-internacao-de-criancas\/#primaryimage"},"image":{"@id":"https:\/\/cleitonpinheiro.com.br\/site\/quedas-e-queimaduras-sao-maior-causa-de-internacao-de-criancas\/#primaryimage"},"thumbnailUrl":"https:\/\/cleitonpinheiro.com.br\/site\/wp-content\/uploads\/2026\/09\/mutirao-hospitais-mc_abr_05072025-18.webp","datePublished":"2026-09-03T19:18:39+00:00","dateModified":"2026-09-03T19:22:22+00:00","breadcrumb":{"@id":"https:\/\/cleitonpinheiro.com.br\/site\/quedas-e-queimaduras-sao-maior-causa-de-internacao-de-criancas\/#breadcrumb"},"inLanguage":"pt-BR","potentialAction":[{"@type":"ReadAction","target":["https:\/\/cleitonpinheiro.com.br\/site\/quedas-e-queimaduras-sao-maior-causa-de-internacao-de-criancas\/"]}]},{"@type":"ImageObject","inLanguage":"pt-BR","@id":"https:\/\/cleitonpinheiro.com.br\/site\/quedas-e-queimaduras-sao-maior-causa-de-internacao-de-criancas\/#primaryimage","url":"https:\/\/cleitonpinheiro.com.br\/site\/wp-content\/uploads\/2026\/09\/mutirao-hospitais-mc_abr_05072025-18.webp","contentUrl":"https:\/\/cleitonpinheiro.com.br\/site\/wp-content\/uploads\/2026\/09\/mutirao-hospitais-mc_abr_05072025-18.webp","width":1170,"height":700,"caption":"\u00a9 Marcelo Camargo\/Ag\u00eancia Brasil"},{"@type":"BreadcrumbList","@id":"https:\/\/cleitonpinheiro.com.br\/site\/quedas-e-queimaduras-sao-maior-causa-de-internacao-de-criancas\/#breadcrumb","itemListElement":[{"@type":"ListItem","position":1,"name":"In\u00edcio","item":"https:\/\/cleitonpinheiro.com.br\/site\/"},{"@type":"ListItem","position":2,"name":"Quedas e queimaduras s\u00e3o maior causa de interna\u00e7\u00e3o de crian\u00e7as"}]},{"@type":"WebSite","@id":"https:\/\/cleitonpinheiro.com.br\/site\/#website","url":"https:\/\/cleitonpinheiro.com.br\/site\/","name":"PORTAL DE NOT\u00cdCIAS CLEITON PINHEIRO","description":"FALANDO A VERDADE","publisher":{"@id":"https:\/\/cleitonpinheiro.com.br\/site\/#organization"},"potentialAction":[{"@type":"SearchAction","target":{"@type":"EntryPoint","urlTemplate":"https:\/\/cleitonpinheiro.com.br\/site\/?s={search_term_string}"},"query-input":{"@type":"PropertyValueSpecification","valueRequired":true,"valueName":"search_term_string"}}],"inLanguage":"pt-BR"},{"@type":"Organization","@id":"https:\/\/cleitonpinheiro.com.br\/site\/#organization","name":"CPNOT\u00cdCIAS","url":"https:\/\/cleitonpinheiro.com.br\/site\/","logo":{"@type":"ImageObject","inLanguage":"pt-BR","@id":"https:\/\/cleitonpinheiro.com.br\/site\/#\/schema\/logo\/image\/","url":"https:\/\/cleitonpinheiro.com.br\/site\/wp-content\/uploads\/2022\/08\/Logo-pequena-2.png","contentUrl":"https:\/\/cleitonpinheiro.com.br\/site\/wp-content\/uploads\/2022\/08\/Logo-pequena-2.png","width":500,"height":500,"caption":"CPNOT\u00cdCIAS"},"image":{"@id":"https:\/\/cleitonpinheiro.com.br\/site\/#\/schema\/logo\/image\/"},"sameAs":["https:\/\/www.facebook.com\/portalcpnoticias\/"]},{"@type":"Person","@id":"https:\/\/cleitonpinheiro.com.br\/site\/#\/schema\/person\/62fd4eb98fcc8bd3fc477aaff264af51","name":"Cleiton Pinheiro","image":{"@type":"ImageObject","inLanguage":"pt-BR","@id":"https:\/\/cleitonpinheiro.com.br\/site\/#\/schema\/person\/image\/","url":"https:\/\/secure.gravatar.com\/avatar\/15642ec35b78fe5eed3cfa8e4a3f3211d73a3df4f35f0566b4324958cba1b1b9?s=96&r=g","contentUrl":"https:\/\/secure.gravatar.com\/avatar\/15642ec35b78fe5eed3cfa8e4a3f3211d73a3df4f35f0566b4324958cba1b1b9?s=96&r=g","caption":"Cleiton Pinheiro"},"url":"https:\/\/cleitonpinheiro.com.br\/site\/author\/cleiton\/"}]}},"views":34,"_links":{"self":[{"href":"https:\/\/cleitonpinheiro.com.br\/site\/wp-json\/wp\/v2\/posts\/89150","targetHints":{"allow":["GET"]}}],"collection":[{"href":"https:\/\/cleitonpinheiro.com.br\/site\/wp-json\/wp\/v2\/posts"}],"about":[{"href":"https:\/\/cleitonpinheiro.com.br\/site\/wp-json\/wp\/v2\/types\/post"}],"author":[{"embeddable":true,"href":"https:\/\/cleitonpinheiro.com.br\/site\/wp-json\/wp\/v2\/users\/10"}],"replies":[{"embeddable":true,"href":"https:\/\/cleitonpinheiro.com.br\/site\/wp-json\/wp\/v2\/comments?post=89150"}],"version-history":[{"count":1,"href":"https:\/\/cleitonpinheiro.com.br\/site\/wp-json\/wp\/v2\/posts\/89150\/revisions"}],"predecessor-version":[{"id":89152,"href":"https:\/\/cleitonpinheiro.com.br\/site\/wp-json\/wp\/v2\/posts\/89150\/revisions\/89152"}],"wp:featuredmedia":[{"embeddable":true,"href":"https:\/\/cleitonpinheiro.com.br\/site\/wp-json\/wp\/v2\/media\/89151"}],"wp:attachment":[{"href":"https:\/\/cleitonpinheiro.com.br\/site\/wp-json\/wp\/v2\/media?parent=89150"}],"wp:term":[{"taxonomy":"category","embeddable":true,"href":"https:\/\/cleitonpinheiro.com.br\/site\/wp-json\/wp\/v2\/categories?post=89150"},{"taxonomy":"post_tag","embeddable":true,"href":"https:\/\/cleitonpinheiro.com.br\/site\/wp-json\/wp\/v2\/tags?post=89150"}],"curies":[{"name":"wp","href":"https:\/\/api.w.org\/{rel}","templated":true}]}}