{"id":89154,"date":"2026-09-03T16:23:00","date_gmt":"2026-09-03T19:23:00","guid":{"rendered":"https:\/\/cleitonpinheiro.com.br\/site\/?p=89154"},"modified":"2026-09-03T16:23:00","modified_gmt":"2026-09-03T19:23:00","slug":"transporte-gratuito-para-eleitores-de-palmas-com-deficiencia-ou-mobilidade-reduzida-pode-ser-solicitado-ate-dia-14","status":"publish","type":"post","link":"https:\/\/cleitonpinheiro.com.br\/site\/transporte-gratuito-para-eleitores-de-palmas-com-deficiencia-ou-mobilidade-reduzida-pode-ser-solicitado-ate-dia-14\/","title":{"rendered":"Transporte gratuito para eleitores de Palmas com defici\u00eancia ou mobilidade reduzida pode ser solicitado at\u00e9 dia 14"},"content":{"rendered":"\n<figure class=\"wp-block-image size-full\"><img fetchpriority=\"high\" decoding=\"async\" width=\"759\" height=\"409\" src=\"https:\/\/cleitonpinheiro.com.br\/site\/wp-content\/uploads\/2026\/09\/image-1140-c6936a04e06aae67a5259e772ab8fe8d.jpeg\" alt=\"\" class=\"wp-image-89155\" srcset=\"https:\/\/cleitonpinheiro.com.br\/site\/wp-content\/uploads\/2026\/09\/image-1140-c6936a04e06aae67a5259e772ab8fe8d.jpeg 759w, https:\/\/cleitonpinheiro.com.br\/site\/wp-content\/uploads\/2026\/09\/image-1140-c6936a04e06aae67a5259e772ab8fe8d-300x162.jpeg 300w\" sizes=\"(max-width: 759px) 100vw, 759px\" \/><\/figure>\n\n\n\n<p class=\"wp-block-paragraph\">A partir desta ter\u00e7a-feira, 1\u00ba, eleitoras e eleitores com defici\u00eancia ou mobilidade reduzida que votam em Palmas podem solicitar transporte gratuito para o dia da elei\u00e7\u00e3o. O servi\u00e7o \u00e9 oferecido pela Justi\u00e7a Eleitoral do Tocantins, por meio do&nbsp;<a href=\"https:\/\/www.tre-to.jus.br\/institucional\/programas-projetos-institucionais\/acessibilidade\/programa-seu-voto-importa-transporte-de-pcd\">Programa Seu Voto Importa<\/a>, e busca ajudar a superar as dificuldades de deslocamento at\u00e9 o local de vota\u00e7\u00e3o.&nbsp;<\/p>\n\n\n\n<p class=\"wp-block-paragraph\">A iniciativa \u00e9 realizada em parceria com a Prefeitura de Palmas e garante o deslocamento de ida e volta entre a resid\u00eancia e o local de vota\u00e7\u00e3o. O programa est\u00e1 previsto na Resolu\u00e7\u00e3o TSE n\u00ba 23.753\/2026, na Portaria TRE-TO n\u00ba 451\/2026 e no Acordo de Coopera\u00e7\u00e3o T\u00e9cnica n\u00ba 2\/2026,&nbsp;<a href=\"https:\/\/www.tre-to.jus.br\/comunicacao\/noticias\/2026\/Agosto\/tre-to-firma-acordo-com-prefeitura-de-palmas-para-ampliar-acessibilidade-nas-eleicoes\">firmado no \u00faltimo dia 26 de agosto<\/a>.<\/p>\n\n\n\n<p class=\"wp-block-paragraph\"><strong>Quem pode solicitar<\/strong><\/p>\n\n\n\n<p class=\"wp-block-paragraph\">O servi\u00e7o \u00e9 destinado a eleitoras e eleitores com defici\u00eancia ou mobilidade reduzida que votam em Palmas e n\u00e3o possuem meio pr\u00f3prio de transporte para chegar ao local de vota\u00e7\u00e3o. No pedido, \u00e9 necess\u00e1rio apresentar laudo de diagn\u00f3stico ou fazer a autodeclara\u00e7\u00e3o da condi\u00e7\u00e3o, al\u00e9m de informar um contato v\u00e1lido para o recebimento das informa\u00e7\u00f5es.<br><br>Para o primeiro turno das Elei\u00e7\u00f5es 2026, as solicita\u00e7\u00f5es podem ser feitas de 1\u00ba a 14 de setembro. Os pedidos ser\u00e3o analisados entre os dias 15 e 19, e a confirma\u00e7\u00e3o ser\u00e1 enviada \u00e0s pessoas atendidas at\u00e9 48 horas antes da elei\u00e7\u00e3o.<\/p>\n\n\n\n<p class=\"wp-block-paragraph\"><strong>Como solicitar<\/strong><\/p>\n\n\n\n<p class=\"wp-block-paragraph\">O pedido pode ser feito pela internet,&nbsp;<a href=\"https:\/\/docs.google.com\/forms\/d\/e\/1FAIpQLSfgWXp-8oUM2gsUBQyvUk0Ebdx2KPcXC6Td0HaIktux66Kdxg\/viewform\">por meio do formul\u00e1rio<\/a>, ou presencialmente no&nbsp;<a href=\"https:\/\/www.tre-to.jus.br\/institucional\/zonas-eleitorais\">Cart\u00f3rio Eleitoral da 29\u00aa Zona<\/a>, em Palmas. A solicita\u00e7\u00e3o ser\u00e1 analisada tecnicamente e n\u00e3o garante automaticamente a disponibilidade do transporte. Entre os crit\u00e9rios avaliados est\u00e3o a dificuldade de locomo\u00e7\u00e3o, a exist\u00eancia de transporte p\u00fablico acess\u00edvel, a dist\u00e2ncia at\u00e9 o local de vota\u00e7\u00e3o e a capacidade operacional do programa.<\/p>\n\n\n\n<p class=\"wp-block-paragraph\"><strong>Crit\u00e9rios de prioridade<\/strong><\/p>\n\n\n\n<p class=\"wp-block-paragraph\">Caso o n\u00famero de pedidos seja maior que a capacidade dispon\u00edvel, ter\u00e3o prioridade as pessoas com maior grau de limita\u00e7\u00e3o funcional, conforme crit\u00e9rios estabelecidos pelo programa. Em caso de empate, ser\u00e1 considerada a ordem de inscri\u00e7\u00e3o.<\/p>\n\n\n\n<p class=\"wp-block-paragraph\">Em caso de d\u00favidas, eleitoras e eleitores podem entrar em contato com a&nbsp;<a href=\"https:\/\/www.tre-to.jus.br\/institucional\/ouvidoria-regional-eleitoral\/ouvidoria-regional-eleitoral\">Ouvidoria<\/a>&nbsp;pelos canais de atendimento dispon\u00edveis.<\/p>\n\n\n\n<p class=\"wp-block-paragraph\">Texto: Guilherme Paganotto (Ascom\/TRE-TO)<\/p>\n","protected":false},"excerpt":{"rendered":"<p>A partir desta ter\u00e7a-feira, 1\u00ba, eleitoras e eleitores com defici\u00eancia ou mobilidade reduzida que votam em Palmas podem solicitar transporte gratuito para o dia da elei\u00e7\u00e3o. O servi\u00e7o \u00e9 oferecido pela Justi\u00e7a Eleitoral do Tocantins, por meio do&nbsp;Programa Seu Voto Importa, e busca ajudar a superar as dificuldades de deslocamento at\u00e9 o local de vota\u00e7\u00e3o.&nbsp; [&hellip;]<\/p>\n","protected":false},"author":10,"featured_media":89155,"comment_status":"open","ping_status":"open","sticky":false,"template":"","format":"standard","meta":{"_acf_changed":false,"footnotes":""},"categories":[898,23,21],"tags":[],"class_list":["post-89154","post","type-post","status-publish","format-standard","has-post-thumbnail","hentry","category-manchete-segundaria","category-politica","category-todas-noticias"],"acf":[],"yoast_head":"<!-- This site is optimized with the Yoast SEO plugin v24.4 - https:\/\/yoast.com\/wordpress\/plugins\/seo\/ -->\n<title>Transporte gratuito para eleitores de Palmas com defici\u00eancia ou mobilidade reduzida pode ser solicitado at\u00e9 dia 14 - PORTAL DE NOT\u00cdCIAS CLEITON PINHEIRO<\/title>\n<meta name=\"robots\" content=\"index, follow, max-snippet:-1, max-image-preview:large, max-video-preview:-1\" \/>\n<link rel=\"canonical\" href=\"https:\/\/cleitonpinheiro.com.br\/site\/transporte-gratuito-para-eleitores-de-palmas-com-deficiencia-ou-mobilidade-reduzida-pode-ser-solicitado-ate-dia-14\/\" \/>\n<meta property=\"og:locale\" content=\"pt_BR\" \/>\n<meta property=\"og:type\" content=\"article\" \/>\n<meta property=\"og:title\" content=\"Transporte gratuito para eleitores de Palmas com defici\u00eancia ou mobilidade reduzida pode ser solicitado at\u00e9 dia 14 - PORTAL DE NOT\u00cdCIAS CLEITON PINHEIRO\" \/>\n<meta property=\"og:description\" content=\"A partir desta ter\u00e7a-feira, 1\u00ba, eleitoras e eleitores com defici\u00eancia ou mobilidade reduzida que votam em Palmas podem solicitar transporte gratuito para o dia da elei\u00e7\u00e3o. O servi\u00e7o \u00e9 oferecido pela Justi\u00e7a Eleitoral do Tocantins, por meio do&nbsp;Programa Seu Voto Importa, e busca ajudar a superar as dificuldades de deslocamento at\u00e9 o local de vota\u00e7\u00e3o.&nbsp; [&hellip;]\" \/>\n<meta property=\"og:url\" content=\"https:\/\/cleitonpinheiro.com.br\/site\/transporte-gratuito-para-eleitores-de-palmas-com-deficiencia-ou-mobilidade-reduzida-pode-ser-solicitado-ate-dia-14\/\" \/>\n<meta property=\"og:site_name\" content=\"PORTAL DE NOT\u00cdCIAS CLEITON PINHEIRO\" \/>\n<meta property=\"article:publisher\" content=\"https:\/\/www.facebook.com\/portalcpnoticias\/\" \/>\n<meta property=\"article:published_time\" content=\"2026-09-03T19:23:00+00:00\" \/>\n<meta property=\"og:image\" content=\"https:\/\/cleitonpinheiro.com.br\/site\/wp-content\/uploads\/2026\/09\/image-1140-c6936a04e06aae67a5259e772ab8fe8d.jpeg\" \/>\n\t<meta property=\"og:image:width\" content=\"759\" \/>\n\t<meta property=\"og:image:height\" content=\"409\" \/>\n\t<meta property=\"og:image:type\" content=\"image\/jpeg\" \/>\n<meta name=\"author\" content=\"Cleiton Pinheiro\" \/>\n<meta name=\"twitter:card\" content=\"summary_large_image\" \/>\n<meta name=\"twitter:label1\" content=\"Escrito por\" \/>\n\t<meta name=\"twitter:data1\" content=\"Cleiton Pinheiro\" \/>\n\t<meta name=\"twitter:label2\" content=\"Est. tempo de leitura\" \/>\n\t<meta name=\"twitter:data2\" content=\"3 minutos\" \/>\n<script type=\"application\/ld+json\" class=\"yoast-schema-graph\">{\"@context\":\"https:\/\/schema.org\",\"@graph\":[{\"@type\":\"Article\",\"@id\":\"https:\/\/cleitonpinheiro.com.br\/site\/transporte-gratuito-para-eleitores-de-palmas-com-deficiencia-ou-mobilidade-reduzida-pode-ser-solicitado-ate-dia-14\/#article\",\"isPartOf\":{\"@id\":\"https:\/\/cleitonpinheiro.com.br\/site\/transporte-gratuito-para-eleitores-de-palmas-com-deficiencia-ou-mobilidade-reduzida-pode-ser-solicitado-ate-dia-14\/\"},\"author\":{\"name\":\"Cleiton Pinheiro\",\"@id\":\"https:\/\/cleitonpinheiro.com.br\/site\/#\/schema\/person\/62fd4eb98fcc8bd3fc477aaff264af51\"},\"headline\":\"Transporte gratuito para eleitores de Palmas com defici\u00eancia ou mobilidade reduzida pode ser solicitado at\u00e9 dia 14\",\"datePublished\":\"2026-09-03T19:23:00+00:00\",\"mainEntityOfPage\":{\"@id\":\"https:\/\/cleitonpinheiro.com.br\/site\/transporte-gratuito-para-eleitores-de-palmas-com-deficiencia-ou-mobilidade-reduzida-pode-ser-solicitado-ate-dia-14\/\"},\"wordCount\":396,\"commentCount\":0,\"publisher\":{\"@id\":\"https:\/\/cleitonpinheiro.com.br\/site\/#organization\"},\"image\":{\"@id\":\"https:\/\/cleitonpinheiro.com.br\/site\/transporte-gratuito-para-eleitores-de-palmas-com-deficiencia-ou-mobilidade-reduzida-pode-ser-solicitado-ate-dia-14\/#primaryimage\"},\"thumbnailUrl\":\"https:\/\/cleitonpinheiro.com.br\/site\/wp-content\/uploads\/2026\/09\/image-1140-c6936a04e06aae67a5259e772ab8fe8d.jpeg\",\"articleSection\":[\"MANCHETE SEGUND\u00c1RIA\",\"POL\u00cdTICA\",\"TODAS NOTICIAS\"],\"inLanguage\":\"pt-BR\",\"potentialAction\":[{\"@type\":\"CommentAction\",\"name\":\"Comment\",\"target\":[\"https:\/\/cleitonpinheiro.com.br\/site\/transporte-gratuito-para-eleitores-de-palmas-com-deficiencia-ou-mobilidade-reduzida-pode-ser-solicitado-ate-dia-14\/#respond\"]}]},{\"@type\":\"WebPage\",\"@id\":\"https:\/\/cleitonpinheiro.com.br\/site\/transporte-gratuito-para-eleitores-de-palmas-com-deficiencia-ou-mobilidade-reduzida-pode-ser-solicitado-ate-dia-14\/\",\"url\":\"https:\/\/cleitonpinheiro.com.br\/site\/transporte-gratuito-para-eleitores-de-palmas-com-deficiencia-ou-mobilidade-reduzida-pode-ser-solicitado-ate-dia-14\/\",\"name\":\"Transporte gratuito para eleitores de Palmas com defici\u00eancia ou mobilidade reduzida pode ser solicitado at\u00e9 dia 14 - PORTAL DE NOT\u00cdCIAS CLEITON PINHEIRO\",\"isPartOf\":{\"@id\":\"https:\/\/cleitonpinheiro.com.br\/site\/#website\"},\"primaryImageOfPage\":{\"@id\":\"https:\/\/cleitonpinheiro.com.br\/site\/transporte-gratuito-para-eleitores-de-palmas-com-deficiencia-ou-mobilidade-reduzida-pode-ser-solicitado-ate-dia-14\/#primaryimage\"},\"image\":{\"@id\":\"https:\/\/cleitonpinheiro.com.br\/site\/transporte-gratuito-para-eleitores-de-palmas-com-deficiencia-ou-mobilidade-reduzida-pode-ser-solicitado-ate-dia-14\/#primaryimage\"},\"thumbnailUrl\":\"https:\/\/cleitonpinheiro.com.br\/site\/wp-content\/uploads\/2026\/09\/image-1140-c6936a04e06aae67a5259e772ab8fe8d.jpeg\",\"datePublished\":\"2026-09-03T19:23:00+00:00\",\"breadcrumb\":{\"@id\":\"https:\/\/cleitonpinheiro.com.br\/site\/transporte-gratuito-para-eleitores-de-palmas-com-deficiencia-ou-mobilidade-reduzida-pode-ser-solicitado-ate-dia-14\/#breadcrumb\"},\"inLanguage\":\"pt-BR\",\"potentialAction\":[{\"@type\":\"ReadAction\",\"target\":[\"https:\/\/cleitonpinheiro.com.br\/site\/transporte-gratuito-para-eleitores-de-palmas-com-deficiencia-ou-mobilidade-reduzida-pode-ser-solicitado-ate-dia-14\/\"]}]},{\"@type\":\"ImageObject\",\"inLanguage\":\"pt-BR\",\"@id\":\"https:\/\/cleitonpinheiro.com.br\/site\/transporte-gratuito-para-eleitores-de-palmas-com-deficiencia-ou-mobilidade-reduzida-pode-ser-solicitado-ate-dia-14\/#primaryimage\",\"url\":\"https:\/\/cleitonpinheiro.com.br\/site\/wp-content\/uploads\/2026\/09\/image-1140-c6936a04e06aae67a5259e772ab8fe8d.jpeg\",\"contentUrl\":\"https:\/\/cleitonpinheiro.com.br\/site\/wp-content\/uploads\/2026\/09\/image-1140-c6936a04e06aae67a5259e772ab8fe8d.jpeg\",\"width\":759,\"height\":409},{\"@type\":\"BreadcrumbList\",\"@id\":\"https:\/\/cleitonpinheiro.com.br\/site\/transporte-gratuito-para-eleitores-de-palmas-com-deficiencia-ou-mobilidade-reduzida-pode-ser-solicitado-ate-dia-14\/#breadcrumb\",\"itemListElement\":[{\"@type\":\"ListItem\",\"position\":1,\"name\":\"In\u00edcio\",\"item\":\"https:\/\/cleitonpinheiro.com.br\/site\/\"},{\"@type\":\"ListItem\",\"position\":2,\"name\":\"Transporte gratuito para eleitores de Palmas com defici\u00eancia ou mobilidade reduzida pode ser solicitado at\u00e9 dia 14\"}]},{\"@type\":\"WebSite\",\"@id\":\"https:\/\/cleitonpinheiro.com.br\/site\/#website\",\"url\":\"https:\/\/cleitonpinheiro.com.br\/site\/\",\"name\":\"PORTAL DE NOT\u00cdCIAS CLEITON PINHEIRO\",\"description\":\"FALANDO A VERDADE\",\"publisher\":{\"@id\":\"https:\/\/cleitonpinheiro.com.br\/site\/#organization\"},\"potentialAction\":[{\"@type\":\"SearchAction\",\"target\":{\"@type\":\"EntryPoint\",\"urlTemplate\":\"https:\/\/cleitonpinheiro.com.br\/site\/?s={search_term_string}\"},\"query-input\":{\"@type\":\"PropertyValueSpecification\",\"valueRequired\":true,\"valueName\":\"search_term_string\"}}],\"inLanguage\":\"pt-BR\"},{\"@type\":\"Organization\",\"@id\":\"https:\/\/cleitonpinheiro.com.br\/site\/#organization\",\"name\":\"CPNOT\u00cdCIAS\",\"url\":\"https:\/\/cleitonpinheiro.com.br\/site\/\",\"logo\":{\"@type\":\"ImageObject\",\"inLanguage\":\"pt-BR\",\"@id\":\"https:\/\/cleitonpinheiro.com.br\/site\/#\/schema\/logo\/image\/\",\"url\":\"https:\/\/cleitonpinheiro.com.br\/site\/wp-content\/uploads\/2022\/08\/Logo-pequena-2.png\",\"contentUrl\":\"https:\/\/cleitonpinheiro.com.br\/site\/wp-content\/uploads\/2022\/08\/Logo-pequena-2.png\",\"width\":500,\"height\":500,\"caption\":\"CPNOT\u00cdCIAS\"},\"image\":{\"@id\":\"https:\/\/cleitonpinheiro.com.br\/site\/#\/schema\/logo\/image\/\"},\"sameAs\":[\"https:\/\/www.facebook.com\/portalcpnoticias\/\"]},{\"@type\":\"Person\",\"@id\":\"https:\/\/cleitonpinheiro.com.br\/site\/#\/schema\/person\/62fd4eb98fcc8bd3fc477aaff264af51\",\"name\":\"Cleiton Pinheiro\",\"image\":{\"@type\":\"ImageObject\",\"inLanguage\":\"pt-BR\",\"@id\":\"https:\/\/cleitonpinheiro.com.br\/site\/#\/schema\/person\/image\/\",\"url\":\"https:\/\/secure.gravatar.com\/avatar\/15642ec35b78fe5eed3cfa8e4a3f3211d73a3df4f35f0566b4324958cba1b1b9?s=96&r=g\",\"contentUrl\":\"https:\/\/secure.gravatar.com\/avatar\/15642ec35b78fe5eed3cfa8e4a3f3211d73a3df4f35f0566b4324958cba1b1b9?s=96&r=g\",\"caption\":\"Cleiton Pinheiro\"},\"url\":\"https:\/\/cleitonpinheiro.com.br\/site\/author\/cleiton\/\"}]}<\/script>\n<!-- \/ Yoast SEO plugin. -->","yoast_head_json":{"title":"Transporte gratuito para eleitores de Palmas com defici\u00eancia ou mobilidade reduzida pode ser solicitado at\u00e9 dia 14 - PORTAL DE NOT\u00cdCIAS CLEITON PINHEIRO","robots":{"index":"index","follow":"follow","max-snippet":"max-snippet:-1","max-image-preview":"max-image-preview:large","max-video-preview":"max-video-preview:-1"},"canonical":"https:\/\/cleitonpinheiro.com.br\/site\/transporte-gratuito-para-eleitores-de-palmas-com-deficiencia-ou-mobilidade-reduzida-pode-ser-solicitado-ate-dia-14\/","og_locale":"pt_BR","og_type":"article","og_title":"Transporte gratuito para eleitores de Palmas com defici\u00eancia ou mobilidade reduzida pode ser solicitado at\u00e9 dia 14 - PORTAL DE NOT\u00cdCIAS CLEITON PINHEIRO","og_description":"A partir desta ter\u00e7a-feira, 1\u00ba, eleitoras e eleitores com defici\u00eancia ou mobilidade reduzida que votam em Palmas podem solicitar transporte gratuito para o dia da elei\u00e7\u00e3o. O servi\u00e7o \u00e9 oferecido pela Justi\u00e7a Eleitoral do Tocantins, por meio do&nbsp;Programa Seu Voto Importa, e busca ajudar a superar as dificuldades de deslocamento at\u00e9 o local de vota\u00e7\u00e3o.&nbsp; [&hellip;]","og_url":"https:\/\/cleitonpinheiro.com.br\/site\/transporte-gratuito-para-eleitores-de-palmas-com-deficiencia-ou-mobilidade-reduzida-pode-ser-solicitado-ate-dia-14\/","og_site_name":"PORTAL DE NOT\u00cdCIAS CLEITON PINHEIRO","article_publisher":"https:\/\/www.facebook.com\/portalcpnoticias\/","article_published_time":"2026-09-03T19:23:00+00:00","og_image":[{"width":759,"height":409,"url":"https:\/\/cleitonpinheiro.com.br\/site\/wp-content\/uploads\/2026\/09\/image-1140-c6936a04e06aae67a5259e772ab8fe8d.jpeg","type":"image\/jpeg"}],"author":"Cleiton Pinheiro","twitter_card":"summary_large_image","twitter_misc":{"Escrito por":"Cleiton Pinheiro","Est. tempo de leitura":"3 minutos"},"schema":{"@context":"https:\/\/schema.org","@graph":[{"@type":"Article","@id":"https:\/\/cleitonpinheiro.com.br\/site\/transporte-gratuito-para-eleitores-de-palmas-com-deficiencia-ou-mobilidade-reduzida-pode-ser-solicitado-ate-dia-14\/#article","isPartOf":{"@id":"https:\/\/cleitonpinheiro.com.br\/site\/transporte-gratuito-para-eleitores-de-palmas-com-deficiencia-ou-mobilidade-reduzida-pode-ser-solicitado-ate-dia-14\/"},"author":{"name":"Cleiton Pinheiro","@id":"https:\/\/cleitonpinheiro.com.br\/site\/#\/schema\/person\/62fd4eb98fcc8bd3fc477aaff264af51"},"headline":"Transporte gratuito para eleitores de Palmas com defici\u00eancia ou mobilidade reduzida pode ser solicitado at\u00e9 dia 14","datePublished":"2026-09-03T19:23:00+00:00","mainEntityOfPage":{"@id":"https:\/\/cleitonpinheiro.com.br\/site\/transporte-gratuito-para-eleitores-de-palmas-com-deficiencia-ou-mobilidade-reduzida-pode-ser-solicitado-ate-dia-14\/"},"wordCount":396,"commentCount":0,"publisher":{"@id":"https:\/\/cleitonpinheiro.com.br\/site\/#organization"},"image":{"@id":"https:\/\/cleitonpinheiro.com.br\/site\/transporte-gratuito-para-eleitores-de-palmas-com-deficiencia-ou-mobilidade-reduzida-pode-ser-solicitado-ate-dia-14\/#primaryimage"},"thumbnailUrl":"https:\/\/cleitonpinheiro.com.br\/site\/wp-content\/uploads\/2026\/09\/image-1140-c6936a04e06aae67a5259e772ab8fe8d.jpeg","articleSection":["MANCHETE SEGUND\u00c1RIA","POL\u00cdTICA","TODAS NOTICIAS"],"inLanguage":"pt-BR","potentialAction":[{"@type":"CommentAction","name":"Comment","target":["https:\/\/cleitonpinheiro.com.br\/site\/transporte-gratuito-para-eleitores-de-palmas-com-deficiencia-ou-mobilidade-reduzida-pode-ser-solicitado-ate-dia-14\/#respond"]}]},{"@type":"WebPage","@id":"https:\/\/cleitonpinheiro.com.br\/site\/transporte-gratuito-para-eleitores-de-palmas-com-deficiencia-ou-mobilidade-reduzida-pode-ser-solicitado-ate-dia-14\/","url":"https:\/\/cleitonpinheiro.com.br\/site\/transporte-gratuito-para-eleitores-de-palmas-com-deficiencia-ou-mobilidade-reduzida-pode-ser-solicitado-ate-dia-14\/","name":"Transporte gratuito para eleitores de Palmas com defici\u00eancia ou mobilidade reduzida pode ser solicitado at\u00e9 dia 14 - PORTAL DE NOT\u00cdCIAS CLEITON PINHEIRO","isPartOf":{"@id":"https:\/\/cleitonpinheiro.com.br\/site\/#website"},"primaryImageOfPage":{"@id":"https:\/\/cleitonpinheiro.com.br\/site\/transporte-gratuito-para-eleitores-de-palmas-com-deficiencia-ou-mobilidade-reduzida-pode-ser-solicitado-ate-dia-14\/#primaryimage"},"image":{"@id":"https:\/\/cleitonpinheiro.com.br\/site\/transporte-gratuito-para-eleitores-de-palmas-com-deficiencia-ou-mobilidade-reduzida-pode-ser-solicitado-ate-dia-14\/#primaryimage"},"thumbnailUrl":"https:\/\/cleitonpinheiro.com.br\/site\/wp-content\/uploads\/2026\/09\/image-1140-c6936a04e06aae67a5259e772ab8fe8d.jpeg","datePublished":"2026-09-03T19:23:00+00:00","breadcrumb":{"@id":"https:\/\/cleitonpinheiro.com.br\/site\/transporte-gratuito-para-eleitores-de-palmas-com-deficiencia-ou-mobilidade-reduzida-pode-ser-solicitado-ate-dia-14\/#breadcrumb"},"inLanguage":"pt-BR","potentialAction":[{"@type":"ReadAction","target":["https:\/\/cleitonpinheiro.com.br\/site\/transporte-gratuito-para-eleitores-de-palmas-com-deficiencia-ou-mobilidade-reduzida-pode-ser-solicitado-ate-dia-14\/"]}]},{"@type":"ImageObject","inLanguage":"pt-BR","@id":"https:\/\/cleitonpinheiro.com.br\/site\/transporte-gratuito-para-eleitores-de-palmas-com-deficiencia-ou-mobilidade-reduzida-pode-ser-solicitado-ate-dia-14\/#primaryimage","url":"https:\/\/cleitonpinheiro.com.br\/site\/wp-content\/uploads\/2026\/09\/image-1140-c6936a04e06aae67a5259e772ab8fe8d.jpeg","contentUrl":"https:\/\/cleitonpinheiro.com.br\/site\/wp-content\/uploads\/2026\/09\/image-1140-c6936a04e06aae67a5259e772ab8fe8d.jpeg","width":759,"height":409},{"@type":"BreadcrumbList","@id":"https:\/\/cleitonpinheiro.com.br\/site\/transporte-gratuito-para-eleitores-de-palmas-com-deficiencia-ou-mobilidade-reduzida-pode-ser-solicitado-ate-dia-14\/#breadcrumb","itemListElement":[{"@type":"ListItem","position":1,"name":"In\u00edcio","item":"https:\/\/cleitonpinheiro.com.br\/site\/"},{"@type":"ListItem","position":2,"name":"Transporte gratuito para eleitores de Palmas com defici\u00eancia ou mobilidade reduzida pode ser solicitado at\u00e9 dia 14"}]},{"@type":"WebSite","@id":"https:\/\/cleitonpinheiro.com.br\/site\/#website","url":"https:\/\/cleitonpinheiro.com.br\/site\/","name":"PORTAL DE NOT\u00cdCIAS CLEITON PINHEIRO","description":"FALANDO A VERDADE","publisher":{"@id":"https:\/\/cleitonpinheiro.com.br\/site\/#organization"},"potentialAction":[{"@type":"SearchAction","target":{"@type":"EntryPoint","urlTemplate":"https:\/\/cleitonpinheiro.com.br\/site\/?s={search_term_string}"},"query-input":{"@type":"PropertyValueSpecification","valueRequired":true,"valueName":"search_term_string"}}],"inLanguage":"pt-BR"},{"@type":"Organization","@id":"https:\/\/cleitonpinheiro.com.br\/site\/#organization","name":"CPNOT\u00cdCIAS","url":"https:\/\/cleitonpinheiro.com.br\/site\/","logo":{"@type":"ImageObject","inLanguage":"pt-BR","@id":"https:\/\/cleitonpinheiro.com.br\/site\/#\/schema\/logo\/image\/","url":"https:\/\/cleitonpinheiro.com.br\/site\/wp-content\/uploads\/2022\/08\/Logo-pequena-2.png","contentUrl":"https:\/\/cleitonpinheiro.com.br\/site\/wp-content\/uploads\/2022\/08\/Logo-pequena-2.png","width":500,"height":500,"caption":"CPNOT\u00cdCIAS"},"image":{"@id":"https:\/\/cleitonpinheiro.com.br\/site\/#\/schema\/logo\/image\/"},"sameAs":["https:\/\/www.facebook.com\/portalcpnoticias\/"]},{"@type":"Person","@id":"https:\/\/cleitonpinheiro.com.br\/site\/#\/schema\/person\/62fd4eb98fcc8bd3fc477aaff264af51","name":"Cleiton Pinheiro","image":{"@type":"ImageObject","inLanguage":"pt-BR","@id":"https:\/\/cleitonpinheiro.com.br\/site\/#\/schema\/person\/image\/","url":"https:\/\/secure.gravatar.com\/avatar\/15642ec35b78fe5eed3cfa8e4a3f3211d73a3df4f35f0566b4324958cba1b1b9?s=96&r=g","contentUrl":"https:\/\/secure.gravatar.com\/avatar\/15642ec35b78fe5eed3cfa8e4a3f3211d73a3df4f35f0566b4324958cba1b1b9?s=96&r=g","caption":"Cleiton Pinheiro"},"url":"https:\/\/cleitonpinheiro.com.br\/site\/author\/cleiton\/"}]}},"views":30,"_links":{"self":[{"href":"https:\/\/cleitonpinheiro.com.br\/site\/wp-json\/wp\/v2\/posts\/89154","targetHints":{"allow":["GET"]}}],"collection":[{"href":"https:\/\/cleitonpinheiro.com.br\/site\/wp-json\/wp\/v2\/posts"}],"about":[{"href":"https:\/\/cleitonpinheiro.com.br\/site\/wp-json\/wp\/v2\/types\/post"}],"author":[{"embeddable":true,"href":"https:\/\/cleitonpinheiro.com.br\/site\/wp-json\/wp\/v2\/users\/10"}],"replies":[{"embeddable":true,"href":"https:\/\/cleitonpinheiro.com.br\/site\/wp-json\/wp\/v2\/comments?post=89154"}],"version-history":[{"count":1,"href":"https:\/\/cleitonpinheiro.com.br\/site\/wp-json\/wp\/v2\/posts\/89154\/revisions"}],"predecessor-version":[{"id":89156,"href":"https:\/\/cleitonpinheiro.com.br\/site\/wp-json\/wp\/v2\/posts\/89154\/revisions\/89156"}],"wp:featuredmedia":[{"embeddable":true,"href":"https:\/\/cleitonpinheiro.com.br\/site\/wp-json\/wp\/v2\/media\/89155"}],"wp:attachment":[{"href":"https:\/\/cleitonpinheiro.com.br\/site\/wp-json\/wp\/v2\/media?parent=89154"}],"wp:term":[{"taxonomy":"category","embeddable":true,"href":"https:\/\/cleitonpinheiro.com.br\/site\/wp-json\/wp\/v2\/categories?post=89154"},{"taxonomy":"post_tag","embeddable":true,"href":"https:\/\/cleitonpinheiro.com.br\/site\/wp-json\/wp\/v2\/tags?post=89154"}],"curies":[{"name":"wp","href":"https:\/\/api.w.org\/{rel}","templated":true}]}}