{"id":89163,"date":"2026-09-02T18:07:27","date_gmt":"2026-09-02T21:07:27","guid":{"rendered":"https:\/\/cleitonpinheiro.com.br\/site\/?p=89163"},"modified":"2026-09-02T18:07:32","modified_gmt":"2026-09-02T21:07:32","slug":"parapan-pacifico-nadadora-alessandra-quebra-recorde-mundial","status":"publish","type":"post","link":"https:\/\/cleitonpinheiro.com.br\/site\/parapan-pacifico-nadadora-alessandra-quebra-recorde-mundial\/","title":{"rendered":"Parapan-Pac\u00edfico: nadadora Alessandra quebra recorde mundial"},"content":{"rendered":"\n<figure class=\"wp-block-image size-large\"><img fetchpriority=\"high\" decoding=\"async\" width=\"1024\" height=\"613\" src=\"https:\/\/cleitonpinheiro.com.br\/site\/wp-content\/uploads\/2026\/09\/parapan-pacs.2t-acabral_005-1024x613.webp\" alt=\"\" class=\"wp-image-89164\" srcset=\"https:\/\/cleitonpinheiro.com.br\/site\/wp-content\/uploads\/2026\/09\/parapan-pacs.2t-acabral_005-1024x613.webp 1024w, https:\/\/cleitonpinheiro.com.br\/site\/wp-content\/uploads\/2026\/09\/parapan-pacs.2t-acabral_005-300x179.webp 300w, https:\/\/cleitonpinheiro.com.br\/site\/wp-content\/uploads\/2026\/09\/parapan-pacs.2t-acabral_005-768x459.webp 768w, https:\/\/cleitonpinheiro.com.br\/site\/wp-content\/uploads\/2026\/09\/parapan-pacs.2t-acabral_005.webp 1170w\" sizes=\"(max-width: 1024px) 100vw, 1024px\" \/><\/figure>\n\n\n\n<p class=\"wp-block-paragraph\"><strong>O Brasil fechou mais um dia de disputas do Parapan-Pac\u00edfico com excelentes resultados.<\/strong><img decoding=\"async\" src=\"https:\/\/agenciabrasil.ebc.com.br\/ebc.png?id=1701050&amp;o=node\"><img decoding=\"async\" src=\"https:\/\/agenciabrasil.ebc.com.br\/ebc.gif?id=1701050&amp;o=node\"><\/p>\n\n\n\n<p class=\"wp-block-paragraph\">Neste&nbsp;s\u00e1bado (29), na cidade de&nbsp;Walnut (Estados Unidos),&nbsp;<strong>foram tr\u00eas ouros, duas pratas e dois bronzes, com direito a um recorde mundial da paulista Alessandra Oliveira, nos 100 metros peito, classes S4-9 e S11-14.&nbsp;<\/strong><\/p>\n\n\n\n<p class=\"wp-block-paragraph\">As provas do Parapan-Pac\u00edfico s\u00e3o disputadas no formato multiclasses, em que atletas de diferentes classes competem na mesma s\u00e9rie. As classifica\u00e7\u00f5es \u00e0s finais e a defini\u00e7\u00e3o das medalhas s\u00e3o feitas por meio do \u00cdndice T\u00e9cnico da Competi\u00e7\u00e3o (ITC).<\/p>\n\n\n\n<h2 class=\"wp-block-heading\">Recorde mundial e dobradinha<\/h2>\n\n\n\n<p class=\"wp-block-paragraph\">O recorde mundial da brasileira veio na prova dos 100m peito, classes S4-9 e S11-14. Alessandra cravou 1min40s63.&nbsp;<\/p>\n\n\n\n<p class=\"wp-block-paragraph\">A marca foi suficiente para Alessandra somar 1.033 pontos na prova, ficando com a prata.<\/p>\n\n\n\n<p class=\"wp-block-paragraph\">O ouro foi para outra brasileira, a paulista&nbsp;Beatriz Flausino.<\/p>\n\n\n\n<h2 class=\"wp-block-heading\">Mais dobradinhas<\/h2>\n\n\n\n<p class=\"wp-block-paragraph\">Nos 50m costas, classes S1-S5, o paulista&nbsp;Samuel Oliveira&nbsp;ficou com o ouro, e o mineiro&nbsp;Gabriel Ara\u00fajo, o Gabrielzinho, ficou com a medalha de bronze.&nbsp;<\/p>\n\n\n\n<p class=\"wp-block-paragraph\">Nos 50m peito S3 (limita\u00e7\u00e3o f\u00edsico-motora), a mineira&nbsp;Patr\u00edcia Pereira conquistou a medalha de ouro. A fluminense&nbsp;L\u00eddia Cruz ficou com o bronze.<\/p>\n\n\n\n<h2 class=\"wp-block-heading\">Mais uma prata com L\u00eddia Cruz<\/h2>\n\n\n\n<p class=\"wp-block-paragraph\">L\u00eddia Cruz ainda garantiu a prata nos 50m costas, classes S2-S5, com o tempo de 49s61.<\/p>\n\n\n\n<p class=\"wp-block-paragraph\">A norte-americana Katie Kubiak, com 40s18 e 1045 pontos ficou com o ouro, estabelecendo o novo recorde das Am\u00e9ricas. Leanne Smith, tamb\u00e9m dos EUA, completou o p\u00f3dio.<\/p>\n\n\n\n<p class=\"wp-block-paragraph\">O Brasil participa do evento com uma equipe de 16 nadadores no Parapan-Pacifico at\u00e9 esse domingo (30).<\/p>\n\n\n\n<p class=\"wp-block-paragraph\">Texto: Juliano Justo &#8211; rep\u00f3rter da EBC<\/p>\n","protected":false},"excerpt":{"rendered":"<p>O Brasil fechou mais um dia de disputas do Parapan-Pac\u00edfico com excelentes resultados. Neste&nbsp;s\u00e1bado (29), na cidade de&nbsp;Walnut (Estados Unidos),&nbsp;foram tr\u00eas ouros, duas pratas e dois bronzes, com direito a um recorde mundial da paulista Alessandra Oliveira, nos 100 metros peito, classes S4-9 e S11-14.&nbsp; As provas do Parapan-Pac\u00edfico s\u00e3o disputadas no formato multiclasses, em [&hellip;]<\/p>\n","protected":false},"author":10,"featured_media":89164,"comment_status":"open","ping_status":"open","sticky":false,"template":"","format":"standard","meta":{"_acf_changed":false,"footnotes":""},"categories":[1,20,21],"tags":[],"class_list":["post-89163","post","type-post","status-publish","format-standard","has-post-thumbnail","hentry","category-esporte","category-noticias-em-destaque","category-todas-noticias"],"acf":[],"yoast_head":"<!-- This site is optimized with the Yoast SEO plugin v24.4 - https:\/\/yoast.com\/wordpress\/plugins\/seo\/ -->\n<title>Parapan-Pac\u00edfico: nadadora Alessandra quebra recorde mundial - PORTAL DE NOT\u00cdCIAS CLEITON PINHEIRO<\/title>\n<meta name=\"robots\" content=\"index, follow, max-snippet:-1, max-image-preview:large, max-video-preview:-1\" \/>\n<link rel=\"canonical\" href=\"https:\/\/cleitonpinheiro.com.br\/site\/parapan-pacifico-nadadora-alessandra-quebra-recorde-mundial\/\" \/>\n<meta property=\"og:locale\" content=\"pt_BR\" \/>\n<meta property=\"og:type\" content=\"article\" \/>\n<meta property=\"og:title\" content=\"Parapan-Pac\u00edfico: nadadora Alessandra quebra recorde mundial - PORTAL DE NOT\u00cdCIAS CLEITON PINHEIRO\" \/>\n<meta property=\"og:description\" content=\"O Brasil fechou mais um dia de disputas do Parapan-Pac\u00edfico com excelentes resultados. Neste&nbsp;s\u00e1bado (29), na cidade de&nbsp;Walnut (Estados Unidos),&nbsp;foram tr\u00eas ouros, duas pratas e dois bronzes, com direito a um recorde mundial da paulista Alessandra Oliveira, nos 100 metros peito, classes S4-9 e S11-14.&nbsp; As provas do Parapan-Pac\u00edfico s\u00e3o disputadas no formato multiclasses, em [&hellip;]\" \/>\n<meta property=\"og:url\" content=\"https:\/\/cleitonpinheiro.com.br\/site\/parapan-pacifico-nadadora-alessandra-quebra-recorde-mundial\/\" \/>\n<meta property=\"og:site_name\" content=\"PORTAL DE NOT\u00cdCIAS CLEITON PINHEIRO\" \/>\n<meta property=\"article:publisher\" content=\"https:\/\/www.facebook.com\/portalcpnoticias\/\" \/>\n<meta property=\"article:published_time\" content=\"2026-09-02T21:07:27+00:00\" \/>\n<meta property=\"article:modified_time\" content=\"2026-09-02T21:07:32+00:00\" \/>\n<meta property=\"og:image\" content=\"https:\/\/cleitonpinheiro.com.br\/site\/wp-content\/uploads\/2026\/09\/parapan-pacs.2t-acabral_005.webp\" \/>\n\t<meta property=\"og:image:width\" content=\"1170\" \/>\n\t<meta property=\"og:image:height\" content=\"700\" \/>\n\t<meta property=\"og:image:type\" content=\"image\/webp\" \/>\n<meta name=\"author\" content=\"Cleiton Pinheiro\" \/>\n<meta name=\"twitter:card\" content=\"summary_large_image\" \/>\n<meta name=\"twitter:label1\" content=\"Escrito por\" \/>\n\t<meta name=\"twitter:data1\" content=\"Cleiton Pinheiro\" \/>\n\t<meta name=\"twitter:label2\" content=\"Est. tempo de leitura\" \/>\n\t<meta name=\"twitter:data2\" content=\"3 minutos\" \/>\n<script type=\"application\/ld+json\" class=\"yoast-schema-graph\">{\"@context\":\"https:\/\/schema.org\",\"@graph\":[{\"@type\":\"Article\",\"@id\":\"https:\/\/cleitonpinheiro.com.br\/site\/parapan-pacifico-nadadora-alessandra-quebra-recorde-mundial\/#article\",\"isPartOf\":{\"@id\":\"https:\/\/cleitonpinheiro.com.br\/site\/parapan-pacifico-nadadora-alessandra-quebra-recorde-mundial\/\"},\"author\":{\"name\":\"Cleiton Pinheiro\",\"@id\":\"https:\/\/cleitonpinheiro.com.br\/site\/#\/schema\/person\/62fd4eb98fcc8bd3fc477aaff264af51\"},\"headline\":\"Parapan-Pac\u00edfico: nadadora Alessandra quebra recorde mundial\",\"datePublished\":\"2026-09-02T21:07:27+00:00\",\"dateModified\":\"2026-09-02T21:07:32+00:00\",\"mainEntityOfPage\":{\"@id\":\"https:\/\/cleitonpinheiro.com.br\/site\/parapan-pacifico-nadadora-alessandra-quebra-recorde-mundial\/\"},\"wordCount\":299,\"commentCount\":0,\"publisher\":{\"@id\":\"https:\/\/cleitonpinheiro.com.br\/site\/#organization\"},\"image\":{\"@id\":\"https:\/\/cleitonpinheiro.com.br\/site\/parapan-pacifico-nadadora-alessandra-quebra-recorde-mundial\/#primaryimage\"},\"thumbnailUrl\":\"https:\/\/cleitonpinheiro.com.br\/site\/wp-content\/uploads\/2026\/09\/parapan-pacs.2t-acabral_005.webp\",\"articleSection\":[\"ESPORTE\",\"NOT\u00cdCIAS EM DESTAQUE\",\"TODAS NOTICIAS\"],\"inLanguage\":\"pt-BR\",\"potentialAction\":[{\"@type\":\"CommentAction\",\"name\":\"Comment\",\"target\":[\"https:\/\/cleitonpinheiro.com.br\/site\/parapan-pacifico-nadadora-alessandra-quebra-recorde-mundial\/#respond\"]}]},{\"@type\":\"WebPage\",\"@id\":\"https:\/\/cleitonpinheiro.com.br\/site\/parapan-pacifico-nadadora-alessandra-quebra-recorde-mundial\/\",\"url\":\"https:\/\/cleitonpinheiro.com.br\/site\/parapan-pacifico-nadadora-alessandra-quebra-recorde-mundial\/\",\"name\":\"Parapan-Pac\u00edfico: nadadora Alessandra quebra recorde mundial - PORTAL DE NOT\u00cdCIAS CLEITON PINHEIRO\",\"isPartOf\":{\"@id\":\"https:\/\/cleitonpinheiro.com.br\/site\/#website\"},\"primaryImageOfPage\":{\"@id\":\"https:\/\/cleitonpinheiro.com.br\/site\/parapan-pacifico-nadadora-alessandra-quebra-recorde-mundial\/#primaryimage\"},\"image\":{\"@id\":\"https:\/\/cleitonpinheiro.com.br\/site\/parapan-pacifico-nadadora-alessandra-quebra-recorde-mundial\/#primaryimage\"},\"thumbnailUrl\":\"https:\/\/cleitonpinheiro.com.br\/site\/wp-content\/uploads\/2026\/09\/parapan-pacs.2t-acabral_005.webp\",\"datePublished\":\"2026-09-02T21:07:27+00:00\",\"dateModified\":\"2026-09-02T21:07:32+00:00\",\"breadcrumb\":{\"@id\":\"https:\/\/cleitonpinheiro.com.br\/site\/parapan-pacifico-nadadora-alessandra-quebra-recorde-mundial\/#breadcrumb\"},\"inLanguage\":\"pt-BR\",\"potentialAction\":[{\"@type\":\"ReadAction\",\"target\":[\"https:\/\/cleitonpinheiro.com.br\/site\/parapan-pacifico-nadadora-alessandra-quebra-recorde-mundial\/\"]}]},{\"@type\":\"ImageObject\",\"inLanguage\":\"pt-BR\",\"@id\":\"https:\/\/cleitonpinheiro.com.br\/site\/parapan-pacifico-nadadora-alessandra-quebra-recorde-mundial\/#primaryimage\",\"url\":\"https:\/\/cleitonpinheiro.com.br\/site\/wp-content\/uploads\/2026\/09\/parapan-pacs.2t-acabral_005.webp\",\"contentUrl\":\"https:\/\/cleitonpinheiro.com.br\/site\/wp-content\/uploads\/2026\/09\/parapan-pacs.2t-acabral_005.webp\",\"width\":1170,\"height\":700},{\"@type\":\"BreadcrumbList\",\"@id\":\"https:\/\/cleitonpinheiro.com.br\/site\/parapan-pacifico-nadadora-alessandra-quebra-recorde-mundial\/#breadcrumb\",\"itemListElement\":[{\"@type\":\"ListItem\",\"position\":1,\"name\":\"In\u00edcio\",\"item\":\"https:\/\/cleitonpinheiro.com.br\/site\/\"},{\"@type\":\"ListItem\",\"position\":2,\"name\":\"Parapan-Pac\u00edfico: nadadora Alessandra quebra recorde mundial\"}]},{\"@type\":\"WebSite\",\"@id\":\"https:\/\/cleitonpinheiro.com.br\/site\/#website\",\"url\":\"https:\/\/cleitonpinheiro.com.br\/site\/\",\"name\":\"PORTAL DE NOT\u00cdCIAS CLEITON PINHEIRO\",\"description\":\"FALANDO A VERDADE\",\"publisher\":{\"@id\":\"https:\/\/cleitonpinheiro.com.br\/site\/#organization\"},\"potentialAction\":[{\"@type\":\"SearchAction\",\"target\":{\"@type\":\"EntryPoint\",\"urlTemplate\":\"https:\/\/cleitonpinheiro.com.br\/site\/?s={search_term_string}\"},\"query-input\":{\"@type\":\"PropertyValueSpecification\",\"valueRequired\":true,\"valueName\":\"search_term_string\"}}],\"inLanguage\":\"pt-BR\"},{\"@type\":\"Organization\",\"@id\":\"https:\/\/cleitonpinheiro.com.br\/site\/#organization\",\"name\":\"CPNOT\u00cdCIAS\",\"url\":\"https:\/\/cleitonpinheiro.com.br\/site\/\",\"logo\":{\"@type\":\"ImageObject\",\"inLanguage\":\"pt-BR\",\"@id\":\"https:\/\/cleitonpinheiro.com.br\/site\/#\/schema\/logo\/image\/\",\"url\":\"https:\/\/cleitonpinheiro.com.br\/site\/wp-content\/uploads\/2022\/08\/Logo-pequena-2.png\",\"contentUrl\":\"https:\/\/cleitonpinheiro.com.br\/site\/wp-content\/uploads\/2022\/08\/Logo-pequena-2.png\",\"width\":500,\"height\":500,\"caption\":\"CPNOT\u00cdCIAS\"},\"image\":{\"@id\":\"https:\/\/cleitonpinheiro.com.br\/site\/#\/schema\/logo\/image\/\"},\"sameAs\":[\"https:\/\/www.facebook.com\/portalcpnoticias\/\"]},{\"@type\":\"Person\",\"@id\":\"https:\/\/cleitonpinheiro.com.br\/site\/#\/schema\/person\/62fd4eb98fcc8bd3fc477aaff264af51\",\"name\":\"Cleiton Pinheiro\",\"image\":{\"@type\":\"ImageObject\",\"inLanguage\":\"pt-BR\",\"@id\":\"https:\/\/cleitonpinheiro.com.br\/site\/#\/schema\/person\/image\/\",\"url\":\"https:\/\/secure.gravatar.com\/avatar\/15642ec35b78fe5eed3cfa8e4a3f3211d73a3df4f35f0566b4324958cba1b1b9?s=96&r=g\",\"contentUrl\":\"https:\/\/secure.gravatar.com\/avatar\/15642ec35b78fe5eed3cfa8e4a3f3211d73a3df4f35f0566b4324958cba1b1b9?s=96&r=g\",\"caption\":\"Cleiton Pinheiro\"},\"url\":\"https:\/\/cleitonpinheiro.com.br\/site\/author\/cleiton\/\"}]}<\/script>\n<!-- \/ Yoast SEO plugin. -->","yoast_head_json":{"title":"Parapan-Pac\u00edfico: nadadora Alessandra quebra recorde mundial - PORTAL DE NOT\u00cdCIAS CLEITON PINHEIRO","robots":{"index":"index","follow":"follow","max-snippet":"max-snippet:-1","max-image-preview":"max-image-preview:large","max-video-preview":"max-video-preview:-1"},"canonical":"https:\/\/cleitonpinheiro.com.br\/site\/parapan-pacifico-nadadora-alessandra-quebra-recorde-mundial\/","og_locale":"pt_BR","og_type":"article","og_title":"Parapan-Pac\u00edfico: nadadora Alessandra quebra recorde mundial - PORTAL DE NOT\u00cdCIAS CLEITON PINHEIRO","og_description":"O Brasil fechou mais um dia de disputas do Parapan-Pac\u00edfico com excelentes resultados. Neste&nbsp;s\u00e1bado (29), na cidade de&nbsp;Walnut (Estados Unidos),&nbsp;foram tr\u00eas ouros, duas pratas e dois bronzes, com direito a um recorde mundial da paulista Alessandra Oliveira, nos 100 metros peito, classes S4-9 e S11-14.&nbsp; As provas do Parapan-Pac\u00edfico s\u00e3o disputadas no formato multiclasses, em [&hellip;]","og_url":"https:\/\/cleitonpinheiro.com.br\/site\/parapan-pacifico-nadadora-alessandra-quebra-recorde-mundial\/","og_site_name":"PORTAL DE NOT\u00cdCIAS CLEITON PINHEIRO","article_publisher":"https:\/\/www.facebook.com\/portalcpnoticias\/","article_published_time":"2026-09-02T21:07:27+00:00","article_modified_time":"2026-09-02T21:07:32+00:00","og_image":[{"width":1170,"height":700,"url":"https:\/\/cleitonpinheiro.com.br\/site\/wp-content\/uploads\/2026\/09\/parapan-pacs.2t-acabral_005.webp","type":"image\/webp"}],"author":"Cleiton Pinheiro","twitter_card":"summary_large_image","twitter_misc":{"Escrito por":"Cleiton Pinheiro","Est. tempo de leitura":"3 minutos"},"schema":{"@context":"https:\/\/schema.org","@graph":[{"@type":"Article","@id":"https:\/\/cleitonpinheiro.com.br\/site\/parapan-pacifico-nadadora-alessandra-quebra-recorde-mundial\/#article","isPartOf":{"@id":"https:\/\/cleitonpinheiro.com.br\/site\/parapan-pacifico-nadadora-alessandra-quebra-recorde-mundial\/"},"author":{"name":"Cleiton Pinheiro","@id":"https:\/\/cleitonpinheiro.com.br\/site\/#\/schema\/person\/62fd4eb98fcc8bd3fc477aaff264af51"},"headline":"Parapan-Pac\u00edfico: nadadora Alessandra quebra recorde mundial","datePublished":"2026-09-02T21:07:27+00:00","dateModified":"2026-09-02T21:07:32+00:00","mainEntityOfPage":{"@id":"https:\/\/cleitonpinheiro.com.br\/site\/parapan-pacifico-nadadora-alessandra-quebra-recorde-mundial\/"},"wordCount":299,"commentCount":0,"publisher":{"@id":"https:\/\/cleitonpinheiro.com.br\/site\/#organization"},"image":{"@id":"https:\/\/cleitonpinheiro.com.br\/site\/parapan-pacifico-nadadora-alessandra-quebra-recorde-mundial\/#primaryimage"},"thumbnailUrl":"https:\/\/cleitonpinheiro.com.br\/site\/wp-content\/uploads\/2026\/09\/parapan-pacs.2t-acabral_005.webp","articleSection":["ESPORTE","NOT\u00cdCIAS EM DESTAQUE","TODAS NOTICIAS"],"inLanguage":"pt-BR","potentialAction":[{"@type":"CommentAction","name":"Comment","target":["https:\/\/cleitonpinheiro.com.br\/site\/parapan-pacifico-nadadora-alessandra-quebra-recorde-mundial\/#respond"]}]},{"@type":"WebPage","@id":"https:\/\/cleitonpinheiro.com.br\/site\/parapan-pacifico-nadadora-alessandra-quebra-recorde-mundial\/","url":"https:\/\/cleitonpinheiro.com.br\/site\/parapan-pacifico-nadadora-alessandra-quebra-recorde-mundial\/","name":"Parapan-Pac\u00edfico: nadadora Alessandra quebra recorde mundial - PORTAL DE NOT\u00cdCIAS CLEITON PINHEIRO","isPartOf":{"@id":"https:\/\/cleitonpinheiro.com.br\/site\/#website"},"primaryImageOfPage":{"@id":"https:\/\/cleitonpinheiro.com.br\/site\/parapan-pacifico-nadadora-alessandra-quebra-recorde-mundial\/#primaryimage"},"image":{"@id":"https:\/\/cleitonpinheiro.com.br\/site\/parapan-pacifico-nadadora-alessandra-quebra-recorde-mundial\/#primaryimage"},"thumbnailUrl":"https:\/\/cleitonpinheiro.com.br\/site\/wp-content\/uploads\/2026\/09\/parapan-pacs.2t-acabral_005.webp","datePublished":"2026-09-02T21:07:27+00:00","dateModified":"2026-09-02T21:07:32+00:00","breadcrumb":{"@id":"https:\/\/cleitonpinheiro.com.br\/site\/parapan-pacifico-nadadora-alessandra-quebra-recorde-mundial\/#breadcrumb"},"inLanguage":"pt-BR","potentialAction":[{"@type":"ReadAction","target":["https:\/\/cleitonpinheiro.com.br\/site\/parapan-pacifico-nadadora-alessandra-quebra-recorde-mundial\/"]}]},{"@type":"ImageObject","inLanguage":"pt-BR","@id":"https:\/\/cleitonpinheiro.com.br\/site\/parapan-pacifico-nadadora-alessandra-quebra-recorde-mundial\/#primaryimage","url":"https:\/\/cleitonpinheiro.com.br\/site\/wp-content\/uploads\/2026\/09\/parapan-pacs.2t-acabral_005.webp","contentUrl":"https:\/\/cleitonpinheiro.com.br\/site\/wp-content\/uploads\/2026\/09\/parapan-pacs.2t-acabral_005.webp","width":1170,"height":700},{"@type":"BreadcrumbList","@id":"https:\/\/cleitonpinheiro.com.br\/site\/parapan-pacifico-nadadora-alessandra-quebra-recorde-mundial\/#breadcrumb","itemListElement":[{"@type":"ListItem","position":1,"name":"In\u00edcio","item":"https:\/\/cleitonpinheiro.com.br\/site\/"},{"@type":"ListItem","position":2,"name":"Parapan-Pac\u00edfico: nadadora Alessandra quebra recorde mundial"}]},{"@type":"WebSite","@id":"https:\/\/cleitonpinheiro.com.br\/site\/#website","url":"https:\/\/cleitonpinheiro.com.br\/site\/","name":"PORTAL DE NOT\u00cdCIAS CLEITON PINHEIRO","description":"FALANDO A VERDADE","publisher":{"@id":"https:\/\/cleitonpinheiro.com.br\/site\/#organization"},"potentialAction":[{"@type":"SearchAction","target":{"@type":"EntryPoint","urlTemplate":"https:\/\/cleitonpinheiro.com.br\/site\/?s={search_term_string}"},"query-input":{"@type":"PropertyValueSpecification","valueRequired":true,"valueName":"search_term_string"}}],"inLanguage":"pt-BR"},{"@type":"Organization","@id":"https:\/\/cleitonpinheiro.com.br\/site\/#organization","name":"CPNOT\u00cdCIAS","url":"https:\/\/cleitonpinheiro.com.br\/site\/","logo":{"@type":"ImageObject","inLanguage":"pt-BR","@id":"https:\/\/cleitonpinheiro.com.br\/site\/#\/schema\/logo\/image\/","url":"https:\/\/cleitonpinheiro.com.br\/site\/wp-content\/uploads\/2022\/08\/Logo-pequena-2.png","contentUrl":"https:\/\/cleitonpinheiro.com.br\/site\/wp-content\/uploads\/2022\/08\/Logo-pequena-2.png","width":500,"height":500,"caption":"CPNOT\u00cdCIAS"},"image":{"@id":"https:\/\/cleitonpinheiro.com.br\/site\/#\/schema\/logo\/image\/"},"sameAs":["https:\/\/www.facebook.com\/portalcpnoticias\/"]},{"@type":"Person","@id":"https:\/\/cleitonpinheiro.com.br\/site\/#\/schema\/person\/62fd4eb98fcc8bd3fc477aaff264af51","name":"Cleiton Pinheiro","image":{"@type":"ImageObject","inLanguage":"pt-BR","@id":"https:\/\/cleitonpinheiro.com.br\/site\/#\/schema\/person\/image\/","url":"https:\/\/secure.gravatar.com\/avatar\/15642ec35b78fe5eed3cfa8e4a3f3211d73a3df4f35f0566b4324958cba1b1b9?s=96&r=g","contentUrl":"https:\/\/secure.gravatar.com\/avatar\/15642ec35b78fe5eed3cfa8e4a3f3211d73a3df4f35f0566b4324958cba1b1b9?s=96&r=g","caption":"Cleiton Pinheiro"},"url":"https:\/\/cleitonpinheiro.com.br\/site\/author\/cleiton\/"}]}},"views":25,"_links":{"self":[{"href":"https:\/\/cleitonpinheiro.com.br\/site\/wp-json\/wp\/v2\/posts\/89163","targetHints":{"allow":["GET"]}}],"collection":[{"href":"https:\/\/cleitonpinheiro.com.br\/site\/wp-json\/wp\/v2\/posts"}],"about":[{"href":"https:\/\/cleitonpinheiro.com.br\/site\/wp-json\/wp\/v2\/types\/post"}],"author":[{"embeddable":true,"href":"https:\/\/cleitonpinheiro.com.br\/site\/wp-json\/wp\/v2\/users\/10"}],"replies":[{"embeddable":true,"href":"https:\/\/cleitonpinheiro.com.br\/site\/wp-json\/wp\/v2\/comments?post=89163"}],"version-history":[{"count":1,"href":"https:\/\/cleitonpinheiro.com.br\/site\/wp-json\/wp\/v2\/posts\/89163\/revisions"}],"predecessor-version":[{"id":89165,"href":"https:\/\/cleitonpinheiro.com.br\/site\/wp-json\/wp\/v2\/posts\/89163\/revisions\/89165"}],"wp:featuredmedia":[{"embeddable":true,"href":"https:\/\/cleitonpinheiro.com.br\/site\/wp-json\/wp\/v2\/media\/89164"}],"wp:attachment":[{"href":"https:\/\/cleitonpinheiro.com.br\/site\/wp-json\/wp\/v2\/media?parent=89163"}],"wp:term":[{"taxonomy":"category","embeddable":true,"href":"https:\/\/cleitonpinheiro.com.br\/site\/wp-json\/wp\/v2\/categories?post=89163"},{"taxonomy":"post_tag","embeddable":true,"href":"https:\/\/cleitonpinheiro.com.br\/site\/wp-json\/wp\/v2\/tags?post=89163"}],"curies":[{"name":"wp","href":"https:\/\/api.w.org\/{rel}","templated":true}]}}