{"id":89173,"date":"2026-09-02T18:18:33","date_gmt":"2026-09-02T21:18:33","guid":{"rendered":"https:\/\/cleitonpinheiro.com.br\/site\/?p=89173"},"modified":"2026-09-02T18:18:36","modified_gmt":"2026-09-02T21:18:36","slug":"aos-19-anos-jose-antonio-santos-e-campeao-mundial-de-bocha-em-seul","status":"publish","type":"post","link":"https:\/\/cleitonpinheiro.com.br\/site\/aos-19-anos-jose-antonio-santos-e-campeao-mundial-de-bocha-em-seul\/","title":{"rendered":"Aos 19 anos, Jos\u00e9 Ant\u00f4nio Santos \u00e9 campe\u00e3o mundial de bocha em Seul"},"content":{"rendered":"\n<p class=\"wp-block-paragraph\">O Brasil subiu ao p\u00f3dio tr\u00eas vezes no Mundial de Bocha em Seul (Coreia do Sul) nesta segunda-feira (31), om medalhas de ouro, prata e bronze nas disputas individuais. Aos 19 anos, o potiguar Jos\u00e9 Ant\u00f4nio Santos foi campe\u00e3o na classe BC4 (defici\u00eancias severas sem op\u00e7\u00e3o de aux\u00edlio).<img decoding=\"async\" src=\"https:\/\/agenciabrasil.ebc.com.br\/ebc.png?id=1701138&amp;o=node\"><img decoding=\"async\" src=\"https:\/\/agenciabrasil.ebc.com.br\/ebc.gif?id=1701138&amp;o=node\"><\/p>\n\n\n\n<p class=\"wp-block-paragraph\">O dia tamb\u00e9m foi bom para o mineiro Mateus Carvalho, que faturou prata na classe BC3 (atletas que t\u00eam aux\u00edlio de um calheiro) e para o medalhista paral\u00edmpico Maciel Santos, bronze na classe BC2 (atletas sem op\u00e7\u00e3o de aux\u00edlio).<\/p>\n\n\n\n<figure class=\"wp-block-image size-large\"><img fetchpriority=\"high\" decoding=\"async\" width=\"1024\" height=\"613\" src=\"https:\/\/cleitonpinheiro.com.br\/site\/wp-content\/uploads\/2026\/09\/jose_antonio_santos_bocha_2025-1024x613.webp\" alt=\"\" class=\"wp-image-89174\" srcset=\"https:\/\/cleitonpinheiro.com.br\/site\/wp-content\/uploads\/2026\/09\/jose_antonio_santos_bocha_2025-1024x613.webp 1024w, https:\/\/cleitonpinheiro.com.br\/site\/wp-content\/uploads\/2026\/09\/jose_antonio_santos_bocha_2025-300x179.webp 300w, https:\/\/cleitonpinheiro.com.br\/site\/wp-content\/uploads\/2026\/09\/jose_antonio_santos_bocha_2025-768x459.webp 768w, https:\/\/cleitonpinheiro.com.br\/site\/wp-content\/uploads\/2026\/09\/jose_antonio_santos_bocha_2025.webp 1170w\" sizes=\"(max-width: 1024px) 100vw, 1024px\" \/><figcaption class=\"wp-element-caption\">\u00a9 Wander Roberto\/CPB\/Direitos Reservados<\/figcaption><\/figure>\n\n\n\n<p class=\"wp-block-paragraph\">Jos\u00e9 Ant\u00f4nio garantiu o topo do p\u00f3dio ao vencer por 6 a 1 a final contra Yuk Wing Leung, atleta de Hong Kong. O jovem potiguar j\u00e1 brilhara no ano passado com o t\u00edtulo in\u00e9dito para o pa\u00eds no Mundial de Jovens, em Curitiba. Ele tem distrofia muscular de Duchenne, doen\u00e7a gen\u00e9tica que causa degenera\u00e7\u00e3o progressiva dos m\u00fasculos. Entre adultos, e Jos\u00e9 Ant\u00f4nio&nbsp;tamb\u00e9m foi campe\u00e3o da Copa Am\u00e9rica, na Col\u00f4mbia, em outubro.<\/p>\n\n\n\n<p class=\"wp-block-paragraph\">O segundo p\u00f3dio do dia foi assegurado por Mateus Carvalho, que chegou \u00e0 final da classe BC3, ao derrotar na semi o franc\u00eas Jules Menard por 5 a 0. Na decis\u00e3o valendo o ouro, o mineiro foi superado pelo australiano Daniel Michel por 3 a 2 e ficou com a prata.<\/p>\n\n\n\n<p class=\"wp-block-paragraph\">J\u00e1 o cearense Maciel Santos faturou o bronze ap\u00f3s cravar 10 a 0 contra o chin\u00eas Zhiqiang Yan na disputa pelo terceiro lugar na classe BC2. Maciel foi campe\u00e3o paral\u00edmpico individual nos Jogos de Londres 2012 e T\u00f3quio 2020, e tamb\u00e9m faturou prata na disputa de pares da Rio 2016.<\/p>\n\n\n\n<p class=\"wp-block-paragraph\">O desempenho brasileiro nos embates individuais de Seul superou o registrado h\u00e1 quatro anos na edi\u00e7\u00e3o do Rio de Janeiro (um ouro). A competi\u00e7\u00e3o prossegue at\u00e9 a pr\u00f3xima quinta (3), com as disputas de pares e equipes.<\/p>\n","protected":false},"excerpt":{"rendered":"<p>O Brasil subiu ao p\u00f3dio tr\u00eas vezes no Mundial de Bocha em Seul (Coreia do Sul) nesta segunda-feira (31), om medalhas de ouro, prata e bronze nas disputas individuais. Aos 19 anos, o potiguar Jos\u00e9 Ant\u00f4nio Santos foi campe\u00e3o na classe BC4 (defici\u00eancias severas sem op\u00e7\u00e3o de aux\u00edlio). O dia tamb\u00e9m foi bom para o [&hellip;]<\/p>\n","protected":false},"author":10,"featured_media":89174,"comment_status":"open","ping_status":"open","sticky":false,"template":"","format":"standard","meta":{"_acf_changed":false,"footnotes":""},"categories":[1,20,21],"tags":[],"class_list":["post-89173","post","type-post","status-publish","format-standard","has-post-thumbnail","hentry","category-esporte","category-noticias-em-destaque","category-todas-noticias"],"acf":[],"yoast_head":"<!-- This site is optimized with the Yoast SEO plugin v24.4 - https:\/\/yoast.com\/wordpress\/plugins\/seo\/ -->\n<title>Aos 19 anos, Jos\u00e9 Ant\u00f4nio Santos \u00e9 campe\u00e3o mundial de bocha em Seul - PORTAL DE NOT\u00cdCIAS CLEITON PINHEIRO<\/title>\n<meta name=\"robots\" content=\"index, follow, max-snippet:-1, max-image-preview:large, max-video-preview:-1\" \/>\n<link rel=\"canonical\" href=\"https:\/\/cleitonpinheiro.com.br\/site\/aos-19-anos-jose-antonio-santos-e-campeao-mundial-de-bocha-em-seul\/\" \/>\n<meta property=\"og:locale\" content=\"pt_BR\" \/>\n<meta property=\"og:type\" content=\"article\" \/>\n<meta property=\"og:title\" content=\"Aos 19 anos, Jos\u00e9 Ant\u00f4nio Santos \u00e9 campe\u00e3o mundial de bocha em Seul - PORTAL DE NOT\u00cdCIAS CLEITON PINHEIRO\" \/>\n<meta property=\"og:description\" content=\"O Brasil subiu ao p\u00f3dio tr\u00eas vezes no Mundial de Bocha em Seul (Coreia do Sul) nesta segunda-feira (31), om medalhas de ouro, prata e bronze nas disputas individuais. Aos 19 anos, o potiguar Jos\u00e9 Ant\u00f4nio Santos foi campe\u00e3o na classe BC4 (defici\u00eancias severas sem op\u00e7\u00e3o de aux\u00edlio). O dia tamb\u00e9m foi bom para o [&hellip;]\" \/>\n<meta property=\"og:url\" content=\"https:\/\/cleitonpinheiro.com.br\/site\/aos-19-anos-jose-antonio-santos-e-campeao-mundial-de-bocha-em-seul\/\" \/>\n<meta property=\"og:site_name\" content=\"PORTAL DE NOT\u00cdCIAS CLEITON PINHEIRO\" \/>\n<meta property=\"article:publisher\" content=\"https:\/\/www.facebook.com\/portalcpnoticias\/\" \/>\n<meta property=\"article:published_time\" content=\"2026-09-02T21:18:33+00:00\" \/>\n<meta property=\"article:modified_time\" content=\"2026-09-02T21:18:36+00:00\" \/>\n<meta property=\"og:image\" content=\"https:\/\/cleitonpinheiro.com.br\/site\/wp-content\/uploads\/2026\/09\/jose_antonio_santos_bocha_2025.webp\" \/>\n\t<meta property=\"og:image:width\" content=\"1170\" \/>\n\t<meta property=\"og:image:height\" content=\"700\" \/>\n\t<meta property=\"og:image:type\" content=\"image\/webp\" \/>\n<meta name=\"author\" content=\"Cleiton Pinheiro\" \/>\n<meta name=\"twitter:card\" content=\"summary_large_image\" \/>\n<meta name=\"twitter:label1\" content=\"Escrito por\" \/>\n\t<meta name=\"twitter:data1\" content=\"Cleiton Pinheiro\" \/>\n\t<meta name=\"twitter:label2\" content=\"Est. tempo de leitura\" \/>\n\t<meta name=\"twitter:data2\" content=\"3 minutos\" \/>\n<script type=\"application\/ld+json\" class=\"yoast-schema-graph\">{\"@context\":\"https:\/\/schema.org\",\"@graph\":[{\"@type\":\"Article\",\"@id\":\"https:\/\/cleitonpinheiro.com.br\/site\/aos-19-anos-jose-antonio-santos-e-campeao-mundial-de-bocha-em-seul\/#article\",\"isPartOf\":{\"@id\":\"https:\/\/cleitonpinheiro.com.br\/site\/aos-19-anos-jose-antonio-santos-e-campeao-mundial-de-bocha-em-seul\/\"},\"author\":{\"name\":\"Cleiton Pinheiro\",\"@id\":\"https:\/\/cleitonpinheiro.com.br\/site\/#\/schema\/person\/62fd4eb98fcc8bd3fc477aaff264af51\"},\"headline\":\"Aos 19 anos, Jos\u00e9 Ant\u00f4nio Santos \u00e9 campe\u00e3o mundial de bocha em Seul\",\"datePublished\":\"2026-09-02T21:18:33+00:00\",\"dateModified\":\"2026-09-02T21:18:36+00:00\",\"mainEntityOfPage\":{\"@id\":\"https:\/\/cleitonpinheiro.com.br\/site\/aos-19-anos-jose-antonio-santos-e-campeao-mundial-de-bocha-em-seul\/\"},\"wordCount\":341,\"commentCount\":0,\"publisher\":{\"@id\":\"https:\/\/cleitonpinheiro.com.br\/site\/#organization\"},\"image\":{\"@id\":\"https:\/\/cleitonpinheiro.com.br\/site\/aos-19-anos-jose-antonio-santos-e-campeao-mundial-de-bocha-em-seul\/#primaryimage\"},\"thumbnailUrl\":\"https:\/\/cleitonpinheiro.com.br\/site\/wp-content\/uploads\/2026\/09\/jose_antonio_santos_bocha_2025.webp\",\"articleSection\":[\"ESPORTE\",\"NOT\u00cdCIAS EM DESTAQUE\",\"TODAS NOTICIAS\"],\"inLanguage\":\"pt-BR\",\"potentialAction\":[{\"@type\":\"CommentAction\",\"name\":\"Comment\",\"target\":[\"https:\/\/cleitonpinheiro.com.br\/site\/aos-19-anos-jose-antonio-santos-e-campeao-mundial-de-bocha-em-seul\/#respond\"]}]},{\"@type\":\"WebPage\",\"@id\":\"https:\/\/cleitonpinheiro.com.br\/site\/aos-19-anos-jose-antonio-santos-e-campeao-mundial-de-bocha-em-seul\/\",\"url\":\"https:\/\/cleitonpinheiro.com.br\/site\/aos-19-anos-jose-antonio-santos-e-campeao-mundial-de-bocha-em-seul\/\",\"name\":\"Aos 19 anos, Jos\u00e9 Ant\u00f4nio Santos \u00e9 campe\u00e3o mundial de bocha em Seul - PORTAL DE NOT\u00cdCIAS CLEITON PINHEIRO\",\"isPartOf\":{\"@id\":\"https:\/\/cleitonpinheiro.com.br\/site\/#website\"},\"primaryImageOfPage\":{\"@id\":\"https:\/\/cleitonpinheiro.com.br\/site\/aos-19-anos-jose-antonio-santos-e-campeao-mundial-de-bocha-em-seul\/#primaryimage\"},\"image\":{\"@id\":\"https:\/\/cleitonpinheiro.com.br\/site\/aos-19-anos-jose-antonio-santos-e-campeao-mundial-de-bocha-em-seul\/#primaryimage\"},\"thumbnailUrl\":\"https:\/\/cleitonpinheiro.com.br\/site\/wp-content\/uploads\/2026\/09\/jose_antonio_santos_bocha_2025.webp\",\"datePublished\":\"2026-09-02T21:18:33+00:00\",\"dateModified\":\"2026-09-02T21:18:36+00:00\",\"breadcrumb\":{\"@id\":\"https:\/\/cleitonpinheiro.com.br\/site\/aos-19-anos-jose-antonio-santos-e-campeao-mundial-de-bocha-em-seul\/#breadcrumb\"},\"inLanguage\":\"pt-BR\",\"potentialAction\":[{\"@type\":\"ReadAction\",\"target\":[\"https:\/\/cleitonpinheiro.com.br\/site\/aos-19-anos-jose-antonio-santos-e-campeao-mundial-de-bocha-em-seul\/\"]}]},{\"@type\":\"ImageObject\",\"inLanguage\":\"pt-BR\",\"@id\":\"https:\/\/cleitonpinheiro.com.br\/site\/aos-19-anos-jose-antonio-santos-e-campeao-mundial-de-bocha-em-seul\/#primaryimage\",\"url\":\"https:\/\/cleitonpinheiro.com.br\/site\/wp-content\/uploads\/2026\/09\/jose_antonio_santos_bocha_2025.webp\",\"contentUrl\":\"https:\/\/cleitonpinheiro.com.br\/site\/wp-content\/uploads\/2026\/09\/jose_antonio_santos_bocha_2025.webp\",\"width\":1170,\"height\":700,\"caption\":\"\u00a9 Wander Roberto\/CPB\/Direitos Reservados\"},{\"@type\":\"BreadcrumbList\",\"@id\":\"https:\/\/cleitonpinheiro.com.br\/site\/aos-19-anos-jose-antonio-santos-e-campeao-mundial-de-bocha-em-seul\/#breadcrumb\",\"itemListElement\":[{\"@type\":\"ListItem\",\"position\":1,\"name\":\"In\u00edcio\",\"item\":\"https:\/\/cleitonpinheiro.com.br\/site\/\"},{\"@type\":\"ListItem\",\"position\":2,\"name\":\"Aos 19 anos, Jos\u00e9 Ant\u00f4nio Santos \u00e9 campe\u00e3o mundial de bocha em Seul\"}]},{\"@type\":\"WebSite\",\"@id\":\"https:\/\/cleitonpinheiro.com.br\/site\/#website\",\"url\":\"https:\/\/cleitonpinheiro.com.br\/site\/\",\"name\":\"PORTAL DE NOT\u00cdCIAS CLEITON PINHEIRO\",\"description\":\"FALANDO A VERDADE\",\"publisher\":{\"@id\":\"https:\/\/cleitonpinheiro.com.br\/site\/#organization\"},\"potentialAction\":[{\"@type\":\"SearchAction\",\"target\":{\"@type\":\"EntryPoint\",\"urlTemplate\":\"https:\/\/cleitonpinheiro.com.br\/site\/?s={search_term_string}\"},\"query-input\":{\"@type\":\"PropertyValueSpecification\",\"valueRequired\":true,\"valueName\":\"search_term_string\"}}],\"inLanguage\":\"pt-BR\"},{\"@type\":\"Organization\",\"@id\":\"https:\/\/cleitonpinheiro.com.br\/site\/#organization\",\"name\":\"CPNOT\u00cdCIAS\",\"url\":\"https:\/\/cleitonpinheiro.com.br\/site\/\",\"logo\":{\"@type\":\"ImageObject\",\"inLanguage\":\"pt-BR\",\"@id\":\"https:\/\/cleitonpinheiro.com.br\/site\/#\/schema\/logo\/image\/\",\"url\":\"https:\/\/cleitonpinheiro.com.br\/site\/wp-content\/uploads\/2022\/08\/Logo-pequena-2.png\",\"contentUrl\":\"https:\/\/cleitonpinheiro.com.br\/site\/wp-content\/uploads\/2022\/08\/Logo-pequena-2.png\",\"width\":500,\"height\":500,\"caption\":\"CPNOT\u00cdCIAS\"},\"image\":{\"@id\":\"https:\/\/cleitonpinheiro.com.br\/site\/#\/schema\/logo\/image\/\"},\"sameAs\":[\"https:\/\/www.facebook.com\/portalcpnoticias\/\"]},{\"@type\":\"Person\",\"@id\":\"https:\/\/cleitonpinheiro.com.br\/site\/#\/schema\/person\/62fd4eb98fcc8bd3fc477aaff264af51\",\"name\":\"Cleiton Pinheiro\",\"image\":{\"@type\":\"ImageObject\",\"inLanguage\":\"pt-BR\",\"@id\":\"https:\/\/cleitonpinheiro.com.br\/site\/#\/schema\/person\/image\/\",\"url\":\"https:\/\/secure.gravatar.com\/avatar\/15642ec35b78fe5eed3cfa8e4a3f3211d73a3df4f35f0566b4324958cba1b1b9?s=96&r=g\",\"contentUrl\":\"https:\/\/secure.gravatar.com\/avatar\/15642ec35b78fe5eed3cfa8e4a3f3211d73a3df4f35f0566b4324958cba1b1b9?s=96&r=g\",\"caption\":\"Cleiton Pinheiro\"},\"url\":\"https:\/\/cleitonpinheiro.com.br\/site\/author\/cleiton\/\"}]}<\/script>\n<!-- \/ Yoast SEO plugin. -->","yoast_head_json":{"title":"Aos 19 anos, Jos\u00e9 Ant\u00f4nio Santos \u00e9 campe\u00e3o mundial de bocha em Seul - PORTAL DE NOT\u00cdCIAS CLEITON PINHEIRO","robots":{"index":"index","follow":"follow","max-snippet":"max-snippet:-1","max-image-preview":"max-image-preview:large","max-video-preview":"max-video-preview:-1"},"canonical":"https:\/\/cleitonpinheiro.com.br\/site\/aos-19-anos-jose-antonio-santos-e-campeao-mundial-de-bocha-em-seul\/","og_locale":"pt_BR","og_type":"article","og_title":"Aos 19 anos, Jos\u00e9 Ant\u00f4nio Santos \u00e9 campe\u00e3o mundial de bocha em Seul - PORTAL DE NOT\u00cdCIAS CLEITON PINHEIRO","og_description":"O Brasil subiu ao p\u00f3dio tr\u00eas vezes no Mundial de Bocha em Seul (Coreia do Sul) nesta segunda-feira (31), om medalhas de ouro, prata e bronze nas disputas individuais. Aos 19 anos, o potiguar Jos\u00e9 Ant\u00f4nio Santos foi campe\u00e3o na classe BC4 (defici\u00eancias severas sem op\u00e7\u00e3o de aux\u00edlio). O dia tamb\u00e9m foi bom para o [&hellip;]","og_url":"https:\/\/cleitonpinheiro.com.br\/site\/aos-19-anos-jose-antonio-santos-e-campeao-mundial-de-bocha-em-seul\/","og_site_name":"PORTAL DE NOT\u00cdCIAS CLEITON PINHEIRO","article_publisher":"https:\/\/www.facebook.com\/portalcpnoticias\/","article_published_time":"2026-09-02T21:18:33+00:00","article_modified_time":"2026-09-02T21:18:36+00:00","og_image":[{"width":1170,"height":700,"url":"https:\/\/cleitonpinheiro.com.br\/site\/wp-content\/uploads\/2026\/09\/jose_antonio_santos_bocha_2025.webp","type":"image\/webp"}],"author":"Cleiton Pinheiro","twitter_card":"summary_large_image","twitter_misc":{"Escrito por":"Cleiton Pinheiro","Est. tempo de leitura":"3 minutos"},"schema":{"@context":"https:\/\/schema.org","@graph":[{"@type":"Article","@id":"https:\/\/cleitonpinheiro.com.br\/site\/aos-19-anos-jose-antonio-santos-e-campeao-mundial-de-bocha-em-seul\/#article","isPartOf":{"@id":"https:\/\/cleitonpinheiro.com.br\/site\/aos-19-anos-jose-antonio-santos-e-campeao-mundial-de-bocha-em-seul\/"},"author":{"name":"Cleiton Pinheiro","@id":"https:\/\/cleitonpinheiro.com.br\/site\/#\/schema\/person\/62fd4eb98fcc8bd3fc477aaff264af51"},"headline":"Aos 19 anos, Jos\u00e9 Ant\u00f4nio Santos \u00e9 campe\u00e3o mundial de bocha em Seul","datePublished":"2026-09-02T21:18:33+00:00","dateModified":"2026-09-02T21:18:36+00:00","mainEntityOfPage":{"@id":"https:\/\/cleitonpinheiro.com.br\/site\/aos-19-anos-jose-antonio-santos-e-campeao-mundial-de-bocha-em-seul\/"},"wordCount":341,"commentCount":0,"publisher":{"@id":"https:\/\/cleitonpinheiro.com.br\/site\/#organization"},"image":{"@id":"https:\/\/cleitonpinheiro.com.br\/site\/aos-19-anos-jose-antonio-santos-e-campeao-mundial-de-bocha-em-seul\/#primaryimage"},"thumbnailUrl":"https:\/\/cleitonpinheiro.com.br\/site\/wp-content\/uploads\/2026\/09\/jose_antonio_santos_bocha_2025.webp","articleSection":["ESPORTE","NOT\u00cdCIAS EM DESTAQUE","TODAS NOTICIAS"],"inLanguage":"pt-BR","potentialAction":[{"@type":"CommentAction","name":"Comment","target":["https:\/\/cleitonpinheiro.com.br\/site\/aos-19-anos-jose-antonio-santos-e-campeao-mundial-de-bocha-em-seul\/#respond"]}]},{"@type":"WebPage","@id":"https:\/\/cleitonpinheiro.com.br\/site\/aos-19-anos-jose-antonio-santos-e-campeao-mundial-de-bocha-em-seul\/","url":"https:\/\/cleitonpinheiro.com.br\/site\/aos-19-anos-jose-antonio-santos-e-campeao-mundial-de-bocha-em-seul\/","name":"Aos 19 anos, Jos\u00e9 Ant\u00f4nio Santos \u00e9 campe\u00e3o mundial de bocha em Seul - PORTAL DE NOT\u00cdCIAS CLEITON PINHEIRO","isPartOf":{"@id":"https:\/\/cleitonpinheiro.com.br\/site\/#website"},"primaryImageOfPage":{"@id":"https:\/\/cleitonpinheiro.com.br\/site\/aos-19-anos-jose-antonio-santos-e-campeao-mundial-de-bocha-em-seul\/#primaryimage"},"image":{"@id":"https:\/\/cleitonpinheiro.com.br\/site\/aos-19-anos-jose-antonio-santos-e-campeao-mundial-de-bocha-em-seul\/#primaryimage"},"thumbnailUrl":"https:\/\/cleitonpinheiro.com.br\/site\/wp-content\/uploads\/2026\/09\/jose_antonio_santos_bocha_2025.webp","datePublished":"2026-09-02T21:18:33+00:00","dateModified":"2026-09-02T21:18:36+00:00","breadcrumb":{"@id":"https:\/\/cleitonpinheiro.com.br\/site\/aos-19-anos-jose-antonio-santos-e-campeao-mundial-de-bocha-em-seul\/#breadcrumb"},"inLanguage":"pt-BR","potentialAction":[{"@type":"ReadAction","target":["https:\/\/cleitonpinheiro.com.br\/site\/aos-19-anos-jose-antonio-santos-e-campeao-mundial-de-bocha-em-seul\/"]}]},{"@type":"ImageObject","inLanguage":"pt-BR","@id":"https:\/\/cleitonpinheiro.com.br\/site\/aos-19-anos-jose-antonio-santos-e-campeao-mundial-de-bocha-em-seul\/#primaryimage","url":"https:\/\/cleitonpinheiro.com.br\/site\/wp-content\/uploads\/2026\/09\/jose_antonio_santos_bocha_2025.webp","contentUrl":"https:\/\/cleitonpinheiro.com.br\/site\/wp-content\/uploads\/2026\/09\/jose_antonio_santos_bocha_2025.webp","width":1170,"height":700,"caption":"\u00a9 Wander Roberto\/CPB\/Direitos Reservados"},{"@type":"BreadcrumbList","@id":"https:\/\/cleitonpinheiro.com.br\/site\/aos-19-anos-jose-antonio-santos-e-campeao-mundial-de-bocha-em-seul\/#breadcrumb","itemListElement":[{"@type":"ListItem","position":1,"name":"In\u00edcio","item":"https:\/\/cleitonpinheiro.com.br\/site\/"},{"@type":"ListItem","position":2,"name":"Aos 19 anos, Jos\u00e9 Ant\u00f4nio Santos \u00e9 campe\u00e3o mundial de bocha em Seul"}]},{"@type":"WebSite","@id":"https:\/\/cleitonpinheiro.com.br\/site\/#website","url":"https:\/\/cleitonpinheiro.com.br\/site\/","name":"PORTAL DE NOT\u00cdCIAS CLEITON PINHEIRO","description":"FALANDO A VERDADE","publisher":{"@id":"https:\/\/cleitonpinheiro.com.br\/site\/#organization"},"potentialAction":[{"@type":"SearchAction","target":{"@type":"EntryPoint","urlTemplate":"https:\/\/cleitonpinheiro.com.br\/site\/?s={search_term_string}"},"query-input":{"@type":"PropertyValueSpecification","valueRequired":true,"valueName":"search_term_string"}}],"inLanguage":"pt-BR"},{"@type":"Organization","@id":"https:\/\/cleitonpinheiro.com.br\/site\/#organization","name":"CPNOT\u00cdCIAS","url":"https:\/\/cleitonpinheiro.com.br\/site\/","logo":{"@type":"ImageObject","inLanguage":"pt-BR","@id":"https:\/\/cleitonpinheiro.com.br\/site\/#\/schema\/logo\/image\/","url":"https:\/\/cleitonpinheiro.com.br\/site\/wp-content\/uploads\/2022\/08\/Logo-pequena-2.png","contentUrl":"https:\/\/cleitonpinheiro.com.br\/site\/wp-content\/uploads\/2022\/08\/Logo-pequena-2.png","width":500,"height":500,"caption":"CPNOT\u00cdCIAS"},"image":{"@id":"https:\/\/cleitonpinheiro.com.br\/site\/#\/schema\/logo\/image\/"},"sameAs":["https:\/\/www.facebook.com\/portalcpnoticias\/"]},{"@type":"Person","@id":"https:\/\/cleitonpinheiro.com.br\/site\/#\/schema\/person\/62fd4eb98fcc8bd3fc477aaff264af51","name":"Cleiton Pinheiro","image":{"@type":"ImageObject","inLanguage":"pt-BR","@id":"https:\/\/cleitonpinheiro.com.br\/site\/#\/schema\/person\/image\/","url":"https:\/\/secure.gravatar.com\/avatar\/15642ec35b78fe5eed3cfa8e4a3f3211d73a3df4f35f0566b4324958cba1b1b9?s=96&r=g","contentUrl":"https:\/\/secure.gravatar.com\/avatar\/15642ec35b78fe5eed3cfa8e4a3f3211d73a3df4f35f0566b4324958cba1b1b9?s=96&r=g","caption":"Cleiton Pinheiro"},"url":"https:\/\/cleitonpinheiro.com.br\/site\/author\/cleiton\/"}]}},"views":26,"_links":{"self":[{"href":"https:\/\/cleitonpinheiro.com.br\/site\/wp-json\/wp\/v2\/posts\/89173","targetHints":{"allow":["GET"]}}],"collection":[{"href":"https:\/\/cleitonpinheiro.com.br\/site\/wp-json\/wp\/v2\/posts"}],"about":[{"href":"https:\/\/cleitonpinheiro.com.br\/site\/wp-json\/wp\/v2\/types\/post"}],"author":[{"embeddable":true,"href":"https:\/\/cleitonpinheiro.com.br\/site\/wp-json\/wp\/v2\/users\/10"}],"replies":[{"embeddable":true,"href":"https:\/\/cleitonpinheiro.com.br\/site\/wp-json\/wp\/v2\/comments?post=89173"}],"version-history":[{"count":1,"href":"https:\/\/cleitonpinheiro.com.br\/site\/wp-json\/wp\/v2\/posts\/89173\/revisions"}],"predecessor-version":[{"id":89175,"href":"https:\/\/cleitonpinheiro.com.br\/site\/wp-json\/wp\/v2\/posts\/89173\/revisions\/89175"}],"wp:featuredmedia":[{"embeddable":true,"href":"https:\/\/cleitonpinheiro.com.br\/site\/wp-json\/wp\/v2\/media\/89174"}],"wp:attachment":[{"href":"https:\/\/cleitonpinheiro.com.br\/site\/wp-json\/wp\/v2\/media?parent=89173"}],"wp:term":[{"taxonomy":"category","embeddable":true,"href":"https:\/\/cleitonpinheiro.com.br\/site\/wp-json\/wp\/v2\/categories?post=89173"},{"taxonomy":"post_tag","embeddable":true,"href":"https:\/\/cleitonpinheiro.com.br\/site\/wp-json\/wp\/v2\/tags?post=89173"}],"curies":[{"name":"wp","href":"https:\/\/api.w.org\/{rel}","templated":true}]}}