{"id":89178,"date":"2026-09-03T18:29:44","date_gmt":"2026-09-03T21:29:44","guid":{"rendered":"https:\/\/cleitonpinheiro.com.br\/site\/?p=89178"},"modified":"2026-09-02T18:35:13","modified_gmt":"2026-09-02T21:35:13","slug":"orcamento-de-2027-reserva-r-448-bilhoes-para-emendas-impositivas","status":"publish","type":"post","link":"https:\/\/cleitonpinheiro.com.br\/site\/orcamento-de-2027-reserva-r-448-bilhoes-para-emendas-impositivas\/","title":{"rendered":"Or\u00e7amento de 2027 reserva R$ 44,8 bilh\u00f5es para emendas impositivas"},"content":{"rendered":"\n<figure class=\"wp-block-image size-large\"><img fetchpriority=\"high\" decoding=\"async\" width=\"1024\" height=\"613\" src=\"https:\/\/cleitonpinheiro.com.br\/site\/wp-content\/uploads\/2026\/09\/raf1006_1-1024x613.jpg\" alt=\"\" class=\"wp-image-89170\" srcset=\"https:\/\/cleitonpinheiro.com.br\/site\/wp-content\/uploads\/2026\/09\/raf1006_1-1024x613.jpg 1024w, https:\/\/cleitonpinheiro.com.br\/site\/wp-content\/uploads\/2026\/09\/raf1006_1-300x179.jpg 300w, https:\/\/cleitonpinheiro.com.br\/site\/wp-content\/uploads\/2026\/09\/raf1006_1-768x459.jpg 768w, https:\/\/cleitonpinheiro.com.br\/site\/wp-content\/uploads\/2026\/09\/raf1006_1.jpg 1170w\" sizes=\"(max-width: 1024px) 100vw, 1024px\" \/><figcaption class=\"wp-element-caption\">\u00a9 Rafa Neddermeyer\/Ag\u00eancia Brasil<br><\/figcaption><\/figure>\n\n\n\n<p class=\"wp-block-paragraph\"><strong>Enviado nesta segunda-feira (31) ao Congresso Nacional, o projeto da Lei Or\u00e7ament\u00e1ria Anual (PLOA) de 2027 reservou R$ 44,8 bilh\u00f5es para emendas parlamentares individuais e de bancada.<\/strong><img decoding=\"async\" src=\"https:\/\/agenciabrasil.ebc.com.br\/ebc.png?id=1701140&amp;o=node\"><img decoding=\"async\" src=\"https:\/\/agenciabrasil.ebc.com.br\/ebc.gif?id=1701140&amp;o=node\"><\/p>\n\n\n\n<p class=\"wp-block-paragraph\"><strong>O valor representa um aumento de R$ 4 bilh\u00f5es em rela\u00e7\u00e3o aos R$ 40,8 bilh\u00f5es previstos inicialmente para as emendas no Or\u00e7amento de 2026.<\/strong>&nbsp;O montante, por\u00e9m, ainda pode crescer durante a tramita\u00e7\u00e3o da proposta no Legislativo, principalmente com a inclus\u00e3o de emendas de comiss\u00e3o.<\/p>\n\n\n\n<p class=\"wp-block-paragraph\">As emendas parlamentares s\u00e3o recursos do Or\u00e7amento cuja aplica\u00e7\u00e3o pode ser indicada por deputados e senadores, geralmente para obras, investimentos e projetos nos estados e munic\u00edpios de suas bases pol\u00edticas. A libera\u00e7\u00e3o dos recursos tamb\u00e9m se tornou um dos principais instrumentos de negocia\u00e7\u00e3o entre o Executivo e o Congresso.<\/p>\n\n\n\n<h2 class=\"wp-block-heading\">Valor pode crescer<\/h2>\n\n\n\n<p class=\"wp-block-paragraph\"><strong>O PLOA apresentado pelo governo contempla apenas as emendas individuais e de bancada, com execu\u00e7\u00e3o obrigat\u00f3ria.&nbsp;<\/strong>As emendas de comiss\u00e3o, que n\u00e3o s\u00e3o impositivas, n\u00e3o est\u00e3o inclu\u00eddas no valor de R$ 44,8 bilh\u00f5es reservado pelo Executivo.<\/p>\n\n\n\n<p class=\"wp-block-paragraph\">Durante a tramita\u00e7\u00e3o do Or\u00e7amento, os congressistas podem destinar recursos para as emendas de comiss\u00e3o por meio de cortes em outras despesas previstas pelo governo, como gastos de custeio e investimentos em obras p\u00fablicas.<\/p>\n\n\n\n<p class=\"wp-block-paragraph\"><strong>H\u00e1, contudo, um limite de R$ 12,9 bilh\u00f5es para as emendas de comiss\u00e3o em 2027.&nbsp;<\/strong>A regra foi estabelecida por uma lei complementar que formalizou um acordo entre Congresso, governo e Supremo Tribunal Federal (STF) em meio \u00e0s discuss\u00f5es sobre transpar\u00eancia e rastreabilidade das emendas.<\/p>\n\n\n\n<p class=\"wp-block-paragraph\">Nos \u00faltimos anos, o valor aprovado pelo Congresso tem superado a previs\u00e3o original do Executivo.&nbsp;<strong>As emendas chegaram a R$ 53 bilh\u00f5es no Or\u00e7amento de 2025 e a R$ 61 bilh\u00f5es em 2026.<\/strong><\/p>\n\n\n\n<p class=\"wp-block-paragraph\">Na Lei Or\u00e7ament\u00e1ria Anual (LOA) de 2026, deputados e senadores cortaram recursos destinados a \u00e1reas como Previd\u00eancia, P\u00e9-de-Meia e Aux\u00edlio G\u00e1s para ampliar o espa\u00e7o das emendas. Lula vetou R$ 400 milh\u00f5es indicados pelos congressistas e remanejou outros R$ 7 bilh\u00f5es, reduzindo o montante aos atuais R$ 49,9 bilh\u00f5es.<\/p>\n\n\n\n<h2 class=\"wp-block-heading\">Tipos de emendas<\/h2>\n\n\n\n<p class=\"wp-block-paragraph\">As emendas parlamentares s\u00e3o divididas em tr\u00eas categorias principais:<\/p>\n\n\n\n<ul class=\"wp-block-list\">\n<li>Individuais: indicadas individualmente pelos 594 deputados e senadores, com execu\u00e7\u00e3o obrigat\u00f3ria pelo governo.<\/li>\n\n\n\n<li>De bancada: definidas conjuntamente pelos parlamentares de um mesmo estado, tamb\u00e9m com execu\u00e7\u00e3o obrigat\u00f3ria.<\/li>\n\n\n\n<li>De comiss\u00e3o: definidas por integrantes das comiss\u00f5es permanentes do Congresso e sem execu\u00e7\u00e3o obrigat\u00f3ria.<\/li>\n<\/ul>\n\n\n\n<p class=\"wp-block-paragraph\">A Constitui\u00e7\u00e3o determina que as emendas individuais tenham uma reserva equivalente a 2% da receita corrente l\u00edquida (RCL) do ano anterior ao envio do PLOA. Desse percentual, 1,55 ponto percentual corresponde aos deputados e 0,45 ponto percentual aos senadores.<\/p>\n\n\n\n<p class=\"wp-block-paragraph\">Para as emendas de bancada, a reserva pode chegar a 1% da RCL realizada no ano anterior. O acordo firmado entre os Poderes estabeleceu ainda que, a partir de 2026, esse valor ser\u00e1 atualizado pelas regras do arcabou\u00e7o fiscal, considerando a infla\u00e7\u00e3o e ganho real de at\u00e9 2,5%.<\/p>\n\n\n\n<p class=\"wp-block-paragraph\">As emendas de comiss\u00e3o tiveram um valor inicial de R$ 11,5 bilh\u00f5es fixado em 2025, com atualiza\u00e7\u00e3o anual pela infla\u00e7\u00e3o.<\/p>\n\n\n\n<h2 class=\"wp-block-heading\">Impacto nas despesas<\/h2>\n\n\n\n<p class=\"wp-block-paragraph\"><strong>O aumento das emendas reduz o espa\u00e7o dispon\u00edvel para despesas discricion\u00e1rias do governo,<\/strong>&nbsp;que s\u00e3o os gastos sobre os quais o Executivo tem maior liberdade para decidir.<\/p>\n\n\n\n<p class=\"wp-block-paragraph\">Entre as \u00e1reas que podem disputar esse espa\u00e7o est\u00e3o bolsas do Conselho Nacional de Desenvolvimento Cient\u00edfico e Tecnol\u00f3gico (CNPq) e da Coordena\u00e7\u00e3o de Aperfei\u00e7oamento de Pessoal de N\u00edvel Superior (Capes), investimentos em infraestrutura, Programa Nacional de Acesso ao Ensino T\u00e9cnico e Emprego (Pronatec), emiss\u00e3o de passaportes, Farm\u00e1cia Popular, bolsas para atletas e a\u00e7\u00f5es de fiscaliza\u00e7\u00e3o ambiental e trabalhista.<\/p>\n\n\n\n<p class=\"wp-block-paragraph\">Nos \u00faltimos anos, o governo tamb\u00e9m passou a liberar volumes expressivos de emendas em per\u00edodos de maior press\u00e3o pol\u00edtica no Congresso.<\/p>\n\n\n\n<p class=\"wp-block-paragraph\">De janeiro a junho de 2026, o Executivo pagou R$ 32,5 bilh\u00f5es em emendas, valor 30% superior ao liberado no mesmo per\u00edodo de 2022, at\u00e9 ent\u00e3o o recorde anterior.<\/p>\n\n\n\n<p class=\"wp-block-paragraph\">O ritmo de libera\u00e7\u00e3o foi influenciado por uma decis\u00e3o in\u00e9dita do Congresso de estabelecer um calend\u00e1rio para o pagamento das emendas. A regra obrigou o governo a empenhar, ainda no primeiro semestre, 65% dos valores previstos.<\/p>\n\n\n\n<p class=\"wp-block-paragraph\">O empenho \u00e9 a etapa em que o governo reserva oficialmente o recurso para um gasto que ser\u00e1 realizado posteriormente.<\/p>\n\n\n\n<h2 class=\"wp-block-heading\">Disputa entre Poderes<\/h2>\n\n\n\n<p class=\"wp-block-paragraph\">A defini\u00e7\u00e3o e a execu\u00e7\u00e3o das emendas tamb\u00e9m est\u00e3o no centro de uma disputa entre Congresso, governo e STF. O tema \u00e9 alvo de uma a\u00e7\u00e3o sob relatoria do ministro Fl\u00e1vio Dino, que&nbsp;<a href=\"https:\/\/agenciabrasil.ebc.com.br\/justica\/noticia\/2024-12\/flavio-dino-nega-liberacao-de-emendas-parlamentares-suspensas\" target=\"_blank\" rel=\"noopener\">chegou a suspender pagamentos<\/a>&nbsp;de emendas em 2024.<\/p>\n\n\n\n<p class=\"wp-block-paragraph\"><strong>Na semana passada,<\/strong>&nbsp;<strong>Dino&nbsp;<a href=\"https:\/\/agenciabrasil.ebc.com.br\/justica\/noticia\/2026-08\/dino-anula-emendas-indicadas-por-dirigentes-partidarios-sem-mandato\" target=\"_blank\" rel=\"noopener\">determinou a nulidade de emendas<\/a>&nbsp;cuja indica\u00e7\u00e3o tenha sofrido interfer\u00eancia de presidentes de partidos ou de pessoas sem mandato parlamentar.<\/strong><\/p>\n\n\n\n<p class=\"wp-block-paragraph\">A decis\u00e3o ocorreu em meio a suspeitas de que o presidente do PL, Valdemar Costa Neto, e o ex-deputado Eduardo Cunha (Republicanos) teriam atuado para direcionar pagamentos. Os dois&nbsp;<a href=\"https:\/\/agenciabrasil.ebc.com.br\/justica\/noticia\/2026-07\/dino-bloqueia-r-119-milhoes-de-valdemar-por-suspeitas-em-emendas\" target=\"_blank\" rel=\"noopener\">tiveram bens bloqueados<\/a>&nbsp;em julho por determina\u00e7\u00e3o do ministro em outra decis\u00e3o.<\/p>\n\n\n\n<p class=\"wp-block-paragraph\">A crise em torno do mecanismo remonta ao governo do ex-presidente Jair Bolsonaro (PL).&nbsp;<strong>Em 2022, o STF considerou inconstitucionais as chamadas emendas de relator, que ficaram conhecidas como \u201cor\u00e7amento secreto\u201d por permitirem a destina\u00e7\u00e3o de recursos sem a identifica\u00e7\u00e3o p\u00fablica dos parlamentares respons\u00e1veis pelas indica\u00e7\u00f5es.<\/strong><\/p>\n\n\n\n<h2 class=\"wp-block-heading\">Emendas Pix<\/h2>\n\n\n\n<p class=\"wp-block-paragraph\">Ap\u00f3s o fim das emendas de relator, ganharam espa\u00e7o as chamadas \u201cemendas Pix\u201d, que fazem parte das emendas individuais.<\/p>\n\n\n\n<p class=\"wp-block-paragraph\">O modelo foi mantido, mas passou a estar submetido a exig\u00eancias de transpar\u00eancia e rastreabilidade definidas pelo STF. Tamb\u00e9m permanece o car\u00e1ter impositivo, ou seja, o governo tem obriga\u00e7\u00e3o de executar os recursos dentro das regras estabelecidas.<\/p>\n\n\n\n<p class=\"wp-block-paragraph\">As indica\u00e7\u00f5es precisam identificar previamente a finalidade dos recursos, com prioridade para obras inacabadas, al\u00e9m de prever presta\u00e7\u00e3o de contas ao Tribunal de Contas da Uni\u00e3o (TCU).<\/p>\n\n\n\n<p class=\"wp-block-paragraph\"><strong>Com a proposta de R$ 44,8 bilh\u00f5es apresentada pelo Executivo, o debate sobre o tamanho das emendas volta agora ao Congresso.&nbsp;<\/strong>O valor final do Or\u00e7amento de 2027 depender\u00e1 da negocia\u00e7\u00e3o entre deputados, senadores e governo durante a an\u00e1lise e vota\u00e7\u00e3o do projeto.<\/p>\n","protected":false},"excerpt":{"rendered":"<p>Enviado nesta segunda-feira (31) ao Congresso Nacional, o projeto da Lei Or\u00e7ament\u00e1ria Anual (PLOA) de 2027 reservou R$ 44,8 bilh\u00f5es para emendas parlamentares individuais e de bancada. O valor representa um aumento de R$ 4 bilh\u00f5es em rela\u00e7\u00e3o aos R$ 40,8 bilh\u00f5es previstos inicialmente para as emendas no Or\u00e7amento de 2026.&nbsp;O montante, por\u00e9m, ainda pode [&hellip;]<\/p>\n","protected":false},"author":10,"featured_media":89170,"comment_status":"open","ping_status":"open","sticky":false,"template":"","format":"standard","meta":{"_acf_changed":false,"footnotes":""},"categories":[19,898,21],"tags":[],"class_list":["post-89178","post","type-post","status-publish","format-standard","has-post-thumbnail","hentry","category-brasil-mundo","category-manchete-segundaria","category-todas-noticias"],"acf":[],"yoast_head":"<!-- This site is optimized with the Yoast SEO plugin v24.4 - https:\/\/yoast.com\/wordpress\/plugins\/seo\/ -->\n<title>Or\u00e7amento de 2027 reserva R$ 44,8 bilh\u00f5es para emendas impositivas - PORTAL DE NOT\u00cdCIAS CLEITON PINHEIRO<\/title>\n<meta name=\"robots\" content=\"index, follow, max-snippet:-1, max-image-preview:large, max-video-preview:-1\" \/>\n<link rel=\"canonical\" href=\"https:\/\/cleitonpinheiro.com.br\/site\/orcamento-de-2027-reserva-r-448-bilhoes-para-emendas-impositivas\/\" \/>\n<meta property=\"og:locale\" content=\"pt_BR\" \/>\n<meta property=\"og:type\" content=\"article\" \/>\n<meta property=\"og:title\" content=\"Or\u00e7amento de 2027 reserva R$ 44,8 bilh\u00f5es para emendas impositivas - PORTAL DE NOT\u00cdCIAS CLEITON PINHEIRO\" \/>\n<meta property=\"og:description\" content=\"Enviado nesta segunda-feira (31) ao Congresso Nacional, o projeto da Lei Or\u00e7ament\u00e1ria Anual (PLOA) de 2027 reservou R$ 44,8 bilh\u00f5es para emendas parlamentares individuais e de bancada. O valor representa um aumento de R$ 4 bilh\u00f5es em rela\u00e7\u00e3o aos R$ 40,8 bilh\u00f5es previstos inicialmente para as emendas no Or\u00e7amento de 2026.&nbsp;O montante, por\u00e9m, ainda pode [&hellip;]\" \/>\n<meta property=\"og:url\" content=\"https:\/\/cleitonpinheiro.com.br\/site\/orcamento-de-2027-reserva-r-448-bilhoes-para-emendas-impositivas\/\" \/>\n<meta property=\"og:site_name\" content=\"PORTAL DE NOT\u00cdCIAS CLEITON PINHEIRO\" \/>\n<meta property=\"article:publisher\" content=\"https:\/\/www.facebook.com\/portalcpnoticias\/\" \/>\n<meta property=\"article:published_time\" content=\"2026-09-03T21:29:44+00:00\" \/>\n<meta property=\"og:image\" content=\"https:\/\/cleitonpinheiro.com.br\/site\/wp-content\/uploads\/2026\/09\/raf1006_1.jpg\" \/>\n\t<meta property=\"og:image:width\" content=\"1170\" \/>\n\t<meta property=\"og:image:height\" content=\"700\" \/>\n\t<meta property=\"og:image:type\" content=\"image\/jpeg\" \/>\n<meta name=\"author\" content=\"Cleiton Pinheiro\" \/>\n<meta name=\"twitter:card\" content=\"summary_large_image\" \/>\n<meta name=\"twitter:label1\" content=\"Escrito por\" \/>\n\t<meta name=\"twitter:data1\" content=\"Cleiton Pinheiro\" \/>\n\t<meta name=\"twitter:label2\" content=\"Est. tempo de leitura\" \/>\n\t<meta name=\"twitter:data2\" content=\"7 minutos\" \/>\n<script type=\"application\/ld+json\" class=\"yoast-schema-graph\">{\"@context\":\"https:\/\/schema.org\",\"@graph\":[{\"@type\":\"Article\",\"@id\":\"https:\/\/cleitonpinheiro.com.br\/site\/orcamento-de-2027-reserva-r-448-bilhoes-para-emendas-impositivas\/#article\",\"isPartOf\":{\"@id\":\"https:\/\/cleitonpinheiro.com.br\/site\/orcamento-de-2027-reserva-r-448-bilhoes-para-emendas-impositivas\/\"},\"author\":{\"name\":\"Cleiton Pinheiro\",\"@id\":\"https:\/\/cleitonpinheiro.com.br\/site\/#\/schema\/person\/62fd4eb98fcc8bd3fc477aaff264af51\"},\"headline\":\"Or\u00e7amento de 2027 reserva R$ 44,8 bilh\u00f5es para emendas impositivas\",\"datePublished\":\"2026-09-03T21:29:44+00:00\",\"mainEntityOfPage\":{\"@id\":\"https:\/\/cleitonpinheiro.com.br\/site\/orcamento-de-2027-reserva-r-448-bilhoes-para-emendas-impositivas\/\"},\"wordCount\":1079,\"commentCount\":0,\"publisher\":{\"@id\":\"https:\/\/cleitonpinheiro.com.br\/site\/#organization\"},\"image\":{\"@id\":\"https:\/\/cleitonpinheiro.com.br\/site\/orcamento-de-2027-reserva-r-448-bilhoes-para-emendas-impositivas\/#primaryimage\"},\"thumbnailUrl\":\"https:\/\/cleitonpinheiro.com.br\/site\/wp-content\/uploads\/2026\/09\/raf1006_1.jpg\",\"articleSection\":[\"BRASIL \/ MUNDO\",\"MANCHETE SEGUND\u00c1RIA\",\"TODAS NOTICIAS\"],\"inLanguage\":\"pt-BR\",\"potentialAction\":[{\"@type\":\"CommentAction\",\"name\":\"Comment\",\"target\":[\"https:\/\/cleitonpinheiro.com.br\/site\/orcamento-de-2027-reserva-r-448-bilhoes-para-emendas-impositivas\/#respond\"]}]},{\"@type\":\"WebPage\",\"@id\":\"https:\/\/cleitonpinheiro.com.br\/site\/orcamento-de-2027-reserva-r-448-bilhoes-para-emendas-impositivas\/\",\"url\":\"https:\/\/cleitonpinheiro.com.br\/site\/orcamento-de-2027-reserva-r-448-bilhoes-para-emendas-impositivas\/\",\"name\":\"Or\u00e7amento de 2027 reserva R$ 44,8 bilh\u00f5es para emendas impositivas - PORTAL DE NOT\u00cdCIAS CLEITON PINHEIRO\",\"isPartOf\":{\"@id\":\"https:\/\/cleitonpinheiro.com.br\/site\/#website\"},\"primaryImageOfPage\":{\"@id\":\"https:\/\/cleitonpinheiro.com.br\/site\/orcamento-de-2027-reserva-r-448-bilhoes-para-emendas-impositivas\/#primaryimage\"},\"image\":{\"@id\":\"https:\/\/cleitonpinheiro.com.br\/site\/orcamento-de-2027-reserva-r-448-bilhoes-para-emendas-impositivas\/#primaryimage\"},\"thumbnailUrl\":\"https:\/\/cleitonpinheiro.com.br\/site\/wp-content\/uploads\/2026\/09\/raf1006_1.jpg\",\"datePublished\":\"2026-09-03T21:29:44+00:00\",\"breadcrumb\":{\"@id\":\"https:\/\/cleitonpinheiro.com.br\/site\/orcamento-de-2027-reserva-r-448-bilhoes-para-emendas-impositivas\/#breadcrumb\"},\"inLanguage\":\"pt-BR\",\"potentialAction\":[{\"@type\":\"ReadAction\",\"target\":[\"https:\/\/cleitonpinheiro.com.br\/site\/orcamento-de-2027-reserva-r-448-bilhoes-para-emendas-impositivas\/\"]}]},{\"@type\":\"ImageObject\",\"inLanguage\":\"pt-BR\",\"@id\":\"https:\/\/cleitonpinheiro.com.br\/site\/orcamento-de-2027-reserva-r-448-bilhoes-para-emendas-impositivas\/#primaryimage\",\"url\":\"https:\/\/cleitonpinheiro.com.br\/site\/wp-content\/uploads\/2026\/09\/raf1006_1.jpg\",\"contentUrl\":\"https:\/\/cleitonpinheiro.com.br\/site\/wp-content\/uploads\/2026\/09\/raf1006_1.jpg\",\"width\":1170,\"height\":700,\"caption\":\"\u00a9 Rafa Neddermeyer\/Ag\u00eancia Brasil\"},{\"@type\":\"BreadcrumbList\",\"@id\":\"https:\/\/cleitonpinheiro.com.br\/site\/orcamento-de-2027-reserva-r-448-bilhoes-para-emendas-impositivas\/#breadcrumb\",\"itemListElement\":[{\"@type\":\"ListItem\",\"position\":1,\"name\":\"In\u00edcio\",\"item\":\"https:\/\/cleitonpinheiro.com.br\/site\/\"},{\"@type\":\"ListItem\",\"position\":2,\"name\":\"Or\u00e7amento de 2027 reserva R$ 44,8 bilh\u00f5es para emendas impositivas\"}]},{\"@type\":\"WebSite\",\"@id\":\"https:\/\/cleitonpinheiro.com.br\/site\/#website\",\"url\":\"https:\/\/cleitonpinheiro.com.br\/site\/\",\"name\":\"PORTAL DE NOT\u00cdCIAS CLEITON PINHEIRO\",\"description\":\"FALANDO A VERDADE\",\"publisher\":{\"@id\":\"https:\/\/cleitonpinheiro.com.br\/site\/#organization\"},\"potentialAction\":[{\"@type\":\"SearchAction\",\"target\":{\"@type\":\"EntryPoint\",\"urlTemplate\":\"https:\/\/cleitonpinheiro.com.br\/site\/?s={search_term_string}\"},\"query-input\":{\"@type\":\"PropertyValueSpecification\",\"valueRequired\":true,\"valueName\":\"search_term_string\"}}],\"inLanguage\":\"pt-BR\"},{\"@type\":\"Organization\",\"@id\":\"https:\/\/cleitonpinheiro.com.br\/site\/#organization\",\"name\":\"CPNOT\u00cdCIAS\",\"url\":\"https:\/\/cleitonpinheiro.com.br\/site\/\",\"logo\":{\"@type\":\"ImageObject\",\"inLanguage\":\"pt-BR\",\"@id\":\"https:\/\/cleitonpinheiro.com.br\/site\/#\/schema\/logo\/image\/\",\"url\":\"https:\/\/cleitonpinheiro.com.br\/site\/wp-content\/uploads\/2022\/08\/Logo-pequena-2.png\",\"contentUrl\":\"https:\/\/cleitonpinheiro.com.br\/site\/wp-content\/uploads\/2022\/08\/Logo-pequena-2.png\",\"width\":500,\"height\":500,\"caption\":\"CPNOT\u00cdCIAS\"},\"image\":{\"@id\":\"https:\/\/cleitonpinheiro.com.br\/site\/#\/schema\/logo\/image\/\"},\"sameAs\":[\"https:\/\/www.facebook.com\/portalcpnoticias\/\"]},{\"@type\":\"Person\",\"@id\":\"https:\/\/cleitonpinheiro.com.br\/site\/#\/schema\/person\/62fd4eb98fcc8bd3fc477aaff264af51\",\"name\":\"Cleiton Pinheiro\",\"image\":{\"@type\":\"ImageObject\",\"inLanguage\":\"pt-BR\",\"@id\":\"https:\/\/cleitonpinheiro.com.br\/site\/#\/schema\/person\/image\/\",\"url\":\"https:\/\/secure.gravatar.com\/avatar\/15642ec35b78fe5eed3cfa8e4a3f3211d73a3df4f35f0566b4324958cba1b1b9?s=96&r=g\",\"contentUrl\":\"https:\/\/secure.gravatar.com\/avatar\/15642ec35b78fe5eed3cfa8e4a3f3211d73a3df4f35f0566b4324958cba1b1b9?s=96&r=g\",\"caption\":\"Cleiton Pinheiro\"},\"url\":\"https:\/\/cleitonpinheiro.com.br\/site\/author\/cleiton\/\"}]}<\/script>\n<!-- \/ Yoast SEO plugin. -->","yoast_head_json":{"title":"Or\u00e7amento de 2027 reserva R$ 44,8 bilh\u00f5es para emendas impositivas - PORTAL DE NOT\u00cdCIAS CLEITON PINHEIRO","robots":{"index":"index","follow":"follow","max-snippet":"max-snippet:-1","max-image-preview":"max-image-preview:large","max-video-preview":"max-video-preview:-1"},"canonical":"https:\/\/cleitonpinheiro.com.br\/site\/orcamento-de-2027-reserva-r-448-bilhoes-para-emendas-impositivas\/","og_locale":"pt_BR","og_type":"article","og_title":"Or\u00e7amento de 2027 reserva R$ 44,8 bilh\u00f5es para emendas impositivas - PORTAL DE NOT\u00cdCIAS CLEITON PINHEIRO","og_description":"Enviado nesta segunda-feira (31) ao Congresso Nacional, o projeto da Lei Or\u00e7ament\u00e1ria Anual (PLOA) de 2027 reservou R$ 44,8 bilh\u00f5es para emendas parlamentares individuais e de bancada. O valor representa um aumento de R$ 4 bilh\u00f5es em rela\u00e7\u00e3o aos R$ 40,8 bilh\u00f5es previstos inicialmente para as emendas no Or\u00e7amento de 2026.&nbsp;O montante, por\u00e9m, ainda pode [&hellip;]","og_url":"https:\/\/cleitonpinheiro.com.br\/site\/orcamento-de-2027-reserva-r-448-bilhoes-para-emendas-impositivas\/","og_site_name":"PORTAL DE NOT\u00cdCIAS CLEITON PINHEIRO","article_publisher":"https:\/\/www.facebook.com\/portalcpnoticias\/","article_published_time":"2026-09-03T21:29:44+00:00","og_image":[{"width":1170,"height":700,"url":"https:\/\/cleitonpinheiro.com.br\/site\/wp-content\/uploads\/2026\/09\/raf1006_1.jpg","type":"image\/jpeg"}],"author":"Cleiton Pinheiro","twitter_card":"summary_large_image","twitter_misc":{"Escrito por":"Cleiton Pinheiro","Est. tempo de leitura":"7 minutos"},"schema":{"@context":"https:\/\/schema.org","@graph":[{"@type":"Article","@id":"https:\/\/cleitonpinheiro.com.br\/site\/orcamento-de-2027-reserva-r-448-bilhoes-para-emendas-impositivas\/#article","isPartOf":{"@id":"https:\/\/cleitonpinheiro.com.br\/site\/orcamento-de-2027-reserva-r-448-bilhoes-para-emendas-impositivas\/"},"author":{"name":"Cleiton Pinheiro","@id":"https:\/\/cleitonpinheiro.com.br\/site\/#\/schema\/person\/62fd4eb98fcc8bd3fc477aaff264af51"},"headline":"Or\u00e7amento de 2027 reserva R$ 44,8 bilh\u00f5es para emendas impositivas","datePublished":"2026-09-03T21:29:44+00:00","mainEntityOfPage":{"@id":"https:\/\/cleitonpinheiro.com.br\/site\/orcamento-de-2027-reserva-r-448-bilhoes-para-emendas-impositivas\/"},"wordCount":1079,"commentCount":0,"publisher":{"@id":"https:\/\/cleitonpinheiro.com.br\/site\/#organization"},"image":{"@id":"https:\/\/cleitonpinheiro.com.br\/site\/orcamento-de-2027-reserva-r-448-bilhoes-para-emendas-impositivas\/#primaryimage"},"thumbnailUrl":"https:\/\/cleitonpinheiro.com.br\/site\/wp-content\/uploads\/2026\/09\/raf1006_1.jpg","articleSection":["BRASIL \/ MUNDO","MANCHETE SEGUND\u00c1RIA","TODAS NOTICIAS"],"inLanguage":"pt-BR","potentialAction":[{"@type":"CommentAction","name":"Comment","target":["https:\/\/cleitonpinheiro.com.br\/site\/orcamento-de-2027-reserva-r-448-bilhoes-para-emendas-impositivas\/#respond"]}]},{"@type":"WebPage","@id":"https:\/\/cleitonpinheiro.com.br\/site\/orcamento-de-2027-reserva-r-448-bilhoes-para-emendas-impositivas\/","url":"https:\/\/cleitonpinheiro.com.br\/site\/orcamento-de-2027-reserva-r-448-bilhoes-para-emendas-impositivas\/","name":"Or\u00e7amento de 2027 reserva R$ 44,8 bilh\u00f5es para emendas impositivas - PORTAL DE NOT\u00cdCIAS CLEITON PINHEIRO","isPartOf":{"@id":"https:\/\/cleitonpinheiro.com.br\/site\/#website"},"primaryImageOfPage":{"@id":"https:\/\/cleitonpinheiro.com.br\/site\/orcamento-de-2027-reserva-r-448-bilhoes-para-emendas-impositivas\/#primaryimage"},"image":{"@id":"https:\/\/cleitonpinheiro.com.br\/site\/orcamento-de-2027-reserva-r-448-bilhoes-para-emendas-impositivas\/#primaryimage"},"thumbnailUrl":"https:\/\/cleitonpinheiro.com.br\/site\/wp-content\/uploads\/2026\/09\/raf1006_1.jpg","datePublished":"2026-09-03T21:29:44+00:00","breadcrumb":{"@id":"https:\/\/cleitonpinheiro.com.br\/site\/orcamento-de-2027-reserva-r-448-bilhoes-para-emendas-impositivas\/#breadcrumb"},"inLanguage":"pt-BR","potentialAction":[{"@type":"ReadAction","target":["https:\/\/cleitonpinheiro.com.br\/site\/orcamento-de-2027-reserva-r-448-bilhoes-para-emendas-impositivas\/"]}]},{"@type":"ImageObject","inLanguage":"pt-BR","@id":"https:\/\/cleitonpinheiro.com.br\/site\/orcamento-de-2027-reserva-r-448-bilhoes-para-emendas-impositivas\/#primaryimage","url":"https:\/\/cleitonpinheiro.com.br\/site\/wp-content\/uploads\/2026\/09\/raf1006_1.jpg","contentUrl":"https:\/\/cleitonpinheiro.com.br\/site\/wp-content\/uploads\/2026\/09\/raf1006_1.jpg","width":1170,"height":700,"caption":"\u00a9 Rafa Neddermeyer\/Ag\u00eancia Brasil"},{"@type":"BreadcrumbList","@id":"https:\/\/cleitonpinheiro.com.br\/site\/orcamento-de-2027-reserva-r-448-bilhoes-para-emendas-impositivas\/#breadcrumb","itemListElement":[{"@type":"ListItem","position":1,"name":"In\u00edcio","item":"https:\/\/cleitonpinheiro.com.br\/site\/"},{"@type":"ListItem","position":2,"name":"Or\u00e7amento de 2027 reserva R$ 44,8 bilh\u00f5es para emendas impositivas"}]},{"@type":"WebSite","@id":"https:\/\/cleitonpinheiro.com.br\/site\/#website","url":"https:\/\/cleitonpinheiro.com.br\/site\/","name":"PORTAL DE NOT\u00cdCIAS CLEITON PINHEIRO","description":"FALANDO A VERDADE","publisher":{"@id":"https:\/\/cleitonpinheiro.com.br\/site\/#organization"},"potentialAction":[{"@type":"SearchAction","target":{"@type":"EntryPoint","urlTemplate":"https:\/\/cleitonpinheiro.com.br\/site\/?s={search_term_string}"},"query-input":{"@type":"PropertyValueSpecification","valueRequired":true,"valueName":"search_term_string"}}],"inLanguage":"pt-BR"},{"@type":"Organization","@id":"https:\/\/cleitonpinheiro.com.br\/site\/#organization","name":"CPNOT\u00cdCIAS","url":"https:\/\/cleitonpinheiro.com.br\/site\/","logo":{"@type":"ImageObject","inLanguage":"pt-BR","@id":"https:\/\/cleitonpinheiro.com.br\/site\/#\/schema\/logo\/image\/","url":"https:\/\/cleitonpinheiro.com.br\/site\/wp-content\/uploads\/2022\/08\/Logo-pequena-2.png","contentUrl":"https:\/\/cleitonpinheiro.com.br\/site\/wp-content\/uploads\/2022\/08\/Logo-pequena-2.png","width":500,"height":500,"caption":"CPNOT\u00cdCIAS"},"image":{"@id":"https:\/\/cleitonpinheiro.com.br\/site\/#\/schema\/logo\/image\/"},"sameAs":["https:\/\/www.facebook.com\/portalcpnoticias\/"]},{"@type":"Person","@id":"https:\/\/cleitonpinheiro.com.br\/site\/#\/schema\/person\/62fd4eb98fcc8bd3fc477aaff264af51","name":"Cleiton Pinheiro","image":{"@type":"ImageObject","inLanguage":"pt-BR","@id":"https:\/\/cleitonpinheiro.com.br\/site\/#\/schema\/person\/image\/","url":"https:\/\/secure.gravatar.com\/avatar\/15642ec35b78fe5eed3cfa8e4a3f3211d73a3df4f35f0566b4324958cba1b1b9?s=96&r=g","contentUrl":"https:\/\/secure.gravatar.com\/avatar\/15642ec35b78fe5eed3cfa8e4a3f3211d73a3df4f35f0566b4324958cba1b1b9?s=96&r=g","caption":"Cleiton Pinheiro"},"url":"https:\/\/cleitonpinheiro.com.br\/site\/author\/cleiton\/"}]}},"views":32,"_links":{"self":[{"href":"https:\/\/cleitonpinheiro.com.br\/site\/wp-json\/wp\/v2\/posts\/89178","targetHints":{"allow":["GET"]}}],"collection":[{"href":"https:\/\/cleitonpinheiro.com.br\/site\/wp-json\/wp\/v2\/posts"}],"about":[{"href":"https:\/\/cleitonpinheiro.com.br\/site\/wp-json\/wp\/v2\/types\/post"}],"author":[{"embeddable":true,"href":"https:\/\/cleitonpinheiro.com.br\/site\/wp-json\/wp\/v2\/users\/10"}],"replies":[{"embeddable":true,"href":"https:\/\/cleitonpinheiro.com.br\/site\/wp-json\/wp\/v2\/comments?post=89178"}],"version-history":[{"count":1,"href":"https:\/\/cleitonpinheiro.com.br\/site\/wp-json\/wp\/v2\/posts\/89178\/revisions"}],"predecessor-version":[{"id":89179,"href":"https:\/\/cleitonpinheiro.com.br\/site\/wp-json\/wp\/v2\/posts\/89178\/revisions\/89179"}],"wp:featuredmedia":[{"embeddable":true,"href":"https:\/\/cleitonpinheiro.com.br\/site\/wp-json\/wp\/v2\/media\/89170"}],"wp:attachment":[{"href":"https:\/\/cleitonpinheiro.com.br\/site\/wp-json\/wp\/v2\/media?parent=89178"}],"wp:term":[{"taxonomy":"category","embeddable":true,"href":"https:\/\/cleitonpinheiro.com.br\/site\/wp-json\/wp\/v2\/categories?post=89178"},{"taxonomy":"post_tag","embeddable":true,"href":"https:\/\/cleitonpinheiro.com.br\/site\/wp-json\/wp\/v2\/tags?post=89178"}],"curies":[{"name":"wp","href":"https:\/\/api.w.org\/{rel}","templated":true}]}}