{"id":89202,"date":"2026-09-03T16:26:12","date_gmt":"2026-09-03T19:26:12","guid":{"rendered":"https:\/\/cleitonpinheiro.com.br\/site\/?p=89202"},"modified":"2026-09-03T16:26:15","modified_gmt":"2026-09-03T19:26:15","slug":"seu-jorge-abre-programacao-musical-do-festival-gastronomico-de-taquarucu-nesta-quinta-feira-3","status":"publish","type":"post","link":"https:\/\/cleitonpinheiro.com.br\/site\/seu-jorge-abre-programacao-musical-do-festival-gastronomico-de-taquarucu-nesta-quinta-feira-3\/","title":{"rendered":"Seu Jorge abre programa\u00e7\u00e3o musical do Festival Gastron\u00f4mico de Taquaru\u00e7u nesta quinta-feira, 3"},"content":{"rendered":"\n<figure class=\"wp-block-image size-large\"><img fetchpriority=\"high\" decoding=\"async\" width=\"1024\" height=\"884\" src=\"https:\/\/cleitonpinheiro.com.br\/site\/wp-content\/uploads\/2026\/09\/seu_jorge_1-1024x884.jpg\" alt=\"\" class=\"wp-image-89203\" srcset=\"https:\/\/cleitonpinheiro.com.br\/site\/wp-content\/uploads\/2026\/09\/seu_jorge_1-1024x884.jpg 1024w, https:\/\/cleitonpinheiro.com.br\/site\/wp-content\/uploads\/2026\/09\/seu_jorge_1-300x259.jpg 300w, https:\/\/cleitonpinheiro.com.br\/site\/wp-content\/uploads\/2026\/09\/seu_jorge_1-768x663.jpg 768w, https:\/\/cleitonpinheiro.com.br\/site\/wp-content\/uploads\/2026\/09\/seu_jorge_1.jpg 1104w\" sizes=\"(max-width: 1024px) 100vw, 1024px\" \/><\/figure>\n\n\n\n<p class=\"wp-block-paragraph\">Seu Jorge ser\u00e1 a principal atra\u00e7\u00e3o da abertura da 20\u00aa edi\u00e7\u00e3o do Festival Gastron\u00f4mico de Taquaru\u00e7u (<a href=\"https:\/\/fgt.palmas.to.gov.br\/\">FGT<\/a>), nesta quinta-feira, 3. Promovido pela Prefeitura de Palmas, por meio da Secretaria Municipal de Turismo (Setur), o festival acontece at\u00e9 domingo, 6, na Pra\u00e7a Vereador Tarc\u00edsio Machado, em Taquaru\u00e7u. A programa\u00e7\u00e3o come\u00e7a \u00e0s 17 horas, com a abertura do circuito gastron\u00f4mico.<\/p>\n\n\n\n<p class=\"wp-block-paragraph\">No palco principal, quem abre a noite \u00e9 a atra\u00e7\u00e3o regional Vozes de \u00c9bano, \u00e0s 21 horas. Na sequ\u00eancia, Seu Jorge sobe ao palco trazendo para Taquaru\u00e7u um repert\u00f3rio que re\u00fane alguns dos principais sucessos de sua carreira.<\/p>\n\n\n\n<p class=\"wp-block-paragraph\"><br>Ator e cantor fluminense, Seu Jorge iniciou a carreira musical no in\u00edcio da d\u00e9cada de 1990 e ganhou proje\u00e7\u00e3o como integrante do grupo Farofa Carioca, antes de consolidar sua trajet\u00f3ria solo nos anos 2000. Reconhecido tamb\u00e9m internacionalmente, construiu uma carreira marcada pela mistura de samba, soul, funk e outros elementos da m\u00fasica brasileira.<\/p>\n\n\n\n<p class=\"wp-block-paragraph\"><br>Espa\u00e7o importante do FGT \u00e9 o Cozinha Show, onde chefs de cozinha demonstram t\u00e9cnicas em uma cozinha cenogr\u00e1fica montada para atender o p\u00fablico que tem interesse em aprender mais sobre gastronomia. &nbsp;O primeiro a se apresentar \u00e9 Jimmy Ogro, para saber mais detalhes,&nbsp;<a href=\"https:\/\/palmas.to.gov.br\/core\/noticias\/cozinha-show-do-fgt-reune-chefs-de-destaque-nacional-em-taquarucu\/\">clique aqui.<\/a><\/p>\n\n\n\n<p class=\"wp-block-paragraph\"><br><strong>Concurso gastron\u00f4mico<\/strong><\/p>\n\n\n\n<p class=\"wp-block-paragraph\">O p\u00fablico poder\u00e1 conhecer e experimentar os pratos que disputam o Concurso Gastron\u00f4mico do FGT 2026. Nesta edi\u00e7\u00e3o comemorativa, 50 participantes integram a competi\u00e7\u00e3o, distribu\u00eddos entre diferentes categorias.<\/p>\n\n\n\n<p class=\"wp-block-paragraph\"><br>O circuito conta com 32 estandes de alimenta\u00e7\u00e3o, cinco estandes de drinks regionais e oito food trucks, com funcionamento obrigat\u00f3rio das 17 \u00e0s 23 horas. Entre as categorias do concurso est\u00e3o Lanche Salgado, Jantinha, Prato Doce, Alimenta\u00e7\u00e3o Funcional, Food Truck e Drinks Regionais.<\/p>\n\n\n\n<p class=\"wp-block-paragraph\"><br>O festival tamb\u00e9m conta com a Rota Gastron\u00f4mica, formada por estabelecimentos de Taquaru\u00e7u. Diferentemente dos pratos comercializados no circuito montado na pra\u00e7a, as&nbsp;<a href=\"https:\/\/palmas.to.gov.br\/core\/noticias\/pratos-inscritos-na-rota-gastronomica-do-fgt-ja-estao-disponiveis-em-estabelecimentos-de-taquarucu\/\">receitas da Rota s\u00e3o servidas nos pr\u00f3prios restaurantes participantes&nbsp;<\/a>e permanecer\u00e3o nos card\u00e1pios durante todo o ano.<\/p>\n\n\n\n<p class=\"wp-block-paragraph\"><br><strong>Premia\u00e7\u00e3o<\/strong><\/p>\n\n\n\n<p class=\"wp-block-paragraph\">Ao todo, ser\u00e3o distribu\u00eddos R$ 156 mil em premia\u00e7\u00f5es aos vencedores do concurso. Durante os quatro dias do FGT, o p\u00fablico tamb\u00e9m poder\u00e1 participar da vota\u00e7\u00e3o popular, escolhendo seu prato preferido. Para votar, o p\u00fablico dever\u00e1 ler o QR Code do prato e escolher o seu preferido de cada categoria. &nbsp;Os vencedores ser\u00e3o conhecidos no domingo, 6, \u00e0s 20h30, durante a cerim\u00f4nia de premia\u00e7\u00e3o no Cozinha Show.<\/p>\n\n\n\n<p class=\"wp-block-paragraph\"><strong>Programa\u00e7\u00e3o desta quinta-feira, 3<\/strong><\/p>\n\n\n\n<p class=\"wp-block-paragraph\"><strong>Circuito gastron\u00f4mico<\/strong><br>17h \u2013 Abertura dos estandes<\/p>\n\n\n\n<p class=\"wp-block-paragraph\"><strong>Cozinha Show<\/strong><br>18h30 \u2013 Encontro de Gigantes<br>19h30 \u2013 Chef Jimmy Ogro<\/p>\n\n\n\n<p class=\"wp-block-paragraph\"><strong>Palco principal<\/strong><br>21h \u2013 Vozes de \u00c9bano<br>23h \u2013 Seu Jorge&nbsp;<\/p>\n\n\n\n<p class=\"wp-block-paragraph\">Texto: Josiane Mendes\/Prefeitura de Palmas<\/p>\n","protected":false},"excerpt":{"rendered":"<p>Seu Jorge ser\u00e1 a principal atra\u00e7\u00e3o da abertura da 20\u00aa edi\u00e7\u00e3o do Festival Gastron\u00f4mico de Taquaru\u00e7u (FGT), nesta quinta-feira, 3. Promovido pela Prefeitura de Palmas, por meio da Secretaria Municipal de Turismo (Setur), o festival acontece at\u00e9 domingo, 6, na Pra\u00e7a Vereador Tarc\u00edsio Machado, em Taquaru\u00e7u. A programa\u00e7\u00e3o come\u00e7a \u00e0s 17 horas, com a abertura [&hellip;]<\/p>\n","protected":false},"author":10,"featured_media":89203,"comment_status":"open","ping_status":"open","sticky":false,"template":"","format":"standard","meta":{"_acf_changed":false,"footnotes":""},"categories":[22,897,21],"tags":[],"class_list":["post-89202","post","type-post","status-publish","format-standard","has-post-thumbnail","hentry","category-cidades","category-correlatas","category-todas-noticias"],"acf":[],"yoast_head":"<!-- This site is optimized with the Yoast SEO plugin v24.4 - https:\/\/yoast.com\/wordpress\/plugins\/seo\/ -->\n<title>Seu Jorge abre programa\u00e7\u00e3o musical do Festival Gastron\u00f4mico de Taquaru\u00e7u nesta quinta-feira, 3 - PORTAL DE NOT\u00cdCIAS CLEITON PINHEIRO<\/title>\n<meta name=\"robots\" content=\"index, follow, max-snippet:-1, max-image-preview:large, max-video-preview:-1\" \/>\n<link rel=\"canonical\" href=\"https:\/\/cleitonpinheiro.com.br\/site\/seu-jorge-abre-programacao-musical-do-festival-gastronomico-de-taquarucu-nesta-quinta-feira-3\/\" \/>\n<meta property=\"og:locale\" content=\"pt_BR\" \/>\n<meta property=\"og:type\" content=\"article\" \/>\n<meta property=\"og:title\" content=\"Seu Jorge abre programa\u00e7\u00e3o musical do Festival Gastron\u00f4mico de Taquaru\u00e7u nesta quinta-feira, 3 - PORTAL DE NOT\u00cdCIAS CLEITON PINHEIRO\" \/>\n<meta property=\"og:description\" content=\"Seu Jorge ser\u00e1 a principal atra\u00e7\u00e3o da abertura da 20\u00aa edi\u00e7\u00e3o do Festival Gastron\u00f4mico de Taquaru\u00e7u (FGT), nesta quinta-feira, 3. Promovido pela Prefeitura de Palmas, por meio da Secretaria Municipal de Turismo (Setur), o festival acontece at\u00e9 domingo, 6, na Pra\u00e7a Vereador Tarc\u00edsio Machado, em Taquaru\u00e7u. A programa\u00e7\u00e3o come\u00e7a \u00e0s 17 horas, com a abertura [&hellip;]\" \/>\n<meta property=\"og:url\" content=\"https:\/\/cleitonpinheiro.com.br\/site\/seu-jorge-abre-programacao-musical-do-festival-gastronomico-de-taquarucu-nesta-quinta-feira-3\/\" \/>\n<meta property=\"og:site_name\" content=\"PORTAL DE NOT\u00cdCIAS CLEITON PINHEIRO\" \/>\n<meta property=\"article:publisher\" content=\"https:\/\/www.facebook.com\/portalcpnoticias\/\" \/>\n<meta property=\"article:published_time\" content=\"2026-09-03T19:26:12+00:00\" \/>\n<meta property=\"article:modified_time\" content=\"2026-09-03T19:26:15+00:00\" \/>\n<meta property=\"og:image\" content=\"https:\/\/cleitonpinheiro.com.br\/site\/wp-content\/uploads\/2026\/09\/seu_jorge_1.jpg\" \/>\n\t<meta property=\"og:image:width\" content=\"1104\" \/>\n\t<meta property=\"og:image:height\" content=\"953\" \/>\n\t<meta property=\"og:image:type\" content=\"image\/jpeg\" \/>\n<meta name=\"author\" content=\"Cleiton Pinheiro\" \/>\n<meta name=\"twitter:card\" content=\"summary_large_image\" \/>\n<meta name=\"twitter:label1\" content=\"Escrito por\" \/>\n\t<meta name=\"twitter:data1\" content=\"Cleiton Pinheiro\" \/>\n\t<meta name=\"twitter:label2\" content=\"Est. tempo de leitura\" \/>\n\t<meta name=\"twitter:data2\" content=\"3 minutos\" \/>\n<script type=\"application\/ld+json\" class=\"yoast-schema-graph\">{\"@context\":\"https:\/\/schema.org\",\"@graph\":[{\"@type\":\"Article\",\"@id\":\"https:\/\/cleitonpinheiro.com.br\/site\/seu-jorge-abre-programacao-musical-do-festival-gastronomico-de-taquarucu-nesta-quinta-feira-3\/#article\",\"isPartOf\":{\"@id\":\"https:\/\/cleitonpinheiro.com.br\/site\/seu-jorge-abre-programacao-musical-do-festival-gastronomico-de-taquarucu-nesta-quinta-feira-3\/\"},\"author\":{\"name\":\"Cleiton Pinheiro\",\"@id\":\"https:\/\/cleitonpinheiro.com.br\/site\/#\/schema\/person\/62fd4eb98fcc8bd3fc477aaff264af51\"},\"headline\":\"Seu Jorge abre programa\u00e7\u00e3o musical do Festival Gastron\u00f4mico de Taquaru\u00e7u nesta quinta-feira, 3\",\"datePublished\":\"2026-09-03T19:26:12+00:00\",\"dateModified\":\"2026-09-03T19:26:15+00:00\",\"mainEntityOfPage\":{\"@id\":\"https:\/\/cleitonpinheiro.com.br\/site\/seu-jorge-abre-programacao-musical-do-festival-gastronomico-de-taquarucu-nesta-quinta-feira-3\/\"},\"wordCount\":469,\"commentCount\":0,\"publisher\":{\"@id\":\"https:\/\/cleitonpinheiro.com.br\/site\/#organization\"},\"image\":{\"@id\":\"https:\/\/cleitonpinheiro.com.br\/site\/seu-jorge-abre-programacao-musical-do-festival-gastronomico-de-taquarucu-nesta-quinta-feira-3\/#primaryimage\"},\"thumbnailUrl\":\"https:\/\/cleitonpinheiro.com.br\/site\/wp-content\/uploads\/2026\/09\/seu_jorge_1.jpg\",\"articleSection\":[\"CIDADES\",\"CORRELATAS\",\"TODAS NOTICIAS\"],\"inLanguage\":\"pt-BR\",\"potentialAction\":[{\"@type\":\"CommentAction\",\"name\":\"Comment\",\"target\":[\"https:\/\/cleitonpinheiro.com.br\/site\/seu-jorge-abre-programacao-musical-do-festival-gastronomico-de-taquarucu-nesta-quinta-feira-3\/#respond\"]}]},{\"@type\":\"WebPage\",\"@id\":\"https:\/\/cleitonpinheiro.com.br\/site\/seu-jorge-abre-programacao-musical-do-festival-gastronomico-de-taquarucu-nesta-quinta-feira-3\/\",\"url\":\"https:\/\/cleitonpinheiro.com.br\/site\/seu-jorge-abre-programacao-musical-do-festival-gastronomico-de-taquarucu-nesta-quinta-feira-3\/\",\"name\":\"Seu Jorge abre programa\u00e7\u00e3o musical do Festival Gastron\u00f4mico de Taquaru\u00e7u nesta quinta-feira, 3 - PORTAL DE NOT\u00cdCIAS CLEITON PINHEIRO\",\"isPartOf\":{\"@id\":\"https:\/\/cleitonpinheiro.com.br\/site\/#website\"},\"primaryImageOfPage\":{\"@id\":\"https:\/\/cleitonpinheiro.com.br\/site\/seu-jorge-abre-programacao-musical-do-festival-gastronomico-de-taquarucu-nesta-quinta-feira-3\/#primaryimage\"},\"image\":{\"@id\":\"https:\/\/cleitonpinheiro.com.br\/site\/seu-jorge-abre-programacao-musical-do-festival-gastronomico-de-taquarucu-nesta-quinta-feira-3\/#primaryimage\"},\"thumbnailUrl\":\"https:\/\/cleitonpinheiro.com.br\/site\/wp-content\/uploads\/2026\/09\/seu_jorge_1.jpg\",\"datePublished\":\"2026-09-03T19:26:12+00:00\",\"dateModified\":\"2026-09-03T19:26:15+00:00\",\"breadcrumb\":{\"@id\":\"https:\/\/cleitonpinheiro.com.br\/site\/seu-jorge-abre-programacao-musical-do-festival-gastronomico-de-taquarucu-nesta-quinta-feira-3\/#breadcrumb\"},\"inLanguage\":\"pt-BR\",\"potentialAction\":[{\"@type\":\"ReadAction\",\"target\":[\"https:\/\/cleitonpinheiro.com.br\/site\/seu-jorge-abre-programacao-musical-do-festival-gastronomico-de-taquarucu-nesta-quinta-feira-3\/\"]}]},{\"@type\":\"ImageObject\",\"inLanguage\":\"pt-BR\",\"@id\":\"https:\/\/cleitonpinheiro.com.br\/site\/seu-jorge-abre-programacao-musical-do-festival-gastronomico-de-taquarucu-nesta-quinta-feira-3\/#primaryimage\",\"url\":\"https:\/\/cleitonpinheiro.com.br\/site\/wp-content\/uploads\/2026\/09\/seu_jorge_1.jpg\",\"contentUrl\":\"https:\/\/cleitonpinheiro.com.br\/site\/wp-content\/uploads\/2026\/09\/seu_jorge_1.jpg\",\"width\":1104,\"height\":953},{\"@type\":\"BreadcrumbList\",\"@id\":\"https:\/\/cleitonpinheiro.com.br\/site\/seu-jorge-abre-programacao-musical-do-festival-gastronomico-de-taquarucu-nesta-quinta-feira-3\/#breadcrumb\",\"itemListElement\":[{\"@type\":\"ListItem\",\"position\":1,\"name\":\"In\u00edcio\",\"item\":\"https:\/\/cleitonpinheiro.com.br\/site\/\"},{\"@type\":\"ListItem\",\"position\":2,\"name\":\"Seu Jorge abre programa\u00e7\u00e3o musical do Festival Gastron\u00f4mico de Taquaru\u00e7u nesta quinta-feira, 3\"}]},{\"@type\":\"WebSite\",\"@id\":\"https:\/\/cleitonpinheiro.com.br\/site\/#website\",\"url\":\"https:\/\/cleitonpinheiro.com.br\/site\/\",\"name\":\"PORTAL DE NOT\u00cdCIAS CLEITON PINHEIRO\",\"description\":\"FALANDO A VERDADE\",\"publisher\":{\"@id\":\"https:\/\/cleitonpinheiro.com.br\/site\/#organization\"},\"potentialAction\":[{\"@type\":\"SearchAction\",\"target\":{\"@type\":\"EntryPoint\",\"urlTemplate\":\"https:\/\/cleitonpinheiro.com.br\/site\/?s={search_term_string}\"},\"query-input\":{\"@type\":\"PropertyValueSpecification\",\"valueRequired\":true,\"valueName\":\"search_term_string\"}}],\"inLanguage\":\"pt-BR\"},{\"@type\":\"Organization\",\"@id\":\"https:\/\/cleitonpinheiro.com.br\/site\/#organization\",\"name\":\"CPNOT\u00cdCIAS\",\"url\":\"https:\/\/cleitonpinheiro.com.br\/site\/\",\"logo\":{\"@type\":\"ImageObject\",\"inLanguage\":\"pt-BR\",\"@id\":\"https:\/\/cleitonpinheiro.com.br\/site\/#\/schema\/logo\/image\/\",\"url\":\"https:\/\/cleitonpinheiro.com.br\/site\/wp-content\/uploads\/2022\/08\/Logo-pequena-2.png\",\"contentUrl\":\"https:\/\/cleitonpinheiro.com.br\/site\/wp-content\/uploads\/2022\/08\/Logo-pequena-2.png\",\"width\":500,\"height\":500,\"caption\":\"CPNOT\u00cdCIAS\"},\"image\":{\"@id\":\"https:\/\/cleitonpinheiro.com.br\/site\/#\/schema\/logo\/image\/\"},\"sameAs\":[\"https:\/\/www.facebook.com\/portalcpnoticias\/\"]},{\"@type\":\"Person\",\"@id\":\"https:\/\/cleitonpinheiro.com.br\/site\/#\/schema\/person\/62fd4eb98fcc8bd3fc477aaff264af51\",\"name\":\"Cleiton Pinheiro\",\"image\":{\"@type\":\"ImageObject\",\"inLanguage\":\"pt-BR\",\"@id\":\"https:\/\/cleitonpinheiro.com.br\/site\/#\/schema\/person\/image\/\",\"url\":\"https:\/\/secure.gravatar.com\/avatar\/15642ec35b78fe5eed3cfa8e4a3f3211d73a3df4f35f0566b4324958cba1b1b9?s=96&r=g\",\"contentUrl\":\"https:\/\/secure.gravatar.com\/avatar\/15642ec35b78fe5eed3cfa8e4a3f3211d73a3df4f35f0566b4324958cba1b1b9?s=96&r=g\",\"caption\":\"Cleiton Pinheiro\"},\"url\":\"https:\/\/cleitonpinheiro.com.br\/site\/author\/cleiton\/\"}]}<\/script>\n<!-- \/ Yoast SEO plugin. -->","yoast_head_json":{"title":"Seu Jorge abre programa\u00e7\u00e3o musical do Festival Gastron\u00f4mico de Taquaru\u00e7u nesta quinta-feira, 3 - PORTAL DE NOT\u00cdCIAS CLEITON PINHEIRO","robots":{"index":"index","follow":"follow","max-snippet":"max-snippet:-1","max-image-preview":"max-image-preview:large","max-video-preview":"max-video-preview:-1"},"canonical":"https:\/\/cleitonpinheiro.com.br\/site\/seu-jorge-abre-programacao-musical-do-festival-gastronomico-de-taquarucu-nesta-quinta-feira-3\/","og_locale":"pt_BR","og_type":"article","og_title":"Seu Jorge abre programa\u00e7\u00e3o musical do Festival Gastron\u00f4mico de Taquaru\u00e7u nesta quinta-feira, 3 - PORTAL DE NOT\u00cdCIAS CLEITON PINHEIRO","og_description":"Seu Jorge ser\u00e1 a principal atra\u00e7\u00e3o da abertura da 20\u00aa edi\u00e7\u00e3o do Festival Gastron\u00f4mico de Taquaru\u00e7u (FGT), nesta quinta-feira, 3. Promovido pela Prefeitura de Palmas, por meio da Secretaria Municipal de Turismo (Setur), o festival acontece at\u00e9 domingo, 6, na Pra\u00e7a Vereador Tarc\u00edsio Machado, em Taquaru\u00e7u. A programa\u00e7\u00e3o come\u00e7a \u00e0s 17 horas, com a abertura [&hellip;]","og_url":"https:\/\/cleitonpinheiro.com.br\/site\/seu-jorge-abre-programacao-musical-do-festival-gastronomico-de-taquarucu-nesta-quinta-feira-3\/","og_site_name":"PORTAL DE NOT\u00cdCIAS CLEITON PINHEIRO","article_publisher":"https:\/\/www.facebook.com\/portalcpnoticias\/","article_published_time":"2026-09-03T19:26:12+00:00","article_modified_time":"2026-09-03T19:26:15+00:00","og_image":[{"width":1104,"height":953,"url":"https:\/\/cleitonpinheiro.com.br\/site\/wp-content\/uploads\/2026\/09\/seu_jorge_1.jpg","type":"image\/jpeg"}],"author":"Cleiton Pinheiro","twitter_card":"summary_large_image","twitter_misc":{"Escrito por":"Cleiton Pinheiro","Est. tempo de leitura":"3 minutos"},"schema":{"@context":"https:\/\/schema.org","@graph":[{"@type":"Article","@id":"https:\/\/cleitonpinheiro.com.br\/site\/seu-jorge-abre-programacao-musical-do-festival-gastronomico-de-taquarucu-nesta-quinta-feira-3\/#article","isPartOf":{"@id":"https:\/\/cleitonpinheiro.com.br\/site\/seu-jorge-abre-programacao-musical-do-festival-gastronomico-de-taquarucu-nesta-quinta-feira-3\/"},"author":{"name":"Cleiton Pinheiro","@id":"https:\/\/cleitonpinheiro.com.br\/site\/#\/schema\/person\/62fd4eb98fcc8bd3fc477aaff264af51"},"headline":"Seu Jorge abre programa\u00e7\u00e3o musical do Festival Gastron\u00f4mico de Taquaru\u00e7u nesta quinta-feira, 3","datePublished":"2026-09-03T19:26:12+00:00","dateModified":"2026-09-03T19:26:15+00:00","mainEntityOfPage":{"@id":"https:\/\/cleitonpinheiro.com.br\/site\/seu-jorge-abre-programacao-musical-do-festival-gastronomico-de-taquarucu-nesta-quinta-feira-3\/"},"wordCount":469,"commentCount":0,"publisher":{"@id":"https:\/\/cleitonpinheiro.com.br\/site\/#organization"},"image":{"@id":"https:\/\/cleitonpinheiro.com.br\/site\/seu-jorge-abre-programacao-musical-do-festival-gastronomico-de-taquarucu-nesta-quinta-feira-3\/#primaryimage"},"thumbnailUrl":"https:\/\/cleitonpinheiro.com.br\/site\/wp-content\/uploads\/2026\/09\/seu_jorge_1.jpg","articleSection":["CIDADES","CORRELATAS","TODAS NOTICIAS"],"inLanguage":"pt-BR","potentialAction":[{"@type":"CommentAction","name":"Comment","target":["https:\/\/cleitonpinheiro.com.br\/site\/seu-jorge-abre-programacao-musical-do-festival-gastronomico-de-taquarucu-nesta-quinta-feira-3\/#respond"]}]},{"@type":"WebPage","@id":"https:\/\/cleitonpinheiro.com.br\/site\/seu-jorge-abre-programacao-musical-do-festival-gastronomico-de-taquarucu-nesta-quinta-feira-3\/","url":"https:\/\/cleitonpinheiro.com.br\/site\/seu-jorge-abre-programacao-musical-do-festival-gastronomico-de-taquarucu-nesta-quinta-feira-3\/","name":"Seu Jorge abre programa\u00e7\u00e3o musical do Festival Gastron\u00f4mico de Taquaru\u00e7u nesta quinta-feira, 3 - PORTAL DE NOT\u00cdCIAS CLEITON PINHEIRO","isPartOf":{"@id":"https:\/\/cleitonpinheiro.com.br\/site\/#website"},"primaryImageOfPage":{"@id":"https:\/\/cleitonpinheiro.com.br\/site\/seu-jorge-abre-programacao-musical-do-festival-gastronomico-de-taquarucu-nesta-quinta-feira-3\/#primaryimage"},"image":{"@id":"https:\/\/cleitonpinheiro.com.br\/site\/seu-jorge-abre-programacao-musical-do-festival-gastronomico-de-taquarucu-nesta-quinta-feira-3\/#primaryimage"},"thumbnailUrl":"https:\/\/cleitonpinheiro.com.br\/site\/wp-content\/uploads\/2026\/09\/seu_jorge_1.jpg","datePublished":"2026-09-03T19:26:12+00:00","dateModified":"2026-09-03T19:26:15+00:00","breadcrumb":{"@id":"https:\/\/cleitonpinheiro.com.br\/site\/seu-jorge-abre-programacao-musical-do-festival-gastronomico-de-taquarucu-nesta-quinta-feira-3\/#breadcrumb"},"inLanguage":"pt-BR","potentialAction":[{"@type":"ReadAction","target":["https:\/\/cleitonpinheiro.com.br\/site\/seu-jorge-abre-programacao-musical-do-festival-gastronomico-de-taquarucu-nesta-quinta-feira-3\/"]}]},{"@type":"ImageObject","inLanguage":"pt-BR","@id":"https:\/\/cleitonpinheiro.com.br\/site\/seu-jorge-abre-programacao-musical-do-festival-gastronomico-de-taquarucu-nesta-quinta-feira-3\/#primaryimage","url":"https:\/\/cleitonpinheiro.com.br\/site\/wp-content\/uploads\/2026\/09\/seu_jorge_1.jpg","contentUrl":"https:\/\/cleitonpinheiro.com.br\/site\/wp-content\/uploads\/2026\/09\/seu_jorge_1.jpg","width":1104,"height":953},{"@type":"BreadcrumbList","@id":"https:\/\/cleitonpinheiro.com.br\/site\/seu-jorge-abre-programacao-musical-do-festival-gastronomico-de-taquarucu-nesta-quinta-feira-3\/#breadcrumb","itemListElement":[{"@type":"ListItem","position":1,"name":"In\u00edcio","item":"https:\/\/cleitonpinheiro.com.br\/site\/"},{"@type":"ListItem","position":2,"name":"Seu Jorge abre programa\u00e7\u00e3o musical do Festival Gastron\u00f4mico de Taquaru\u00e7u nesta quinta-feira, 3"}]},{"@type":"WebSite","@id":"https:\/\/cleitonpinheiro.com.br\/site\/#website","url":"https:\/\/cleitonpinheiro.com.br\/site\/","name":"PORTAL DE NOT\u00cdCIAS CLEITON PINHEIRO","description":"FALANDO A VERDADE","publisher":{"@id":"https:\/\/cleitonpinheiro.com.br\/site\/#organization"},"potentialAction":[{"@type":"SearchAction","target":{"@type":"EntryPoint","urlTemplate":"https:\/\/cleitonpinheiro.com.br\/site\/?s={search_term_string}"},"query-input":{"@type":"PropertyValueSpecification","valueRequired":true,"valueName":"search_term_string"}}],"inLanguage":"pt-BR"},{"@type":"Organization","@id":"https:\/\/cleitonpinheiro.com.br\/site\/#organization","name":"CPNOT\u00cdCIAS","url":"https:\/\/cleitonpinheiro.com.br\/site\/","logo":{"@type":"ImageObject","inLanguage":"pt-BR","@id":"https:\/\/cleitonpinheiro.com.br\/site\/#\/schema\/logo\/image\/","url":"https:\/\/cleitonpinheiro.com.br\/site\/wp-content\/uploads\/2022\/08\/Logo-pequena-2.png","contentUrl":"https:\/\/cleitonpinheiro.com.br\/site\/wp-content\/uploads\/2022\/08\/Logo-pequena-2.png","width":500,"height":500,"caption":"CPNOT\u00cdCIAS"},"image":{"@id":"https:\/\/cleitonpinheiro.com.br\/site\/#\/schema\/logo\/image\/"},"sameAs":["https:\/\/www.facebook.com\/portalcpnoticias\/"]},{"@type":"Person","@id":"https:\/\/cleitonpinheiro.com.br\/site\/#\/schema\/person\/62fd4eb98fcc8bd3fc477aaff264af51","name":"Cleiton Pinheiro","image":{"@type":"ImageObject","inLanguage":"pt-BR","@id":"https:\/\/cleitonpinheiro.com.br\/site\/#\/schema\/person\/image\/","url":"https:\/\/secure.gravatar.com\/avatar\/15642ec35b78fe5eed3cfa8e4a3f3211d73a3df4f35f0566b4324958cba1b1b9?s=96&r=g","contentUrl":"https:\/\/secure.gravatar.com\/avatar\/15642ec35b78fe5eed3cfa8e4a3f3211d73a3df4f35f0566b4324958cba1b1b9?s=96&r=g","caption":"Cleiton Pinheiro"},"url":"https:\/\/cleitonpinheiro.com.br\/site\/author\/cleiton\/"}]}},"views":28,"_links":{"self":[{"href":"https:\/\/cleitonpinheiro.com.br\/site\/wp-json\/wp\/v2\/posts\/89202","targetHints":{"allow":["GET"]}}],"collection":[{"href":"https:\/\/cleitonpinheiro.com.br\/site\/wp-json\/wp\/v2\/posts"}],"about":[{"href":"https:\/\/cleitonpinheiro.com.br\/site\/wp-json\/wp\/v2\/types\/post"}],"author":[{"embeddable":true,"href":"https:\/\/cleitonpinheiro.com.br\/site\/wp-json\/wp\/v2\/users\/10"}],"replies":[{"embeddable":true,"href":"https:\/\/cleitonpinheiro.com.br\/site\/wp-json\/wp\/v2\/comments?post=89202"}],"version-history":[{"count":1,"href":"https:\/\/cleitonpinheiro.com.br\/site\/wp-json\/wp\/v2\/posts\/89202\/revisions"}],"predecessor-version":[{"id":89204,"href":"https:\/\/cleitonpinheiro.com.br\/site\/wp-json\/wp\/v2\/posts\/89202\/revisions\/89204"}],"wp:featuredmedia":[{"embeddable":true,"href":"https:\/\/cleitonpinheiro.com.br\/site\/wp-json\/wp\/v2\/media\/89203"}],"wp:attachment":[{"href":"https:\/\/cleitonpinheiro.com.br\/site\/wp-json\/wp\/v2\/media?parent=89202"}],"wp:term":[{"taxonomy":"category","embeddable":true,"href":"https:\/\/cleitonpinheiro.com.br\/site\/wp-json\/wp\/v2\/categories?post=89202"},{"taxonomy":"post_tag","embeddable":true,"href":"https:\/\/cleitonpinheiro.com.br\/site\/wp-json\/wp\/v2\/tags?post=89202"}],"curies":[{"name":"wp","href":"https:\/\/api.w.org\/{rel}","templated":true}]}}